{"id":1884,"date":"2026-05-06T14:07:16","date_gmt":"2026-05-06T12:07:16","guid":{"rendered":"https:\/\/wiki.s12.at\/index.php\/2026\/05\/06\/3-runde-saison-2015-16-admira-wacker-moedling-gegen-fc-red-bull-salzburg\/"},"modified":"2026-05-06T14:07:16","modified_gmt":"2026-05-06T12:07:16","slug":"3-runde-saison-2015-16-admira-wacker-moedling-gegen-fc-red-bull-salzburg","status":"publish","type":"post","link":"https:\/\/wiki.s12.at\/index.php\/2026\/05\/06\/3-runde-saison-2015-16-admira-wacker-moedling-gegen-fc-red-bull-salzburg\/","title":{"rendered":"16 Admira Wacker M\u00f6dling gegen FC Red Bull Salzburg"},"content":{"rendered":"<div class=\"mw-parser-output\">\n<h2><span class=\"mw-headline\" id=\"Fakten\">Fakten<\/span><a href=\"\/index.php?title=3._Runde,_Saison_2015\/16_Admira_Wacker_M%C3%B6dling_gegen_FC_Red_Bull_Salzburg&amp;action=edit&amp;section=1\" title=\"Abschnitt bearbeiten: Fakten\">Bearbeiten<\/a><span class=\"mw-editsection-bracket\">]<\/span><\/span><\/h2>\n<table class=\"toptextcells toccolours\">\n<tbody>\n<tr>\n<th colspan=\"2\" style=\"text-align: center; vertical-align: top; padding: 0.3em 0.8em; font-size: 125%; background-color: lightsteelblue;\">Admira Wacker M\u00f6dling gegen FC Red Bull Salzburg, 2:2\n<\/th>\n<\/tr>\n<tr>\n<th style=\"text-align:left;\"><b>Spieltag<\/b>\n<\/th>\n<th style=\"text-align:left;\">Bundesliga &#8211; 3. Spieltag\n<\/th>\n<\/tr>\n<tr>\n<th style=\"text-align:left;\"><b>Datum<\/b>\n<\/th>\n<th style=\"text-align:left;\">8. August 2015\n<\/th>\n<\/tr>\n<tr>\n<th style=\"text-align:left;\"><b>Anpfiff<\/b>\n<\/th>\n<th style=\"text-align:left;\">18.30 Uhr\n<\/th>\n<\/tr>\n<tr>\n<td colspan=\"2\" style=\"text-align:center;\" bgcolor=\"lightgray\"><b>Aufstellung<\/b>\n<\/td>\n<\/tr>\n<tr>\n<th style=\"text-align:left;\"><b>Tor<\/b>\n<\/th>\n<th><a href=\"\/Cican_Stankovic\" title=\"Cican Stankovic\">Cican Stankovic<\/a>\n<\/th>\n<\/tr>\n<tr>\n<th style=\"text-align:left;\"><b>Verteidigung<\/b>\n<\/th>\n<th><a href=\"\/Stefan_Lainer\" title=\"Stefan Lainer\">Stefan Lainer<\/a> &#8211; <a href=\"\/Martin_Hinteregger\" title=\"Martin Hinteregger\">Martin Hinteregger<\/a> &#8211; <a href=\"\/Duje_Caleta-Car\" title=\"Duje Caleta-Car\">Duje Caleta-Car<\/a> &#8211; <a href=\"\/Andreas_Ulmer\" title=\"Andreas Ulmer\">Andreas Ulmer<\/a>\n<\/th>\n<\/tr>\n<tr>\n<th style=\"text-align:left;\"><b>Mittelfeld<\/b>\n<\/th>\n<th><a href=\"\/Felipe_Pires\" title=\"Felipe Pires\">Felipe Pires<\/a> &#8211; <a href=\"\/Valon_Berisha\" title=\"Valon Berisha\">Valon Berisha<\/a> &#8211; <a href=\"\/Christoph_Leitgeb\" title=\"Christoph Leitgeb\">Christoph Leitgeb<\/a> &#8211; <a href=\"\/Naby_Keita\" title=\"Naby Keita\">Naby Keita<\/a>\n<\/th>\n<\/tr>\n<tr>\n<th style=\"text-align:left;\"><b>Sturm<\/b>\n<\/th>\n<th><a href=\"\/Omer_Damari\" title=\"Omer Damari\">Omer Damari<\/a> &#8211; <a href=\"\/Yordy_Reyna\" title=\"Yordy Reyna\">Yordy Reyna<\/a>\n<\/th>\n<\/tr>\n<tr>\n<td colspan=\"2\" style=\"text-align:center;\" bgcolor=\"lightgray\"><b>Wechsel<\/b>\n<\/td>\n<\/tr>\n<tr>\n<th style=\"text-align:left;\"><b>Wechsel<\/b>\n<\/th>\n<th style=\"text-align:left;\"><a href=\"\/Marco_Djuricin\" title=\"Marco Djuricin\">Marco Djuricin<\/a> f\u00fcr Damari (61.), <a href=\"\/Dimitri_Oberlin\" title=\"Dimitri Oberlin\">Dimitri Oberlin<\/a> f\u00fcr Reyna (74.), <a href=\"\/Konrad_Laimer\" title=\"Konrad Laimer\">Konrad Laimer<\/a> f\u00fcr Berisha (74.)\n<\/th>\n<\/tr>\n<tr>\n<td colspan=\"2\" style=\"text-align:center;\" bgcolor=\"lightgray\"><b>Statistik<\/b>\n<\/td>\n<\/tr>\n<tr>\n<th style=\"text-align:left;\"><b>Endstand<\/b>\n<\/th>\n<th style=\"text-align:left;\">2:2 (2:2)\n<\/th>\n<\/tr>\n<tr>\n<th style=\"text-align:left;\"><b>Torsch\u00fctzen<\/b>\n<\/th>\n<th style=\"text-align:left;\">Starkl (17.), Lackner (32.); Reyna (7.), Keita (34.)\n<\/th>\n<\/tr>\n<tr>\n<th style=\"text-align:left;\"><b>Gelbe Karten<\/b>\n<\/th>\n<th style=\"text-align:left;\">Starkl (60.), Ebner (75.), Wessely (94.)\n<\/th>\n<\/tr>\n<tr>\n<th style=\"text-align:left;\"><b>Rote Karten<\/b>\n<\/th>\n<th style=\"text-align:left;\">\n<\/th>\n<\/tr>\n<tr>\n<th style=\"text-align:left;\"><b>Schiedsrichter<\/b>\n<\/th>\n<th style=\"text-align:left;\">Andreas Hei\u00df\n<\/th>\n<\/tr>\n<tr>\n<th style=\"text-align:left;\"><b>Stadion<\/b>\n<\/th>\n<th style=\"text-align:left;\">Bundesstadion S\u00fcdstadt, M\u00f6dling\n<\/th>\n<\/tr>\n<tr>\n<th style=\"text-align:left;\"><b>Zuschauer<\/b>\n<\/th>\n<th style=\"text-align:left;\">2 900\n<\/th>\n<\/tr>\n<\/tbody>\n<\/table>\n<p>\n<\/p>\n<h2><span class=\"mw-headline\" id=\"Bilder\">Bilder<\/span><a href=\"\/index.php?title=3._Runde,_Saison_2015\/16_Admira_Wacker_M%C3%B6dling_gegen_FC_Red_Bull_Salzburg&amp;action=edit&amp;section=2\" title=\"Abschnitt bearbeiten: Bilder\">Bearbeiten<\/a><span class=\"mw-editsection-bracket\">]<\/span><\/span><\/h2>\n<ul>\n<li>(c)GEPA<\/li>\n<\/ul>\n<ul class=\"gallery mw-gallery-traditional\">\n<li class=\"gallerybox\" style=\"width: 155px\">\n<div style=\"width: 155px\">\n<div class=\"thumb\" style=\"width: 150px;\">\n<div style=\"margin:27.5px auto;\"><a href=\"\/Datei:Gepa_Admira_(2).jpg\" class=\"image\"><img alt=\"Gepa Admira (2).jpg\" src=\"\/images\/thumb\/c\/c6\/Gepa_Admira_%282%29.jpg\/120px-Gepa_Admira_%282%29.jpg\" decoding=\"async\" width=\"120\" height=\"95\" srcset=\"\/images\/thumb\/c\/c6\/Gepa_Admira_%282%29.jpg\/180px-Gepa_Admira_%282%29.jpg 1.5x, \/images\/thumb\/c\/c6\/Gepa_Admira_%282%29.jpg\/240px-Gepa_Admira_%282%29.jpg 2x\" \/><\/a><\/div>\n<\/div>\n<div class=\"gallerytext\">\n\t\t\t<\/div>\n<\/p><\/div>\n<\/li>\n<li class=\"gallerybox\" style=\"width: 155px\">\n<div style=\"width: 155px\">\n<div class=\"thumb\" style=\"width: 150px;\">\n<div style=\"margin:38.5px auto;\"><a href=\"\/Datei:Gepa_Admira_(1).jpg\" class=\"image\"><img alt=\"Gepa Admira (1).jpg\" src=\"\/images\/thumb\/7\/76\/Gepa_Admira_%281%29.jpg\/120px-Gepa_Admira_%281%29.jpg\" decoding=\"async\" width=\"120\" height=\"73\" srcset=\"\/images\/thumb\/7\/76\/Gepa_Admira_%281%29.jpg\/180px-Gepa_Admira_%281%29.jpg 1.5x, \/images\/thumb\/7\/76\/Gepa_Admira_%281%29.jpg\/240px-Gepa_Admira_%281%29.jpg 2x\" \/><\/a><\/div>\n<\/div>\n<div class=\"gallerytext\">\n\t\t\t<\/div>\n<\/p><\/div>\n<\/li>\n<li class=\"gallerybox\" style=\"width: 155px\">\n<div style=\"width: 155px\">\n<div class=\"thumb\" style=\"width: 150px;\">\n<div style=\"margin:40.5px auto;\"><a href=\"\/Datei:Gepa_Admira_(5).jpg\" class=\"image\"><img alt=\"Gepa Admira (5).jpg\" src=\"\/images\/thumb\/b\/bd\/Gepa_Admira_%285%29.jpg\/120px-Gepa_Admira_%285%29.jpg\" decoding=\"async\" width=\"120\" height=\"69\" srcset=\"\/images\/thumb\/b\/bd\/Gepa_Admira_%285%29.jpg\/180px-Gepa_Admira_%285%29.jpg 1.5x, \/images\/thumb\/b\/bd\/Gepa_Admira_%285%29.jpg\/240px-Gepa_Admira_%285%29.jpg 2x\" \/><\/a><\/div>\n<\/div>\n<div class=\"gallerytext\">\n\t\t\t<\/div>\n<\/p><\/div>\n<\/li>\n<li class=\"gallerybox\" style=\"width: 155px\">\n<div style=\"width: 155px\">\n<div class=\"thumb\" style=\"width: 150px;\">\n<div style=\"margin:30px auto;\"><a href=\"\/Datei:Gepa_Admira_(3).jpg\" class=\"image\"><img loading=\"lazy\" alt=\"Gepa Admira (3).jpg\" src=\"\/images\/thumb\/4\/46\/Gepa_Admira_%283%29.jpg\/120px-Gepa_Admira_%283%29.jpg\" decoding=\"async\" width=\"120\" height=\"90\" srcset=\"\/images\/thumb\/4\/46\/Gepa_Admira_%283%29.jpg\/180px-Gepa_Admira_%283%29.jpg 1.5x, \/images\/thumb\/4\/46\/Gepa_Admira_%283%29.jpg\/240px-Gepa_Admira_%283%29.jpg 2x\" \/><\/a><\/div>\n<\/div>\n<div class=\"gallerytext\">\n\t\t\t<\/div>\n<\/p><\/div>\n<\/li>\n<li class=\"gallerybox\" style=\"width: 155px\">\n<div style=\"width: 155px\">\n<div class=\"thumb\" style=\"width: 150px;\">\n<div style=\"margin:29.5px auto;\"><a href=\"\/Datei:Gepa_Admira_(4).jpg\" class=\"image\"><img loading=\"lazy\" alt=\"Gepa Admira (4).jpg\" src=\"\/images\/thumb\/b\/b7\/Gepa_Admira_%284%29.jpg\/120px-Gepa_Admira_%284%29.jpg\" decoding=\"async\" width=\"120\" height=\"91\" srcset=\"\/images\/thumb\/b\/b7\/Gepa_Admira_%284%29.jpg\/180px-Gepa_Admira_%284%29.jpg 1.5x, \/images\/thumb\/b\/b7\/Gepa_Admira_%284%29.jpg\/240px-Gepa_Admira_%284%29.jpg 2x\" \/><\/a><\/div>\n<\/div>\n<div class=\"gallerytext\">\n\t\t\t<\/div>\n<\/p><\/div>\n<\/li>\n<\/ul>\n<p>\n<\/p>\n<h2><span class=\"mw-headline\" id=\"Weblinks\">Weblinks<\/span><a href=\"\/index.php?title=3._Runde,_Saison_2015\/16_Admira_Wacker_M%C3%B6dling_gegen_FC_Red_Bull_Salzburg&amp;action=edit&amp;section=3\" title=\"Abschnitt bearbeiten: Weblinks\">Bearbeiten<\/a><span class=\"mw-editsection-bracket\">]<\/span><\/span><\/h2>\n<ul>\n<li><a rel=\"nofollow\" class=\"external text\" href=\"http:\/\/www.redbullsalzburg.at\/de\/fc-red-bull-salzburg\/news\/saison_2015_16\/die-roten-bullen-mit-remis-gegen-die-admira.html\">Spielbericht Vereinshomepage<\/a><\/li>\n<\/ul>\n<h2><span class=\"mw-headline\" id=\"Stimmen_zum_Spiel\">Stimmen zum Spiel<\/span><a href=\"\/index.php?title=3._Runde,_Saison_2015\/16_Admira_Wacker_M%C3%B6dling_gegen_FC_Red_Bull_Salzburg&amp;action=edit&amp;section=4\" title=\"Abschnitt bearbeiten: Stimmen zum Spiel\">Bearbeiten<\/a><span class=\"mw-editsection-bracket\">]<\/span><\/span><\/h2>\n<p><b>Peter Zeidler:<\/b> Wir haben das Spiel sehr gut begonnen, das 1:0 gemacht, es dann aber verabs\u00e4umt, diszipliniert nachzusetzen. In dieser Phase war ich auch mit unserem taktischen Verhalten nicht zufrieden, denn so war es m\u00f6glich, dass die Admira mit ihrem klaren Spielkonzept aufkommen konnte. Wir haben dem Gegner die zwei Tore praktisch geschenkt. Gott sei Dank konnten wir dann noch den Ausgleich erzielen. Ein sehr sch\u00f6nes Tor, das wir genauso herausgespielt haben, wie wir uns das vorgenommen hatten.\n<\/p>\n<p>\n<b>Stefan Lainer:<\/b> Das Unentschieden ist bitter f\u00fcr uns, denn wir hatten das Spiel \u00fcber weite Strecken im Griff. Wir haben viele gute M\u00f6glichkeiten gehabt, konnten sie aber nicht nutzen. Die zwei Standards, die uns die zwei Punkte gekostet haben, d\u00fcrfen nicht passieren. Aber wir konnten jetzt erstmals anschreiben und werden versuchen, gegen Ried und Altach wieder zur\u00fcck auf die Siegerstra\u00dfe zu finden.\n<\/p>\n<\/div>\n","protected":false},"excerpt":{"rendered":"<p>FaktenBearbeiten] Admira Wacker M\u00f6dling gegen FC Red Bull Salzburg, 2:2 Spieltag Bundesliga &#8211; 3. Spieltag Datum 8. August 2015 Anpfiff 18.30 Uhr Aufstellung Tor Cican Stankovic Verteidigung Stefan Lainer &#8211; Martin Hinteregger &#8211; Duje Caleta-Car &#8211; Andreas Ulmer Mittelfeld Felipe Pires &#8211; Valon Berisha &#8211; Christoph Leitgeb &#8211; Naby Keita Sturm Omer Damari &#8211; Yordy [&hellip;]<\/p>\n","protected":false},"author":1,"featured_media":0,"comment_status":"open","ping_status":"open","sticky":false,"template":"","format":"standard","meta":{"footnotes":""},"categories":[1488],"tags":[],"class_list":["post-1884","post","type-post","status-publish","format-standard","hentry","category-3-runde-saison-2015"],"_links":{"self":[{"href":"https:\/\/wiki.s12.at\/index.php\/wp-json\/wp\/v2\/posts\/1884","targetHints":{"allow":["GET"]}}],"collection":[{"href":"https:\/\/wiki.s12.at\/index.php\/wp-json\/wp\/v2\/posts"}],"about":[{"href":"https:\/\/wiki.s12.at\/index.php\/wp-json\/wp\/v2\/types\/post"}],"author":[{"embeddable":true,"href":"https:\/\/wiki.s12.at\/index.php\/wp-json\/wp\/v2\/users\/1"}],"replies":[{"embeddable":true,"href":"https:\/\/wiki.s12.at\/index.php\/wp-json\/wp\/v2\/comments?post=1884"}],"version-history":[{"count":0,"href":"https:\/\/wiki.s12.at\/index.php\/wp-json\/wp\/v2\/posts\/1884\/revisions"}],"wp:attachment":[{"href":"https:\/\/wiki.s12.at\/index.php\/wp-json\/wp\/v2\/media?parent=1884"}],"wp:term":[{"taxonomy":"category","embeddable":true,"href":"https:\/\/wiki.s12.at\/index.php\/wp-json\/wp\/v2\/categories?post=1884"},{"taxonomy":"post_tag","embeddable":true,"href":"https:\/\/wiki.s12.at\/index.php\/wp-json\/wp\/v2\/tags?post=1884"}],"curies":[{"name":"wp","href":"https:\/\/api.w.org\/{rel}","templated":true}]}}