{"id":1880,"date":"2026-05-06T14:07:11","date_gmt":"2026-05-06T12:07:11","guid":{"rendered":"https:\/\/wiki.s12.at\/index.php\/2026\/05\/06\/3-runde-saison-2013-14-fc-liefering-gegen-sc-esv-parndorf\/"},"modified":"2026-05-06T14:07:11","modified_gmt":"2026-05-06T12:07:11","slug":"3-runde-saison-2013-14-fc-liefering-gegen-sc-esv-parndorf","status":"publish","type":"post","link":"https:\/\/wiki.s12.at\/index.php\/2026\/05\/06\/3-runde-saison-2013-14-fc-liefering-gegen-sc-esv-parndorf\/","title":{"rendered":"ESV Parndorf"},"content":{"rendered":"<div class=\"mw-parser-output\">\n<h3><span class=\"mw-headline\" id=\"Fakten\">Fakten<\/span><a href=\"\/index.php?title=3._Runde,_Saison_2013\/14,_FC_Liefering_gegen_SC\/ESV_Parndorf&amp;action=edit&amp;section=1\" title=\"Abschnitt bearbeiten: Fakten\">Bearbeiten<\/a><span class=\"mw-editsection-bracket\">]<\/span><\/span><\/h3>\n<p><b>Heute f\u00fcr Morgen 1. Liga &#8211; 3. Spieltag: 2. August 2013, 18.30 Uhr<\/b><br \/>\n\n<\/p>\n<table class=\"wikitable\">\n<caption><big> <b> FC Liefering gegen SC\/ESV Parndorf, 4:1<\/b><\/big><br \/>\n<\/caption>\n<tbody>\n<tr>\n<td>Aufstellung:<\/td>\n<td><a href=\"\/Thomas_D%C3%A4hne\" title=\"Thomas D\u00e4hne\">Thomas D\u00e4hne<\/a>\n<\/td>\n<\/tr>\n<tr>\n<td><\/td>\n<td><a href=\"\/Stefan_Lainer\" title=\"Stefan Lainer\">Stefan Lainer<\/a> <a href=\"\/Rene_Aufhauser\" class=\"mw-redirect\" title=\"Rene Aufhauser\">Rene Aufhauser<\/a> <a href=\"\/Andreas_Schrott\" title=\"Andreas Schrott\">Andreas Schrott<\/a> <a href=\"\/Felix_Adjei\" title=\"Felix Adjei\">Felix Adjei<\/a>\n<\/td>\n<\/tr>\n<tr>\n<td><\/td>\n<td><a href=\"\/Robert_V%C3%B6lkl\" title=\"Robert V\u00f6lkl\">Robert V\u00f6lkl<\/a>, <a href=\"\/Sandro_Djuric\" title=\"Sandro Djuric\">Sandro Djuric<\/a>, <a href=\"\/Ante_Roguljic\" class=\"mw-redirect\" title=\"Ante Roguljic\">Ante Roguljic<\/a>\n<\/td>\n<\/tr>\n<tr>\n<td><\/td>\n<td><a href=\"\/Nikola_Dovedan\" title=\"Nikola Dovedan\">Nikola Dovedan<\/a>, <a href=\"\/Nils_Quaschner\" title=\"Nils Quaschner\">Nils Quaschner<\/a>, <a href=\"\/Ivan_Kovacec\" title=\"Ivan Kovacec\">Ivan Kovacec<\/a>\n<\/td>\n<\/tr>\n<tr>\n<td>Wechsel:<\/td>\n<td><a href=\"\/Andreas_Bammer\" title=\"Andreas Bammer\">Andreas Bammer<\/a> f\u00fcr Quaschner (46.), <a href=\"\/Bright_Edomwonyi\" title=\"Bright Edomwonyi\">Bright Edomwonyi<\/a> f\u00fcr Kovacec (59.), <a href=\"\/Wolfgang_Mair\" title=\"Wolfgang Mair\">Wolfgang Mair<\/a> f\u00fcr Dovedan (71.)\n<\/td>\n<\/tr>\n<tr>\n<td>Endstand:<\/td>\n<td>4:1 (2:1)\n<\/td>\n<\/tr>\n<tr>\n<td>Torsch\u00fctzen:<\/td>\n<td>Dovedan (3.), Djuric (40.), V\u00f6lkl (73.); Stern (24., ET.), Kummerer (34.)\n<\/td>\n<\/tr>\n<tr>\n<td>Gelbe Karten:<\/td>\n<td>Edomwonyi (71.); Kienzl (49.), Baumeister (90.)\n<\/td>\n<\/tr>\n<tr>\n<td>Gelb-rote Karten:<\/td>\n<td>\n<\/td>\n<\/tr>\n<tr>\n<td>Rote Karten:<\/td>\n<td>\n<\/td>\n<\/tr>\n<tr>\n<td>Schiedsrichter:<\/td>\n<td>Helmut Trattnig\n<\/td>\n<\/tr>\n<tr>\n<td>Stadion:<\/td>\n<td>Red Bull Arena, Salzburg\n<\/td>\n<\/tr>\n<tr>\n<td>Zuschauer:<\/td>\n<td>420\n<\/td>\n<\/tr>\n<\/tbody>\n<\/table>\n<h2><span class=\"mw-headline\" id=\"Stimmen_zum_Spiel\">Stimmen zum Spiel<\/span><a href=\"\/index.php?title=3._Runde,_Saison_2013\/14,_FC_Liefering_gegen_SC\/ESV_Parndorf&amp;action=edit&amp;section=2\" title=\"Abschnitt bearbeiten: Stimmen zum Spiel\">Bearbeiten<\/a><span class=\"mw-editsection-bracket\">]<\/span><\/span><\/h2>\n<p><b>Peter Zeidler:<\/b> \u201eAuch wenn wir im Offensivbereich nicht alles umsetzen konnten, was wir uns vorgenommen hatten, war es eine sehr geschlossene Mannschaftsleistung, mit der ich insgesamt zufrieden bin. Wir haben gemerkt, dass wir das Tempo mit den anderen Erstliga-Teams mitgehen k\u00f6nnen. Jetzt freue ich mich auf das Spitzenspiel am Dienstag gegen Altach.\u201c\n<\/p>\n<h2><span class=\"mw-headline\" id=\"Bilder\">Bilder<\/span><a href=\"\/index.php?title=3._Runde,_Saison_2013\/14,_FC_Liefering_gegen_SC\/ESV_Parndorf&amp;action=edit&amp;section=3\" title=\"Abschnitt bearbeiten: Bilder\">Bearbeiten<\/a><span class=\"mw-editsection-bracket\">]<\/span><\/span><\/h2>\n<p><img alt=\"\" src=\"\/images\/thumb\/4\/4a\/Commons-logo.svg\/langde-20px-Commons-logo.svg.png%3Futm_source%3Dcommons.wikimedia.org%26utm_campaign%3Dimageinfo%26utm_content%3Dthumbnail\" decoding=\"async\" title=\"Commons\" width=\"12\" height=\"16\" srcset=\"\/images\/thumb\/4\/4a\/Commons-logo.svg\/langde-40px-Commons-logo.svg.png%3Futm_source%3Dcommons.wikimedia.org%26utm_campaign%3Dimageinfo%26utm_content%3Dthumbnail 2x\" \/>&#160;<b><a href=\"http:\/\/commons.wikimedia.org\/wiki\/Category:FC_Liefering_gegen_SC\/ESV_Parndorf_2._August_2013\" class=\"extiw\" title=\"commons:Category:FC Liefering gegen SC\/ESV Parndorf 2. August 2013\">3. Runde, Saison 2013\/14, FC Liefering gegen SC\/ESV Parndorf<\/a><\/b>&#160;\u2013 Sammlung von Bildern, Videos und Audiodateien auf <a href=\"\/Wikimedia_Commons\" title=\"Wikimedia Commons\">Wikimedia Commons<\/a>\n<\/p>\n<\/div>\n","protected":false},"excerpt":{"rendered":"<p>FaktenBearbeiten] Heute f\u00fcr Morgen 1. Liga &#8211; 3. Spieltag: 2. August 2013, 18.30 Uhr FC Liefering gegen SC\/ESV Parndorf, 4:1 Aufstellung: Thomas D\u00e4hne Stefan Lainer Rene Aufhauser Andreas Schrott Felix Adjei Robert V\u00f6lkl, Sandro Djuric, Ante Roguljic Nikola Dovedan, Nils Quaschner, Ivan Kovacec Wechsel: Andreas Bammer f\u00fcr Quaschner (46.), Bright Edomwonyi f\u00fcr Kovacec (59.), Wolfgang [&hellip;]<\/p>\n","protected":false},"author":1,"featured_media":0,"comment_status":"open","ping_status":"open","sticky":false,"template":"","format":"standard","meta":{"footnotes":""},"categories":[1435],"tags":[],"class_list":["post-1880","post","type-post","status-publish","format-standard","hentry","category-3-runde-saison-2013"],"_links":{"self":[{"href":"https:\/\/wiki.s12.at\/index.php\/wp-json\/wp\/v2\/posts\/1880","targetHints":{"allow":["GET"]}}],"collection":[{"href":"https:\/\/wiki.s12.at\/index.php\/wp-json\/wp\/v2\/posts"}],"about":[{"href":"https:\/\/wiki.s12.at\/index.php\/wp-json\/wp\/v2\/types\/post"}],"author":[{"embeddable":true,"href":"https:\/\/wiki.s12.at\/index.php\/wp-json\/wp\/v2\/users\/1"}],"replies":[{"embeddable":true,"href":"https:\/\/wiki.s12.at\/index.php\/wp-json\/wp\/v2\/comments?post=1880"}],"version-history":[{"count":0,"href":"https:\/\/wiki.s12.at\/index.php\/wp-json\/wp\/v2\/posts\/1880\/revisions"}],"wp:attachment":[{"href":"https:\/\/wiki.s12.at\/index.php\/wp-json\/wp\/v2\/media?parent=1880"}],"wp:term":[{"taxonomy":"category","embeddable":true,"href":"https:\/\/wiki.s12.at\/index.php\/wp-json\/wp\/v2\/categories?post=1880"},{"taxonomy":"post_tag","embeddable":true,"href":"https:\/\/wiki.s12.at\/index.php\/wp-json\/wp\/v2\/tags?post=1880"}],"curies":[{"name":"wp","href":"https:\/\/api.w.org\/{rel}","templated":true}]}}