{"id":187,"date":"2026-05-06T12:56:21","date_gmt":"2026-05-06T10:56:21","guid":{"rendered":"http:\/\/wiki.s12.at\/index.php\/2026\/05\/06\/10-runde-saison-2013-14-fc-red-bull-salzburg-gegen-sc-wiener-neustadt\/"},"modified":"2026-05-06T12:56:21","modified_gmt":"2026-05-06T10:56:21","slug":"10-runde-saison-2013-14-fc-red-bull-salzburg-gegen-sc-wiener-neustadt","status":"publish","type":"post","link":"https:\/\/wiki.s12.at\/index.php\/2026\/05\/06\/10-runde-saison-2013-14-fc-red-bull-salzburg-gegen-sc-wiener-neustadt\/","title":{"rendered":"14, FC Red Bull Salzburg gegen SC Wiener Neustadt"},"content":{"rendered":"<div class=\"mw-parser-output\">\n<h2><span class=\"mw-headline\" id=\"Fakten\">Fakten<\/span><a href=\"\/index.php?title=10._Runde,_Saison_2013\/14,_FC_Red_Bull_Salzburg_gegen_SC_Wiener_Neustadt&amp;action=edit&amp;section=1\" title=\"Abschnitt bearbeiten: Fakten\">Bearbeiten<\/a><span class=\"mw-editsection-bracket\">]<\/span><\/span><\/h2>\n<table class=\"toptextcells toccolours\">\n<tbody>\n<tr>\n<th colspan=\"2\" style=\"text-align: center; vertical-align: top; padding: 0.3em 0.8em; font-size: 125%; background-color: lightsteelblue;\">FC Red Bull Salzburg gegen SC Wiener Neustadt, 8:1\n<\/th>\n<\/tr>\n<tr>\n<th style=\"text-align:left;\"><b>Spieltag<\/b>\n<\/th>\n<th style=\"text-align:left;\">Bundesliga &#8211; 10. Spieltag\n<\/th>\n<\/tr>\n<tr>\n<th style=\"text-align:left;\"><b>Datum<\/b>\n<\/th>\n<th style=\"text-align:left;\">29. September 2013\n<\/th>\n<\/tr>\n<tr>\n<th style=\"text-align:left;\"><b>Anpfiff<\/b>\n<\/th>\n<th style=\"text-align:left;\">16.30 Uhr\n<\/th>\n<\/tr>\n<tr>\n<td colspan=\"2\" style=\"text-align:center;\" bgcolor=\"lightgray\"><b>Aufstellung<\/b>\n<\/td>\n<\/tr>\n<tr>\n<th style=\"text-align:left;\"><b>Tor<\/b>\n<\/th>\n<th><a href=\"\/Peter_Gulacsi\" class=\"mw-redirect\" title=\"Peter Gulacsi\">Peter Gulacsi<\/a>\n<\/th>\n<\/tr>\n<tr>\n<th style=\"text-align:left;\"><b>Verteidigung<\/b>\n<\/th>\n<th><a href=\"\/Christian_Schwegler\" title=\"Christian Schwegler\">Christian Schwegler<\/a> <a href=\"\/Andre_Ramalho\" class=\"mw-redirect\" title=\"Andre Ramalho\">Andre Ramalho<\/a> <a href=\"\/Rodnei\" title=\"Rodnei\">Rodnei<\/a> <a href=\"\/Andreas_Ulmer\" title=\"Andreas Ulmer\">Andreas Ulmer<\/a>\n<\/th>\n<\/tr>\n<tr>\n<th style=\"text-align:left;\"><b>Mittelfeld<\/b>\n<\/th>\n<th><a href=\"\/Stefan_Ilsanker\" title=\"Stefan Ilsanker\">Stefan Ilsanker<\/a> <a href=\"\/Stefan_Hierl%C3%A4nder\" title=\"Stefan Hierl\u00e4nder\">Stefan Hierl\u00e4nder<\/a> <a href=\"\/Valon_Berisha\" title=\"Valon Berisha\">Valon Berisha<\/a> <a href=\"\/Sadio_Man%C3%A9\" title=\"Sadio Man\u00e9\">Sadio Man\u00e9<\/a>\n<\/th>\n<\/tr>\n<tr>\n<th style=\"text-align:left;\"><b>Sturm<\/b>\n<\/th>\n<th><a href=\"\/Jonatan_Soriano\" title=\"Jonatan Soriano\">Jonatan Soriano<\/a> &#8211; <a href=\"\/Alan\" title=\"Alan\">Alan<\/a>\n<\/th>\n<\/tr>\n<tr>\n<td colspan=\"2\" style=\"text-align:center;\" bgcolor=\"lightgray\"><b>Wechsel<\/b>\n<\/td>\n<\/tr>\n<tr>\n<th style=\"text-align:left;\"><b>Wechsel<\/b>\n<\/th>\n<th style=\"text-align:left;\"><a href=\"\/Christoph_Leitgeb\" title=\"Christoph Leitgeb\">Christoph Leitgeb<\/a> f\u00fcr Hierl\u00e4nder (46.), <a href=\"\/Martin_Hinteregger\" title=\"Martin Hinteregger\">Martin Hinteregger<\/a> f\u00fcr Ilsanker (59.), <a href=\"\/Yordy_Reyna\" title=\"Yordy Reyna\">Yordy Reyna<\/a> f\u00fcr Berisha (75.)\n<\/th>\n<\/tr>\n<tr>\n<td colspan=\"2\" style=\"text-align:center;\" bgcolor=\"lightgray\"><b>Statistik<\/b>\n<\/td>\n<\/tr>\n<tr>\n<th style=\"text-align:left;\"><b>Endstand<\/b>\n<\/th>\n<th style=\"text-align:left;\">8:1 (3:0)\n<\/th>\n<\/tr>\n<tr>\n<th style=\"text-align:left;\"><b>Torsch\u00fctzen<\/b>\n<\/th>\n<th style=\"text-align:left;\">Alan (2., 40., 65., 67.), Soriano (42., 69.\/Elfer), Berisha (55.), Mane (84.); Pichlmann (47.).\n<\/th>\n<\/tr>\n<tr>\n<th style=\"text-align:left;\"><b>Gelbe Karten<\/b>\n<\/th>\n<th style=\"text-align:left;\">Pollhammer (39.), Vollnhofer (68.), Koch 76.)\n<\/th>\n<\/tr>\n<tr>\n<th style=\"text-align:left;\"><b>Rote Karten<\/b>\n<\/th>\n<th style=\"text-align:left;\">&#8211;\n<\/th>\n<\/tr>\n<tr>\n<th style=\"text-align:left;\"><b>Schiedsrichter<\/b>\n<\/th>\n<th style=\"text-align:left;\">Manuel Sch\u00fcttengruber\n<\/th>\n<\/tr>\n<tr>\n<th style=\"text-align:left;\"><b>Stadion<\/b>\n<\/th>\n<th style=\"text-align:left;\"><a href=\"\/index.php?title=Red_Bull_Arena&amp;action=edit&amp;redlink=1\" class=\"new\" title=\"Red Bull Arena (Seite nicht vorhanden)\">Red Bull Arena<\/a>, Salzburg\n<\/th>\n<\/tr>\n<tr>\n<th style=\"text-align:left;\"><b>Zuschauer<\/b>\n<\/th>\n<th style=\"text-align:left;\">8 662\n<\/th>\n<\/tr>\n<\/tbody>\n<\/table>\n<p>\n<\/p>\n<h2><span class=\"mw-headline\" id=\"Bilder\">Bilder<\/span><a href=\"\/index.php?title=10._Runde,_Saison_2013\/14,_FC_Red_Bull_Salzburg_gegen_SC_Wiener_Neustadt&amp;action=edit&amp;section=2\" title=\"Abschnitt bearbeiten: Bilder\">Bearbeiten<\/a><span class=\"mw-editsection-bracket\">]<\/span><\/span><\/h2>\n<p><img alt=\"\" src=\"\/images\/thumb\/4\/4a\/Commons-logo.svg\/langde-20px-Commons-logo.svg.png%3Futm_source%3Dcommons.wikimedia.org%26utm_campaign%3Dimageinfo%26utm_content%3Dthumbnail\" decoding=\"async\" title=\"Commons\" width=\"12\" height=\"16\" srcset=\"\/images\/thumb\/4\/4a\/Commons-logo.svg\/langde-40px-Commons-logo.svg.png%3Futm_source%3Dcommons.wikimedia.org%26utm_campaign%3Dimageinfo%26utm_content%3Dthumbnail 2x\" \/>&#160;<b><a href=\"http:\/\/commons.wikimedia.org\/wiki\/Category:FC_Red_Bull_Salzburg_gegen_SC_Wiener_Neustadt_(29._9._2013\" class=\"extiw\" title=\"commons:Category:FC Red Bull Salzburg gegen SC Wiener Neustadt (29. 9. 2013\">10. Runde, Saison 2013\/14, FC Red Bull Salzburg gegen SC Wiener Neustadt<\/a><\/b>&#160;\u2013 Sammlung von Bildern, Videos und Audiodateien auf <a href=\"\/Wikimedia_Commons\" title=\"Wikimedia Commons\">Wikimedia Commons<\/a>\n<\/p>\n<h2><span class=\"mw-headline\" id=\"Weblinks\">Weblinks<\/span><a href=\"\/index.php?title=10._Runde,_Saison_2013\/14,_FC_Red_Bull_Salzburg_gegen_SC_Wiener_Neustadt&amp;action=edit&amp;section=3\" title=\"Abschnitt bearbeiten: Weblinks\">Bearbeiten<\/a><span class=\"mw-editsection-bracket\">]<\/span><\/span><\/h2>\n<ul>\n<li><a rel=\"nofollow\" class=\"external text\" href=\"http:\/\/redbulls.com\/soccer\/salzburg\/de\/red-bull-salzburg-news-detail_9337.html\">Spielbericht Vereinshomepage<\/a><\/li>\n<li><a rel=\"nofollow\" class=\"external text\" href=\"http:\/\/www.salzburg12.at\/2013\/09\/81-absolute-fuer-salzburg\/\">Spielbericht salzburg12.at<\/a><\/li>\n<li><a rel=\"nofollow\" class=\"external text\" href=\"http:\/\/www.skysportaustria.at\/fc-red-bull-salzburg-schiesst-den-sc-wiener-neustadt-mit-81-ab-videohighlights\/\">Video auf SKY Sport Austria<\/a><\/li>\n<\/ul>\n<h2><span class=\"mw-headline\" id=\"Stimmen_zum_Spiel\">Stimmen zum Spiel<\/span><a href=\"\/index.php?title=10._Runde,_Saison_2013\/14,_FC_Red_Bull_Salzburg_gegen_SC_Wiener_Neustadt&amp;action=edit&amp;section=4\" title=\"Abschnitt bearbeiten: Stimmen zum Spiel\">Bearbeiten<\/a><span class=\"mw-editsection-bracket\">]<\/span><\/span><\/h2>\n<p><b>Roger Schmidt:<\/b> \u201eWir wollten gerade nach den gestrigen Ergebnissen heute guten Fu\u00dfball zeigen und den Vorsprung vergr\u00f6\u00dfern. Und das haben wir sehr gut gemacht. Speziell in der zweiten Halbzeit. Denn vor der Pause war ich trotz der klaren F\u00fchrung nicht ganz zufrieden. Aber insgesamt war es ein tolles Spiel von uns, da sind die Tore fast zwangsl\u00e4ufig gefallen. Jetzt fahren wir sehr optimistisch nach D\u00e4nemark.\u201c\n<\/p>\n<p><b>Alan:<\/b> \u201eVier Tore in einem Spiel passiert nicht so oft. Deshalb bin ich heute auch sehr gl\u00fccklich. Der Sieg war unheimlich wichtig, jetzt haben wir unseren Vorsprung in der Tabelle mal gut ausgebaut.\u201c\n<\/p>\n<p><b>Heimo Pfeifenberger (Trainer Wr. Neustadt):<\/b> &#8222;Diese Niederlage ist schon sehr bitter und tut irrsinnig weh. Auch, wenn es gegen Red Bull Salzburg, die eindeutig beste Mannschaft \u00d6sterreichs, passiert. Wir sind sehr ungl\u00fccklich gestartet, mit einem schweren Fehler, und kurz vor der Pause dieser bittere Doppelschlag. Das waren letztendlich die Knackpunkte. In der zweiten Spielh\u00e4lfte war es ein Torfestival, da bricht jede Mannschaft zusammen. Meine Mannschaft konnte sich nicht mehr stabilisieren.&#8220;\n<\/p>\n<\/div>\n","protected":false},"excerpt":{"rendered":"<p>FaktenBearbeiten] FC Red Bull Salzburg gegen SC Wiener Neustadt, 8:1 Spieltag Bundesliga &#8211; 10. Spieltag Datum 29. September 2013 Anpfiff 16.30 Uhr Aufstellung Tor Peter Gulacsi Verteidigung Christian Schwegler Andre Ramalho Rodnei Andreas Ulmer Mittelfeld Stefan Ilsanker Stefan Hierl\u00e4nder Valon Berisha Sadio Man\u00e9 Sturm Jonatan Soriano &#8211; Alan Wechsel Wechsel Christoph Leitgeb f\u00fcr Hierl\u00e4nder (46.), [&hellip;]<\/p>\n","protected":false},"author":1,"featured_media":0,"comment_status":"open","ping_status":"open","sticky":false,"template":"","format":"standard","meta":{"footnotes":""},"categories":[125],"tags":[],"class_list":["post-187","post","type-post","status-publish","format-standard","hentry","category-10-runde-saison-2013"],"_links":{"self":[{"href":"https:\/\/wiki.s12.at\/index.php\/wp-json\/wp\/v2\/posts\/187","targetHints":{"allow":["GET"]}}],"collection":[{"href":"https:\/\/wiki.s12.at\/index.php\/wp-json\/wp\/v2\/posts"}],"about":[{"href":"https:\/\/wiki.s12.at\/index.php\/wp-json\/wp\/v2\/types\/post"}],"author":[{"embeddable":true,"href":"https:\/\/wiki.s12.at\/index.php\/wp-json\/wp\/v2\/users\/1"}],"replies":[{"embeddable":true,"href":"https:\/\/wiki.s12.at\/index.php\/wp-json\/wp\/v2\/comments?post=187"}],"version-history":[{"count":0,"href":"https:\/\/wiki.s12.at\/index.php\/wp-json\/wp\/v2\/posts\/187\/revisions"}],"wp:attachment":[{"href":"https:\/\/wiki.s12.at\/index.php\/wp-json\/wp\/v2\/media?parent=187"}],"wp:term":[{"taxonomy":"category","embeddable":true,"href":"https:\/\/wiki.s12.at\/index.php\/wp-json\/wp\/v2\/categories?post=187"},{"taxonomy":"post_tag","embeddable":true,"href":"https:\/\/wiki.s12.at\/index.php\/wp-json\/wp\/v2\/tags?post=187"}],"curies":[{"name":"wp","href":"https:\/\/api.w.org\/{rel}","templated":true}]}}