{"id":1819,"date":"2026-05-06T14:05:46","date_gmt":"2026-05-06T12:05:46","guid":{"rendered":"https:\/\/wiki.s12.at\/index.php\/2026\/05\/06\/3-runde-saison-2013-14-fc-wacker-innsbruck-gegen-fc-red-bull-salzburg\/"},"modified":"2026-05-06T14:05:46","modified_gmt":"2026-05-06T12:05:46","slug":"3-runde-saison-2013-14-fc-wacker-innsbruck-gegen-fc-red-bull-salzburg","status":"publish","type":"post","link":"https:\/\/wiki.s12.at\/index.php\/2026\/05\/06\/3-runde-saison-2013-14-fc-wacker-innsbruck-gegen-fc-red-bull-salzburg\/","title":{"rendered":"14, FC Wacker Innsbruck gegen FC Red Bull Salzburg"},"content":{"rendered":"<div class=\"mw-parser-output\">\n<h3><span class=\"mw-headline\" id=\"Fakten\">Fakten<\/span><a href=\"\/index.php?title=3.Runde,_Saison_2013\/14,_FC_Wacker_Innsbruck_gegen_FC_Red_Bull_Salzburg&amp;action=edit&amp;section=1\" title=\"Abschnitt bearbeiten: Fakten\">Bearbeiten<\/a><span class=\"mw-editsection-bracket\">]<\/span><\/span><\/h3>\n<p><b>Bundesliga &#8211; 3. Spieltag: 3. August 2013, 19 Uhr<\/b><br \/>\n\n<\/p>\n<table class=\"wikitable\">\n<caption><big> <b>FC Wacker Innsbruck gegen FC Red Bull Salzburg, 1:1<\/b><\/big><br \/>\n<\/caption>\n<tbody>\n<tr>\n<td>Aufstellung:<\/td>\n<td><a href=\"\/Peter_Gulacsi\" class=\"mw-redirect\" title=\"Peter Gulacsi\">Peter Gulacsi<\/a>\n<\/td>\n<\/tr>\n<tr>\n<td><\/td>\n<td><a href=\"\/Florian_Klein\" title=\"Florian Klein\">Florian Klein<\/a> <a href=\"\/Martin_Hinteregger\" title=\"Martin Hinteregger\">Martin Hinteregger<\/a> <a href=\"\/Andre_Ramalho\" class=\"mw-redirect\" title=\"Andre Ramalho\">Andre Ramalho<\/a> <a href=\"\/Andreas_Ulmer\" title=\"Andreas Ulmer\">Andreas Ulmer<\/a>\n<\/td>\n<\/tr>\n<tr>\n<td><\/td>\n<td><a href=\"\/Jakob_Jantscher\" title=\"Jakob Jantscher\">Jakob Jantscher<\/a> <a href=\"\/Georg_Teigl\" title=\"Georg Teigl\">Georg Teigl<\/a> <a href=\"\/Stefan_Hierl%C3%A4nder\" title=\"Stefan Hierl\u00e4nder\">Stefan Hierl\u00e4nder<\/a> <a href=\"\/Valon_Berisha\" title=\"Valon Berisha\">Valon Berisha<\/a>\n<\/td>\n<\/tr>\n<tr>\n<td><\/td>\n<td><a href=\"\/Jonathan_Soriano\" class=\"mw-redirect\" title=\"Jonathan Soriano\">Jonathan Soriano<\/a> <a href=\"\/Havard_Nielsen\" title=\"Havard Nielsen\">Havard Nielsen<\/a>\n<\/td>\n<\/tr>\n<tr>\n<td>Wechsel:<\/td>\n<td><a href=\"\/Christoph_Leitgeb\" title=\"Christoph Leitgeb\">Christoph Leitgeb<\/a> f\u00fcr Nielsen (36.), <a href=\"\/Kevin_Kampl\" title=\"Kevin Kampl\">Kevin Kampl<\/a> f\u00fcr Berisha (67.), <a href=\"\/Sadio_Man%C3%A9\" title=\"Sadio Man\u00e9\">Sadio Man\u00e9<\/a> f\u00fcr Teigl (79.)\n<\/td>\n<\/tr>\n<tr>\n<td>Endstand:<\/td>\n<td>1:1 (1:1)\n<\/td>\n<\/tr>\n<tr>\n<td>Torsch\u00fctzen:<\/td>\n<td>Hinterseer (44.); Soriano (15.)\n<\/td>\n<\/tr>\n<tr>\n<td>Gelbe Karten:<\/td>\n<td>Kofler (30.), Vucur (79.), Hinterseer (80.); Hierl\u00e4nder (85.)\n<\/td>\n<\/tr>\n<tr>\n<td>Gelb-rote Karten:<\/td>\n<td>\n<\/td>\n<\/tr>\n<tr>\n<td>Rote Karten:<\/td>\n<td>\n<\/td>\n<\/tr>\n<tr>\n<td>Schiedsrichter:<\/td>\n<td>Gerhard Grobelnik\n<\/td>\n<\/tr>\n<tr>\n<td>Stadion:<\/td>\n<td>Tivoli neu, Innsbruck\n<\/td>\n<\/tr>\n<tr>\n<td>Zuschauer:<\/td>\n<td>\n<\/td>\n<\/tr>\n<\/tbody>\n<\/table>\n<\/div>\n","protected":false},"excerpt":{"rendered":"<p>FaktenBearbeiten] Bundesliga &#8211; 3. Spieltag: 3. August 2013, 19 Uhr FC Wacker Innsbruck gegen FC Red Bull Salzburg, 1:1 Aufstellung: Peter Gulacsi Florian Klein Martin Hinteregger Andre Ramalho Andreas Ulmer Jakob Jantscher Georg Teigl Stefan Hierl\u00e4nder Valon Berisha Jonathan Soriano Havard Nielsen Wechsel: Christoph Leitgeb f\u00fcr Nielsen (36.), Kevin Kampl f\u00fcr Berisha (67.), Sadio Man\u00e9 [&hellip;]<\/p>\n","protected":false},"author":1,"featured_media":0,"comment_status":"open","ping_status":"open","sticky":false,"template":"","format":"standard","meta":{"footnotes":""},"categories":[1435],"tags":[],"class_list":["post-1819","post","type-post","status-publish","format-standard","hentry","category-3-runde-saison-2013"],"_links":{"self":[{"href":"https:\/\/wiki.s12.at\/index.php\/wp-json\/wp\/v2\/posts\/1819","targetHints":{"allow":["GET"]}}],"collection":[{"href":"https:\/\/wiki.s12.at\/index.php\/wp-json\/wp\/v2\/posts"}],"about":[{"href":"https:\/\/wiki.s12.at\/index.php\/wp-json\/wp\/v2\/types\/post"}],"author":[{"embeddable":true,"href":"https:\/\/wiki.s12.at\/index.php\/wp-json\/wp\/v2\/users\/1"}],"replies":[{"embeddable":true,"href":"https:\/\/wiki.s12.at\/index.php\/wp-json\/wp\/v2\/comments?post=1819"}],"version-history":[{"count":0,"href":"https:\/\/wiki.s12.at\/index.php\/wp-json\/wp\/v2\/posts\/1819\/revisions"}],"wp:attachment":[{"href":"https:\/\/wiki.s12.at\/index.php\/wp-json\/wp\/v2\/media?parent=1819"}],"wp:term":[{"taxonomy":"category","embeddable":true,"href":"https:\/\/wiki.s12.at\/index.php\/wp-json\/wp\/v2\/categories?post=1819"},{"taxonomy":"post_tag","embeddable":true,"href":"https:\/\/wiki.s12.at\/index.php\/wp-json\/wp\/v2\/tags?post=1819"}],"curies":[{"name":"wp","href":"https:\/\/api.w.org\/{rel}","templated":true}]}}