{"id":1818,"date":"2026-05-06T14:05:45","date_gmt":"2026-05-06T12:05:45","guid":{"rendered":"https:\/\/wiki.s12.at\/index.php\/2026\/05\/06\/3-runde-regionalliga-west-saison-2012-13-sc-bregenz-gegen-fc-liefering\/"},"modified":"2026-05-06T14:05:45","modified_gmt":"2026-05-06T12:05:45","slug":"3-runde-regionalliga-west-saison-2012-13-sc-bregenz-gegen-fc-liefering","status":"publish","type":"post","link":"https:\/\/wiki.s12.at\/index.php\/2026\/05\/06\/3-runde-regionalliga-west-saison-2012-13-sc-bregenz-gegen-fc-liefering\/","title":{"rendered":"13, SC Bregenz gegen FC Liefering"},"content":{"rendered":"<div class=\"mw-parser-output\">\n<p><b>Regionalliga West &#8211; 3. Spieltag, 11. August 2012, 17 Uhr<\/b><br \/>\n\n<\/p>\n<table class=\"wikitable\">\n<caption><b><big> SC Bregenz gegen FC Liefering, 3:1<\/big><\/b><br \/>\n<\/caption>\n<tbody>\n<tr>\n<td>Aufstellung:<\/td>\n<td><a href=\"\/Thomas_D%C3%A4hne\" title=\"Thomas D\u00e4hne\">Thomas D\u00e4hne<\/a> <a href=\"\/Rene_Aufhauser\" class=\"mw-redirect\" title=\"Rene Aufhauser\">Rene Aufhauser<\/a> <a href=\"\/Stefan_Lainer\" title=\"Stefan Lainer\">Stefan Lainer<\/a> <a href=\"\/Emre_Uygur\" title=\"Emre Uygur\">Emre Uygur<\/a> <a href=\"\/Wolfgang_Mair\" title=\"Wolfgang Mair\">Wolfgang Mair<\/a> <a href=\"\/Matthias_Felber\" title=\"Matthias Felber\">Matthias Felber<\/a> <a href=\"\/Sandro_Djuric\" title=\"Sandro Djuric\">Sandro Djuric<\/a> <a href=\"\/Robert_V%C3%B6lkl\" title=\"Robert V\u00f6lkl\">Robert V\u00f6lkl<\/a> <a href=\"\/Josip_Coric\" class=\"mw-redirect\" title=\"Josip Coric\">Josip Coric<\/a> <a href=\"\/Felix_Adjei\" title=\"Felix Adjei\">Felix Adjei<\/a>  <a href=\"\/Mario_Konrad\" title=\"Mario Konrad\">Mario Konrad<\/a>\n<\/td>\n<\/tr>\n<tr>\n<td>Wechsel:<\/td>\n<td><a href=\"\/Nikola_Dovedan\" title=\"Nikola Dovedan\">Nikola Dovedan<\/a> f\u00fcr Adjei (62.), <a href=\"\/Andreas_Bammer\" title=\"Andreas Bammer\">Andreas Bammer<\/a> f\u00fcr Konrad (62.), <a href=\"\/Stefan_Schwendinger\" title=\"Stefan Schwendinger\">Stefan Schwendinger<\/a> f\u00fcr Felber (81.)\n<\/td>\n<\/tr>\n<tr>\n<td>Endstand:<\/td>\n<td>3:1 (1:1)\n<\/td>\n<\/tr>\n<tr>\n<td>Torsch\u00fctzen:<\/td>\n<td>Lingg (25.) de Oliveira (54., 91.); Coric (40., E.)\n<\/td>\n<\/tr>\n<tr>\n<td>Gelbe Karten:<\/td>\n<td>Joppi (23.); Konrad (29.), Coric (41.), Uygur (83.)\n<\/td>\n<\/tr>\n<tr>\n<td>Gelb-rote Karten:<\/td>\n<td>\n<\/td>\n<\/tr>\n<tr>\n<td>Rote Karten:<\/td>\n<td>\n<\/td>\n<\/tr>\n<tr>\n<td>Schiedsrichter:<\/td>\n<td>Gerhard Sch\u00e4chl\n<\/td>\n<\/tr>\n<tr>\n<td>Stadion:<\/td>\n<td>Casino-Stadion, Bregenz\n<\/td>\n<\/tr>\n<tr>\n<td>Zuschauer:<\/td>\n<td>600\n<\/td>\n<\/tr>\n<\/tbody>\n<\/table>\n<\/div>\n","protected":false},"excerpt":{"rendered":"<p>Regionalliga West &#8211; 3. Spieltag, 11. August 2012, 17 Uhr SC Bregenz gegen FC Liefering, 3:1 Aufstellung: Thomas D\u00e4hne Rene Aufhauser Stefan Lainer Emre Uygur Wolfgang Mair Matthias Felber Sandro Djuric Robert V\u00f6lkl Josip Coric Felix Adjei Mario Konrad Wechsel: Nikola Dovedan f\u00fcr Adjei (62.), Andreas Bammer f\u00fcr Konrad (62.), Stefan Schwendinger f\u00fcr Felber (81.) [&hellip;]<\/p>\n","protected":false},"author":1,"featured_media":0,"comment_status":"open","ping_status":"open","sticky":false,"template":"","format":"standard","meta":{"footnotes":""},"categories":[1434],"tags":[],"class_list":["post-1818","post","type-post","status-publish","format-standard","hentry","category-3-runde-regionalliga-west-saison-2012"],"_links":{"self":[{"href":"https:\/\/wiki.s12.at\/index.php\/wp-json\/wp\/v2\/posts\/1818","targetHints":{"allow":["GET"]}}],"collection":[{"href":"https:\/\/wiki.s12.at\/index.php\/wp-json\/wp\/v2\/posts"}],"about":[{"href":"https:\/\/wiki.s12.at\/index.php\/wp-json\/wp\/v2\/types\/post"}],"author":[{"embeddable":true,"href":"https:\/\/wiki.s12.at\/index.php\/wp-json\/wp\/v2\/users\/1"}],"replies":[{"embeddable":true,"href":"https:\/\/wiki.s12.at\/index.php\/wp-json\/wp\/v2\/comments?post=1818"}],"version-history":[{"count":0,"href":"https:\/\/wiki.s12.at\/index.php\/wp-json\/wp\/v2\/posts\/1818\/revisions"}],"wp:attachment":[{"href":"https:\/\/wiki.s12.at\/index.php\/wp-json\/wp\/v2\/media?parent=1818"}],"wp:term":[{"taxonomy":"category","embeddable":true,"href":"https:\/\/wiki.s12.at\/index.php\/wp-json\/wp\/v2\/categories?post=1818"},{"taxonomy":"post_tag","embeddable":true,"href":"https:\/\/wiki.s12.at\/index.php\/wp-json\/wp\/v2\/tags?post=1818"}],"curies":[{"name":"wp","href":"https:\/\/api.w.org\/{rel}","templated":true}]}}