{"id":1808,"date":"2026-05-06T14:05:37","date_gmt":"2026-05-06T12:05:37","guid":{"rendered":"https:\/\/wiki.s12.at\/index.php\/2026\/05\/06\/29-runde-saison-2020-21-sk-sturm-graz-gegen-fc-red-bull-salzburg\/"},"modified":"2026-05-06T14:05:37","modified_gmt":"2026-05-06T12:05:37","slug":"29-runde-saison-2020-21-sk-sturm-graz-gegen-fc-red-bull-salzburg","status":"publish","type":"post","link":"https:\/\/wiki.s12.at\/index.php\/2026\/05\/06\/29-runde-saison-2020-21-sk-sturm-graz-gegen-fc-red-bull-salzburg\/","title":{"rendered":"21, SK Sturm Graz gegen FC Red Bull Salzburg"},"content":{"rendered":"<div class=\"mw-parser-output\">\n<h2><span class=\"mw-headline\" id=\"Fakten\">Fakten<\/span><a href=\"\/index.php?title=29._Runde,_Saison_2020\/21,_SK_Sturm_Graz_gegen_FC_Red_Bull_Salzburg&amp;action=edit&amp;section=1\" title=\"Abschnitt bearbeiten: Fakten\">Bearbeiten<\/a><span class=\"mw-editsection-bracket\">]<\/span><\/span><\/h2>\n<table class=\"toptextcells toccolours\">\n<tbody>\n<tr>\n<th colspan=\"2\" style=\"text-align: center; vertical-align: top; padding: 0.3em 0.8em; font-size: 125%; background-color: lightsteelblue;\">SK Sturm Graz gegen FC Red Bull Salzburg, 1:3\n<\/th>\n<\/tr>\n<tr>\n<th style=\"text-align:left;\"><b>Spieltag<\/b>\n<\/th>\n<th style=\"text-align:left;\">Bundesliga &#8211; 29. Runde\n<\/th>\n<\/tr>\n<tr>\n<th style=\"text-align:left;\"><b>Datum<\/b>\n<\/th>\n<th style=\"text-align:left;\">9. Mai 2021\n<\/th>\n<\/tr>\n<tr>\n<th style=\"text-align:left;\"><b>Anpfiff<\/b>\n<\/th>\n<th style=\"text-align:left;\">14.30 Uhr\n<\/th>\n<\/tr>\n<tr>\n<td colspan=\"2\" style=\"text-align:center;\" bgcolor=\"lightgray\"><b>Aufstellung<\/b>\n<\/td>\n<\/tr>\n<tr>\n<th style=\"text-align:left;\"><b>Tor<\/b>\n<\/th>\n<th><a href=\"\/Cican_Stankovic\" title=\"Cican Stankovic\">Cican Stankovic<\/a>\n<\/th>\n<\/tr>\n<tr>\n<th style=\"text-align:left;\"><b>Verteidigung<\/b>\n<\/th>\n<th><a href=\"\/Rasmus_Kristensen\" title=\"Rasmus Kristensen\">Rasmus Kristensen<\/a> &#8211; <a href=\"\/Andre_Ramalho\" class=\"mw-redirect\" title=\"Andre Ramalho\">Andre Ramalho<\/a> &#8211; <a href=\"\/Maximilian_W%C3%B6ber\" title=\"Maximilian W\u00f6ber\">Maximilian W\u00f6ber<\/a> &#8211; <a href=\"\/Andreas_Ulmer\" title=\"Andreas Ulmer\">Andreas Ulmer<\/a>\n<\/th>\n<\/tr>\n<tr>\n<th style=\"text-align:left;\"><b>Mittelfeld<\/b>\n<\/th>\n<th><a href=\"\/Antoine_Bernede\" title=\"Antoine Bernede\">Antoine Bernede<\/a> &#8211; <a href=\"\/Enock_Mwepu\" title=\"Enock Mwepu\">Enock Mwepu<\/a> &#8211; <a href=\"\/Zlatko_Junuzovic\" title=\"Zlatko Junuzovic\">Zlatko Junuzovic<\/a> &#8211; <a href=\"\/Brenden_Aaronson\" title=\"Brenden Aaronson\">Brenden Aaronson<\/a>\n<\/th>\n<\/tr>\n<tr>\n<th style=\"text-align:left;\"><b>Sturm<\/b>\n<\/th>\n<th><a href=\"\/Patson_Daka\" title=\"Patson Daka\">Patson Daka<\/a> &#8211; <a href=\"\/Mergim_Berisha\" title=\"Mergim Berisha\">Mergim Berisha<\/a>\n<\/th>\n<\/tr>\n<tr>\n<td colspan=\"2\" style=\"text-align:center;\" bgcolor=\"lightgray\"><b>Wechsel<\/b>\n<\/td>\n<\/tr>\n<tr>\n<th style=\"text-align:left;\"><b>Wechsel<\/b>\n<\/th>\n<th style=\"text-align:left;\"><a href=\"\/Nicolas_Seiwald\" title=\"Nicolas Seiwald\">Nicolas Seiwald<\/a> f\u00fcr Bernede (65.), <a href=\"\/Karim_Adeyemi\" title=\"Karim Adeyemi\">Karim Adeyemi<\/a> f\u00fcr Daka (63.), <a href=\"\/Noah_Okafor\" title=\"Noah Okafor\">Noah Okafor<\/a> f\u00fcr Berisha (79.), <br \/><a href=\"\/Bernardo\" title=\"Bernardo\">Bernardo<\/a> f\u00fcr Junuzovic (84.), <a href=\"\/Luka_Sucic\" title=\"Luka Sucic\">Luka Sucic<\/a> f\u00fcr Aaronson (84.)\n<\/th>\n<\/tr>\n<tr>\n<td colspan=\"2\" style=\"text-align:center;\" bgcolor=\"lightgray\"><b>Statistik<\/b>\n<\/td>\n<\/tr>\n<tr>\n<th style=\"text-align:left;\"><b>Endstand<\/b>\n<\/th>\n<th style=\"text-align:left;\">1:3 (0:1)\n<\/th>\n<\/tr>\n<tr>\n<th style=\"text-align:left;\"><b>Torsch\u00fctzen<\/b>\n<\/th>\n<th style=\"text-align:left;\">Kiteischvili (56.); Aaronson (20., 78.), Junuzovic (83.)\n<\/th>\n<\/tr>\n<tr>\n<th style=\"text-align:left;\"><b>Gelbe Karten<\/b>\n<\/th>\n<th style=\"text-align:left;\">Stankovic (46.); Adeyemi (96.)\n<\/th>\n<\/tr>\n<tr>\n<th style=\"text-align:left;\"><b>Rote Karten<\/b>\n<\/th>\n<th style=\"text-align:left;\">\n<\/th>\n<\/tr>\n<tr>\n<th style=\"text-align:left;\"><b>Schiedsrichter<\/b>\n<\/th>\n<th style=\"text-align:left;\">Gerhard Grobelnik\n<\/th>\n<\/tr>\n<tr>\n<th style=\"text-align:left;\"><b>Stadion<\/b>\n<\/th>\n<th style=\"text-align:left;\">Merkur-Arena, Graz\n<\/th>\n<\/tr>\n<tr>\n<th style=\"text-align:left;\"><b>Zuschauer<\/b>\n<\/th>\n<th style=\"text-align:left;\">0 (Corona)\n<\/th>\n<\/tr>\n<\/tbody>\n<\/table>\n<h2><span class=\"mw-headline\" id=\"Weblinks\">Weblinks<\/span><a href=\"\/index.php?title=29._Runde,_Saison_2020\/21,_SK_Sturm_Graz_gegen_FC_Red_Bull_Salzburg&amp;action=edit&amp;section=2\" title=\"Abschnitt bearbeiten: Weblinks\">Bearbeiten<\/a><span class=\"mw-editsection-bracket\">]<\/span><\/span><\/h2>\n<p><a rel=\"nofollow\" class=\"external text\" href=\"https:\/\/www.redbullsalzburg.at\/de\/fc-red-bull-salzburg\/news\/saison_2020_21\/aaronson-sichert-wichtigen-dreier-in-graz.html\">Spielbericht Vereinshomepage<\/a>\n<\/p>\n<h2><span class=\"mw-headline\" id=\"Video\">Video<\/span><a href=\"\/index.php?title=29._Runde,_Saison_2020\/21,_SK_Sturm_Graz_gegen_FC_Red_Bull_Salzburg&amp;action=edit&amp;section=3\" title=\"Abschnitt bearbeiten: Video\">Bearbeiten<\/a><span class=\"mw-editsection-bracket\">]<\/span><\/span><\/h2>\n<p>&lt;youtube&gt;SoFfKOotJ8o&lt;\/youtube&gt;\n<\/p>\n<h2><span class=\"mw-headline\" id=\"Stimmen_zum_Spiel\">Stimmen zum Spiel<\/span><a href=\"\/index.php?title=29._Runde,_Saison_2020\/21,_SK_Sturm_Graz_gegen_FC_Red_Bull_Salzburg&amp;action=edit&amp;section=4\" title=\"Abschnitt bearbeiten: Stimmen zum Spiel\">Bearbeiten<\/a><span class=\"mw-editsection-bracket\">]<\/span><\/span><\/h2>\n<ul>\n<li><b>Brenden Aaronson:<\/b> Wir sind auf jeden Fall erleichtert. Es war ein hartes Spiel, vor allem, weil es heute sehr hei\u00df war. Wir haben im letzten Drittel viele Chancen kreiert, aber einige nicht genutzt. Dass wir trotzdem drangeblieben sind und uns das nicht frustriert hat, spricht f\u00fcr die Mannschaft. Das Spiel gegen Rapid werden wir wie ein Finale angehen!<\/li>\n<li><b>Max W\u00f6ber:&#160;:<\/b> Aufgrund der ersten Halbzeit, in der wir schon 3:0 f\u00fchren m\u00fcssen, auf alle F\u00e4lle ein verdienter Sieg. Das 1:1 war komplett unn\u00f6tig. Der Beginn in der zweiten Halbzeit war allgemein ganz, ganz schlecht von uns, wir haben dann aber eine gute Reaktion darauf gezeigt.<\/li>\n<\/ul>\n<\/div>\n","protected":false},"excerpt":{"rendered":"<p>FaktenBearbeiten] SK Sturm Graz gegen FC Red Bull Salzburg, 1:3 Spieltag Bundesliga &#8211; 29. Runde Datum 9. Mai 2021 Anpfiff 14.30 Uhr Aufstellung Tor Cican Stankovic Verteidigung Rasmus Kristensen &#8211; Andre Ramalho &#8211; Maximilian W\u00f6ber &#8211; Andreas Ulmer Mittelfeld Antoine Bernede &#8211; Enock Mwepu &#8211; Zlatko Junuzovic &#8211; Brenden Aaronson Sturm Patson Daka &#8211; Mergim [&hellip;]<\/p>\n","protected":false},"author":1,"featured_media":0,"comment_status":"open","ping_status":"open","sticky":false,"template":"","format":"standard","meta":{"footnotes":""},"categories":[1426],"tags":[],"class_list":["post-1808","post","type-post","status-publish","format-standard","hentry","category-29-runde-saison-2020"],"_links":{"self":[{"href":"https:\/\/wiki.s12.at\/index.php\/wp-json\/wp\/v2\/posts\/1808","targetHints":{"allow":["GET"]}}],"collection":[{"href":"https:\/\/wiki.s12.at\/index.php\/wp-json\/wp\/v2\/posts"}],"about":[{"href":"https:\/\/wiki.s12.at\/index.php\/wp-json\/wp\/v2\/types\/post"}],"author":[{"embeddable":true,"href":"https:\/\/wiki.s12.at\/index.php\/wp-json\/wp\/v2\/users\/1"}],"replies":[{"embeddable":true,"href":"https:\/\/wiki.s12.at\/index.php\/wp-json\/wp\/v2\/comments?post=1808"}],"version-history":[{"count":0,"href":"https:\/\/wiki.s12.at\/index.php\/wp-json\/wp\/v2\/posts\/1808\/revisions"}],"wp:attachment":[{"href":"https:\/\/wiki.s12.at\/index.php\/wp-json\/wp\/v2\/media?parent=1808"}],"wp:term":[{"taxonomy":"category","embeddable":true,"href":"https:\/\/wiki.s12.at\/index.php\/wp-json\/wp\/v2\/categories?post=1808"},{"taxonomy":"post_tag","embeddable":true,"href":"https:\/\/wiki.s12.at\/index.php\/wp-json\/wp\/v2\/tags?post=1808"}],"curies":[{"name":"wp","href":"https:\/\/api.w.org\/{rel}","templated":true}]}}