{"id":1807,"date":"2026-05-06T14:05:36","date_gmt":"2026-05-06T12:05:36","guid":{"rendered":"https:\/\/wiki.s12.at\/index.php\/2026\/05\/06\/29-runde-saison-2020-21-sc-austria-lustenau-gegen-fc-liefering\/"},"modified":"2026-05-06T14:05:36","modified_gmt":"2026-05-06T12:05:36","slug":"29-runde-saison-2020-21-sc-austria-lustenau-gegen-fc-liefering","status":"publish","type":"post","link":"https:\/\/wiki.s12.at\/index.php\/2026\/05\/06\/29-runde-saison-2020-21-sc-austria-lustenau-gegen-fc-liefering\/","title":{"rendered":"21, SC Austria Lustenau gegen FC Liefering"},"content":{"rendered":"<div class=\"mw-parser-output\">\n<h2><span class=\"mw-headline\" id=\"Fakten\">Fakten<\/span><a href=\"\/index.php?title=29._Runde,_Saison_2020\/21,_SC_Austria_Lustenau_gegen_FC_Liefering&amp;action=edit&amp;section=1\" title=\"Abschnitt bearbeiten: Fakten\">Bearbeiten<\/a><span class=\"mw-editsection-bracket\">]<\/span><\/span><\/h2>\n<table class=\"toptextcells toccolours\">\n<tbody>\n<tr>\n<th colspan=\"2\" style=\"text-align: center; vertical-align: top; padding: 0.3em 0.8em; font-size: 125%; background-color: lightsteelblue;\">SC Austria Lustenau gegen FC Liefering, 2:4\n<\/th>\n<\/tr>\n<tr>\n<th style=\"text-align:left;\"><b>Spieltag<\/b>\n<\/th>\n<th style=\"text-align:left;\">2. Liga-29. Runde\n<\/th>\n<\/tr>\n<tr>\n<th style=\"text-align:left;\"><b>Datum<\/b>\n<\/th>\n<th style=\"text-align:left;\">16.  Mai 2021\n<\/th>\n<\/tr>\n<tr>\n<th style=\"text-align:left;\"><b>Anpfiff<\/b>\n<\/th>\n<th style=\"text-align:left;\">14.30 Uhr\n<\/th>\n<\/tr>\n<tr>\n<td colspan=\"2\" style=\"text-align:center;\" bgcolor=\"lightgray\"><b>Aufstellung<\/b>\n<\/td>\n<\/tr>\n<tr>\n<th style=\"text-align:left;\"><b>Tor<\/b>\n<\/th>\n<th><a href=\"\/Adam_Stejskal\" title=\"Adam Stejskal\">Adam Stejskal<\/a>\n<\/th>\n<\/tr>\n<tr>\n<th style=\"text-align:left;\"><b>Verteidigung<\/b>\n<\/th>\n<th><a href=\"\/Benjamin_B%C3%B6ckle\" title=\"Benjamin B\u00f6ckle\">Benjamin B\u00f6ckle<\/a> &#8211; <a href=\"\/David_Affengruber\" title=\"David Affengruber\">David Affengruber<\/a> &#8211; <a href=\"\/Bryan_Okoh\" title=\"Bryan Okoh\">Bryan Okoh<\/a> &#8211; <a href=\"\/Amar_Dedic\" title=\"Amar Dedic\">Amar Dedic <\/a>\n<\/th>\n<\/tr>\n<tr>\n<th style=\"text-align:left;\"><b>Mittelfeld<\/b>\n<\/th>\n<th><a href=\"\/Maurits_Kjaergaard\" title=\"Maurits Kjaergaard\">Maurits Kjaergaard<\/a> &#8211; <a href=\"\/Mamady_Diambou\" title=\"Mamady Diambou\">Mamady Diambou<\/a> &#8211; <a href=\"\/Luka_Sucic\" title=\"Luka Sucic\">Luka Sucic<\/a> &#8211; <a href=\"\/Alexander_Prass\" title=\"Alexander Prass\">Alexander Prass<\/a>\n<\/th>\n<\/tr>\n<tr>\n<th style=\"text-align:left;\"><b>Sturm<\/b>\n<\/th>\n<th><a href=\"\/Benjamin_Sesko\" class=\"mw-redirect\" title=\"Benjamin Sesko\">Benjamin Sesko<\/a> &#8211; <a href=\"\/Elias_Havel\" title=\"Elias Havel\">Elias Havel<\/a>\n<\/th>\n<\/tr>\n<tr>\n<td colspan=\"2\" style=\"text-align:center;\" bgcolor=\"lightgray\"><b>Wechsel<\/b>\n<\/td>\n<\/tr>\n<tr>\n<th style=\"text-align:left;\"><b>Wechsel<\/b>\n<\/th>\n<th style=\"text-align:left;\"><a href=\"\/Sebastian_Aigner\" title=\"Sebastian Aigner\">Sebastian Aigner<\/a> f\u00fcr Diambou (46.), <a href=\"\/Forson_Amankwah\" class=\"mw-redirect\" title=\"Forson Amankwah\">Forson Amankwah<\/a> f\u00fcr B\u00f6ckle (55.), <br \/><a href=\"\/Nene_Dorgeles\" title=\"Nene Dorgeles\">Nene Dorgeles<\/a> f\u00fcr Havel (72.), <a href=\"\/Antonin_Svoboda\" title=\"Antonin Svoboda\">Antonin Svoboda<\/a> f\u00fcr Kjaergaard (91.)\n<\/th>\n<\/tr>\n<tr>\n<td colspan=\"2\" style=\"text-align:center;\" bgcolor=\"lightgray\"><b>Statistik<\/b>\n<\/td>\n<\/tr>\n<tr>\n<th style=\"text-align:left;\"><b>Endstand<\/b>\n<\/th>\n<th style=\"text-align:left;\">2:4 (0:1)\n<\/th>\n<\/tr>\n<tr>\n<th style=\"text-align:left;\"><b>Torsch\u00fctzen<\/b>\n<\/th>\n<th style=\"text-align:left;\">Tabakovic (48.,E.), Baiye (58.); Sesko ( 29., 87., 91.), Amankwah (73.)\n<\/th>\n<\/tr>\n<tr>\n<th style=\"text-align:left;\"><b>Gelbe Karten<\/b>\n<\/th>\n<th style=\"text-align:left;\">Havel (10.), B\u00f6ckle (11.), Diambou (34.), Sesko (48.), Aigner (92.)\n<\/th>\n<\/tr>\n<tr>\n<th style=\"text-align:left;\"><b>Rote Karten<\/b>\n<\/th>\n<th style=\"text-align:left;\">\n<\/th>\n<\/tr>\n<tr>\n<th style=\"text-align:left;\"><b>Schiedsrichter<\/b>\n<\/th>\n<th style=\"text-align:left;\">Achim Untergasser\n<\/th>\n<\/tr>\n<tr>\n<th style=\"text-align:left;\"><b>Stadion<\/b>\n<\/th>\n<th style=\"text-align:left;\">Planet Pure Stadion, Lustenau\n<\/th>\n<\/tr>\n<tr>\n<th style=\"text-align:left;\"><b>Zuschauer<\/b>\n<\/th>\n<th style=\"text-align:left;\">10&#8211;0\n<\/th>\n<\/tr>\n<\/tbody>\n<\/table>\n<h2><span class=\"mw-headline\" id=\"Stimmen_zum_Spiel\">Stimmen zum Spiel<\/span><a href=\"\/index.php?title=29._Runde,_Saison_2020\/21,_SC_Austria_Lustenau_gegen_FC_Liefering&amp;action=edit&amp;section=2\" title=\"Abschnitt bearbeiten: Stimmen zum Spiel\">Bearbeiten<\/a><span class=\"mw-editsection-bracket\">]<\/span><\/span><\/h2>\n<ul>\n<li><b>Matthias Jaissle<\/b>: Gl\u00fcckwunsch an meine Mannschaft! Diese Jungs haben eine wahnsinnige Mentalit\u00e4t. Wieder war\u2019s ein super Comeback nach zwischenzeitlichem R\u00fcckstand. Wir haben bis jetzt eine \u00fcberragende Saison gespielt und wollen diese am n\u00e4chsten Sonntag mit einem Sieg gegen Blau-Wei\u00df Linz kr\u00f6nen.<\/li>\n<\/ul>\n<h2><span class=\"mw-headline\" id=\"Weblinks\">Weblinks<\/span><a href=\"\/index.php?title=29._Runde,_Saison_2020\/21,_SC_Austria_Lustenau_gegen_FC_Liefering&amp;action=edit&amp;section=3\" title=\"Abschnitt bearbeiten: Weblinks\">Bearbeiten<\/a><span class=\"mw-editsection-bracket\">]<\/span><\/span><\/h2>\n<\/div>\n","protected":false},"excerpt":{"rendered":"<p>FaktenBearbeiten] SC Austria Lustenau gegen FC Liefering, 2:4 Spieltag 2. Liga-29. Runde Datum 16. Mai 2021 Anpfiff 14.30 Uhr Aufstellung Tor Adam Stejskal Verteidigung Benjamin B\u00f6ckle &#8211; David Affengruber &#8211; Bryan Okoh &#8211; Amar Dedic Mittelfeld Maurits Kjaergaard &#8211; Mamady Diambou &#8211; Luka Sucic &#8211; Alexander Prass Sturm Benjamin Sesko &#8211; Elias Havel Wechsel Wechsel [&hellip;]<\/p>\n","protected":false},"author":1,"featured_media":0,"comment_status":"open","ping_status":"open","sticky":false,"template":"","format":"standard","meta":{"footnotes":""},"categories":[1426],"tags":[],"class_list":["post-1807","post","type-post","status-publish","format-standard","hentry","category-29-runde-saison-2020"],"_links":{"self":[{"href":"https:\/\/wiki.s12.at\/index.php\/wp-json\/wp\/v2\/posts\/1807","targetHints":{"allow":["GET"]}}],"collection":[{"href":"https:\/\/wiki.s12.at\/index.php\/wp-json\/wp\/v2\/posts"}],"about":[{"href":"https:\/\/wiki.s12.at\/index.php\/wp-json\/wp\/v2\/types\/post"}],"author":[{"embeddable":true,"href":"https:\/\/wiki.s12.at\/index.php\/wp-json\/wp\/v2\/users\/1"}],"replies":[{"embeddable":true,"href":"https:\/\/wiki.s12.at\/index.php\/wp-json\/wp\/v2\/comments?post=1807"}],"version-history":[{"count":0,"href":"https:\/\/wiki.s12.at\/index.php\/wp-json\/wp\/v2\/posts\/1807\/revisions"}],"wp:attachment":[{"href":"https:\/\/wiki.s12.at\/index.php\/wp-json\/wp\/v2\/media?parent=1807"}],"wp:term":[{"taxonomy":"category","embeddable":true,"href":"https:\/\/wiki.s12.at\/index.php\/wp-json\/wp\/v2\/categories?post=1807"},{"taxonomy":"post_tag","embeddable":true,"href":"https:\/\/wiki.s12.at\/index.php\/wp-json\/wp\/v2\/tags?post=1807"}],"curies":[{"name":"wp","href":"https:\/\/api.w.org\/{rel}","templated":true}]}}