{"id":1805,"date":"2026-05-06T14:05:35","date_gmt":"2026-05-06T12:05:35","guid":{"rendered":"https:\/\/wiki.s12.at\/index.php\/2026\/05\/06\/29-runde-saison-2019-20-fc-juniors-ooe-gegen-fc-liefering\/"},"modified":"2026-05-06T14:05:35","modified_gmt":"2026-05-06T12:05:35","slug":"29-runde-saison-2019-20-fc-juniors-ooe-gegen-fc-liefering","status":"publish","type":"post","link":"https:\/\/wiki.s12.at\/index.php\/2026\/05\/06\/29-runde-saison-2019-20-fc-juniors-ooe-gegen-fc-liefering\/","title":{"rendered":"20, FC Juniors O\u00d6 gegen FC Liefering"},"content":{"rendered":"<div class=\"mw-parser-output\">\n<h2><span class=\"mw-headline\" id=\"Fakten\">Fakten<\/span><a href=\"\/index.php?title=29._Runde,_Saison_2019\/20,_FC_Juniors_O%C3%96_gegen_FC_Liefering&amp;action=edit&amp;section=1\" title=\"Abschnitt bearbeiten: Fakten\">Bearbeiten<\/a><span class=\"mw-editsection-bracket\">]<\/span><\/span><\/h2>\n<table class=\"toptextcells toccolours\">\n<tbody>\n<tr>\n<th colspan=\"2\" style=\"text-align: center; vertical-align: top; padding: 0.3em 0.8em; font-size: 125%; background-color: lightsteelblue;\">FC Juniors O\u00d6 gegen FC Liefering, 0:5\n<\/th>\n<\/tr>\n<tr>\n<th style=\"text-align:left;\"><b>Spieltag<\/b>\n<\/th>\n<th style=\"text-align:left;\">2. Liga-29. Runde\n<\/th>\n<\/tr>\n<tr>\n<th style=\"text-align:left;\"><b>Datum<\/b>\n<\/th>\n<th style=\"text-align:left;\">24. Juli 2020\n<\/th>\n<\/tr>\n<tr>\n<th style=\"text-align:left;\"><b>Anpfiff<\/b>\n<\/th>\n<th style=\"text-align:left;\">20.30 Uhr\n<\/th>\n<\/tr>\n<tr>\n<td colspan=\"2\" style=\"text-align:center;\" bgcolor=\"lightgray\"><b>Aufstellung<\/b>\n<\/td>\n<\/tr>\n<tr>\n<th style=\"text-align:left;\"><b>Tor<\/b>\n<\/th>\n<th><a href=\"\/Adam_Stejskal\" title=\"Adam Stejskal\">Adam Stejskal<\/a>\n<\/th>\n<\/tr>\n<tr>\n<th style=\"text-align:left;\"><b>Verteidigung<\/b>\n<\/th>\n<th><a href=\"\/Sebastian_Aigner\" title=\"Sebastian Aigner\">Sebastian Aigner<\/a> &#8211; <a href=\"\/Alois_Oroz\" title=\"Alois Oroz\">Alois Oroz <\/a> &#8211; <a href=\"\/David_Affengruber\" title=\"David Affengruber\">David Affengruber<\/a> &#8211; <a href=\"\/Jusuf_Gazibegovic\" title=\"Jusuf Gazibegovic\">Jusuf Gazibegovic<\/a>\n<\/th>\n<\/tr>\n<tr>\n<th style=\"text-align:left;\"><b>Mittelfeld<\/b>\n<\/th>\n<th><a href=\"\/Samuel_Major\" title=\"Samuel Major\">Samuel Major<\/a> &#8211; <a href=\"\/Maurits_Kjaergaard\" title=\"Maurits Kjaergaard\">Maurits Kjaergaard<\/a> &#8211; <a href=\"\/Luis_Phelipe\" title=\"Luis Phelipe\">Luis Phelipe<\/a> &#8211; <a href=\"\/Nikola_Stosic\" title=\"Nikola Stosic\">Nikola Stosic<\/a>\n<\/th>\n<\/tr>\n<tr>\n<th style=\"text-align:left;\"><b>Sturm<\/b>\n<\/th>\n<th><a href=\"\/Alexander_Prass\" title=\"Alexander Prass\">Alexander Prass<\/a> &#8211; <a href=\"\/Tobias_Anselm\" title=\"Tobias Anselm\">Tobias Anselm<\/a>\n<\/th>\n<\/tr>\n<tr>\n<td colspan=\"2\" style=\"text-align:center;\" bgcolor=\"lightgray\"><b>Wechsel<\/b>\n<\/td>\n<\/tr>\n<tr>\n<th style=\"text-align:left;\"><b>Wechsel<\/b>\n<\/th>\n<th style=\"text-align:left;\"><a href=\"\/Fabian_Windhager\" title=\"Fabian Windhager\">Fabian Windhager<\/a> f\u00fcr Prass (71.), <a href=\"\/Thomas_Schiestl\" title=\"Thomas Schiestl\">Thomas Schiestl<\/a> f\u00fcr Phelipe (79.), <a href=\"\/Bryan_Okoh\" title=\"Bryan Okoh\">Bryan Okoh<\/a> f\u00fcr Anselm (82.)\n<\/th>\n<\/tr>\n<tr>\n<td colspan=\"2\" style=\"text-align:center;\" bgcolor=\"lightgray\"><b>Statistik<\/b>\n<\/td>\n<\/tr>\n<tr>\n<th style=\"text-align:left;\"><b>Endstand<\/b>\n<\/th>\n<th style=\"text-align:left;\">0:5 (0:2)\n<\/th>\n<\/tr>\n<tr>\n<th style=\"text-align:left;\"><b>Torsch\u00fctzen<\/b>\n<\/th>\n<th style=\"text-align:left;\">Luis Phelipe (34.), Affengruber (39.), Aigner (49.), Stosic (78.), Hong (87.\/ET)\n<\/th>\n<\/tr>\n<tr>\n<th style=\"text-align:left;\"><b>Gelbe Karten<\/b>\n<\/th>\n<th style=\"text-align:left;\">Cvetko (38.), Boller (73.); Aigner (86.)\n<\/th>\n<\/tr>\n<tr>\n<th style=\"text-align:left;\"><b>Rote Karten<\/b>\n<\/th>\n<th style=\"text-align:left;\">\n<\/th>\n<\/tr>\n<tr>\n<th style=\"text-align:left;\"><b>Schiedsrichter<\/b>\n<\/th>\n<th style=\"text-align:left;\">Josef Spurny\n<\/th>\n<\/tr>\n<tr>\n<th style=\"text-align:left;\"><b>Stadion<\/b>\n<\/th>\n<th style=\"text-align:left;\">Raiffeisen Arena, Pasching\n<\/th>\n<\/tr>\n<tr>\n<th style=\"text-align:left;\"><b>Zuschauer<\/b>\n<\/th>\n<th style=\"text-align:left;\">Wegen Corona keine Zuschauer erlaubt\n<\/th>\n<\/tr>\n<\/tbody>\n<\/table>\n<h2><span class=\"mw-headline\" id=\"Weblinks\">Weblinks<\/span><a href=\"\/index.php?title=29._Runde,_Saison_2019\/20,_FC_Juniors_O%C3%96_gegen_FC_Liefering&amp;action=edit&amp;section=2\" title=\"Abschnitt bearbeiten: Weblinks\">Bearbeiten<\/a><span class=\"mw-editsection-bracket\">]<\/span><\/span><\/h2>\n<p><a rel=\"nofollow\" class=\"external text\" href=\"https:\/\/www.fc-liefering.at\/de\/fc-liefering\/news\/saison_2019_20\/treffsichere-abwehrkraefte.html\">Spielbericht Vereinshomepage<\/a>\n<\/p>\n<h2><span class=\"mw-headline\" id=\"Stimmen_zum_Spiel\">Stimmen zum Spiel<\/span><a href=\"\/index.php?title=29._Runde,_Saison_2019\/20,_FC_Juniors_O%C3%96_gegen_FC_Liefering&amp;action=edit&amp;section=3\" title=\"Abschnitt bearbeiten: Stimmen zum Spiel\">Bearbeiten<\/a><span class=\"mw-editsection-bracket\">]<\/span><\/span><\/h2>\n<ul>\n<li><b>Bo Svensson:<\/b> Ein \u00fcberragendes Ergebnis, eine \u00fcberragende Leistung! Es ist einfach nur unglaublich, was die Jungs abliefern. Hier gewinnst du mit f\u00fcnf Toren Differenz, so ein gro\u00dfer Unterschied war\u2019s eher nicht. Aber die Art und Weise, wie wir die Tore machen, wie wir gemeinsam verteidigen und wie die Mannschaft zusammenarbeitet, das ist schon hohes Niveau. Ohne \u00fcberheblich klingen zu wollen, aber wer kann das noch besser?! F\u00fcr den Teamspirit ist das schon Wahnsinn!<\/li>\n<\/ul>\n<\/div>\n","protected":false},"excerpt":{"rendered":"<p>FaktenBearbeiten] FC Juniors O\u00d6 gegen FC Liefering, 0:5 Spieltag 2. Liga-29. Runde Datum 24. Juli 2020 Anpfiff 20.30 Uhr Aufstellung Tor Adam Stejskal Verteidigung Sebastian Aigner &#8211; Alois Oroz &#8211; David Affengruber &#8211; Jusuf Gazibegovic Mittelfeld Samuel Major &#8211; Maurits Kjaergaard &#8211; Luis Phelipe &#8211; Nikola Stosic Sturm Alexander Prass &#8211; Tobias Anselm Wechsel Wechsel [&hellip;]<\/p>\n","protected":false},"author":1,"featured_media":0,"comment_status":"open","ping_status":"open","sticky":false,"template":"","format":"standard","meta":{"footnotes":""},"categories":[1425],"tags":[],"class_list":["post-1805","post","type-post","status-publish","format-standard","hentry","category-29-runde-saison-2019"],"_links":{"self":[{"href":"https:\/\/wiki.s12.at\/index.php\/wp-json\/wp\/v2\/posts\/1805","targetHints":{"allow":["GET"]}}],"collection":[{"href":"https:\/\/wiki.s12.at\/index.php\/wp-json\/wp\/v2\/posts"}],"about":[{"href":"https:\/\/wiki.s12.at\/index.php\/wp-json\/wp\/v2\/types\/post"}],"author":[{"embeddable":true,"href":"https:\/\/wiki.s12.at\/index.php\/wp-json\/wp\/v2\/users\/1"}],"replies":[{"embeddable":true,"href":"https:\/\/wiki.s12.at\/index.php\/wp-json\/wp\/v2\/comments?post=1805"}],"version-history":[{"count":0,"href":"https:\/\/wiki.s12.at\/index.php\/wp-json\/wp\/v2\/posts\/1805\/revisions"}],"wp:attachment":[{"href":"https:\/\/wiki.s12.at\/index.php\/wp-json\/wp\/v2\/media?parent=1805"}],"wp:term":[{"taxonomy":"category","embeddable":true,"href":"https:\/\/wiki.s12.at\/index.php\/wp-json\/wp\/v2\/categories?post=1805"},{"taxonomy":"post_tag","embeddable":true,"href":"https:\/\/wiki.s12.at\/index.php\/wp-json\/wp\/v2\/tags?post=1805"}],"curies":[{"name":"wp","href":"https:\/\/api.w.org\/{rel}","templated":true}]}}