{"id":1804,"date":"2026-05-06T14:05:34","date_gmt":"2026-05-06T12:05:34","guid":{"rendered":"https:\/\/wiki.s12.at\/index.php\/2026\/05\/06\/29-runde-saison-2018-19-fk-austria-wien-gegen-fc-red-bull-salzburg\/"},"modified":"2026-05-06T14:05:34","modified_gmt":"2026-05-06T12:05:34","slug":"29-runde-saison-2018-19-fk-austria-wien-gegen-fc-red-bull-salzburg","status":"publish","type":"post","link":"https:\/\/wiki.s12.at\/index.php\/2026\/05\/06\/29-runde-saison-2018-19-fk-austria-wien-gegen-fc-red-bull-salzburg\/","title":{"rendered":"19, FK Austria Wien gegen FC Red Bull Salzburg"},"content":{"rendered":"<div class=\"mw-parser-output\">\n<h2><span class=\"mw-headline\" id=\"Fakten\">Fakten<\/span><a href=\"\/index.php?title=29._Runde,_Saison_2018\/19,_FK_Austria_Wien_gegen_FC_Red_Bull_Salzburg&amp;action=edit&amp;section=1\" title=\"Abschnitt bearbeiten: Fakten\">Bearbeiten<\/a><span class=\"mw-editsection-bracket\">]<\/span><\/span><\/h2>\n<table class=\"toptextcells toccolours\">\n<tbody>\n<tr>\n<th colspan=\"2\" style=\"text-align: center; vertical-align: top; padding: 0.3em 0.8em; font-size: 125%; background-color: lightsteelblue;\">FK Austria Wien gegen FC Red Bull Salzburg, 1:2\n<\/th>\n<\/tr>\n<tr>\n<th style=\"text-align:left;\"><b>Spieltag<\/b>\n<\/th>\n<th style=\"text-align:left;\">Bundesliga Meistergruppe &#8211; 28. Spieltag\n<\/th>\n<\/tr>\n<tr>\n<th style=\"text-align:left;\"><b>Datum<\/b>\n<\/th>\n<th style=\"text-align:left;\">5. Mai 2019\n<\/th>\n<\/tr>\n<tr>\n<th style=\"text-align:left;\"><b>Anpfiff<\/b>\n<\/th>\n<th style=\"text-align:left;\">17 Uhr\n<\/th>\n<\/tr>\n<tr>\n<td colspan=\"2\" style=\"text-align:center;\" bgcolor=\"lightgray\"><b>Aufstellung<\/b>\n<\/td>\n<\/tr>\n<tr>\n<th style=\"text-align:left;\"><b>Tor<\/b>\n<\/th>\n<th><a href=\"\/Cican_Stankovic\" title=\"Cican Stankovic\">Cican Stankovic<\/a>\n<\/th>\n<\/tr>\n<tr>\n<th style=\"text-align:left;\"><b>Verteidigung<\/b>\n<\/th>\n<th><a href=\"\/Stefan_Lainer\" title=\"Stefan Lainer\">Stefan Lainer<\/a> &#8211; <a href=\"\/Andre_Ramalho\" class=\"mw-redirect\" title=\"Andre Ramalho\">Andre Ramalho<\/a> &#8211; <a href=\"\/Albert_Vallci\" title=\"Albert Vallci\">Albert Vallci<\/a> &#8211; <a href=\"\/Darko_Todorovic\" title=\"Darko Todorovic\">Darko Todorovic<\/a>\n<\/th>\n<\/tr>\n<tr>\n<th style=\"text-align:left;\"><b>Mittelfeld<\/b>\n<\/th>\n<th><a href=\"\/Dominik_Szoboszlai\" title=\"Dominik Szoboszlai\">Dominik Szoboszlai<\/a> &#8211; <a href=\"\/Diadie_Samassekou\" title=\"Diadie Samassekou\">Diadie Samassekou<\/a> &#8211; <a href=\"\/Antoine_Bernede\" title=\"Antoine Bernede\">Antoine Bernede<\/a> &#8211; <a href=\"\/Takumi_Minamino\" title=\"Takumi Minamino\">Takumi Minamino<\/a>\n<\/th>\n<\/tr>\n<tr>\n<th style=\"text-align:left;\"><b>Sturm<\/b>\n<\/th>\n<th><a href=\"\/Patson_Daka\" title=\"Patson Daka\">Patson Daka<\/a> &#8211; <a href=\"\/Smail_Prevljak\" title=\"Smail Prevljak\">Smail Prevljak<\/a>\n<\/th>\n<\/tr>\n<tr>\n<td colspan=\"2\" style=\"text-align:center;\" bgcolor=\"lightgray\"><b>Wechsel<\/b>\n<\/td>\n<\/tr>\n<tr>\n<th style=\"text-align:left;\"><b>Wechsel<\/b>\n<\/th>\n<th style=\"text-align:left;\"><a href=\"\/Munas_Dabbur\" title=\"Munas Dabbur\">Munas Dabbur<\/a> f\u00fcr Daka (59.), <a href=\"\/Hannes_Wolf\" title=\"Hannes Wolf\">Hannes Wolf<\/a> f\u00fcr Prevljak (68.), <a href=\"\/Fredrik_Gulbrandsen\" title=\"Fredrik Gulbrandsen\">Fredrik Gulbrandsen<\/a> f\u00fcr Szoboszlai (77.)\n<\/th>\n<\/tr>\n<tr>\n<td colspan=\"2\" style=\"text-align:center;\" bgcolor=\"lightgray\"><b>Statistik<\/b>\n<\/td>\n<\/tr>\n<tr>\n<th style=\"text-align:left;\"><b>Endstand<\/b>\n<\/th>\n<th style=\"text-align:left;\">1:2 (0:0)\n<\/th>\n<\/tr>\n<tr>\n<th style=\"text-align:left;\"><b>Torsch\u00fctzen<\/b>\n<\/th>\n<th style=\"text-align:left;\">Prokop (71.); Schlager (82.), Wolf (86.)\n<\/th>\n<\/tr>\n<tr>\n<th style=\"text-align:left;\"><b>Gelbe Karten<\/b>\n<\/th>\n<th style=\"text-align:left;\">Demaku  (11.), Igor (38.), Gr\u00fcnwald (60.), Madl (94.)\n<\/th>\n<\/tr>\n<tr>\n<th style=\"text-align:left;\"><b>Rote Karten<\/b>\n<\/th>\n<th style=\"text-align:left;\">\n<\/th>\n<\/tr>\n<tr>\n<th style=\"text-align:left;\"><b>Schiedsrichter<\/b>\n<\/th>\n<th style=\"text-align:left;\">Alexander Harkam\n<\/th>\n<\/tr>\n<tr>\n<th style=\"text-align:left;\"><b>Stadion<\/b>\n<\/th>\n<th style=\"text-align:left;\">Generali Arena, Wien\n<\/th>\n<\/tr>\n<tr>\n<th style=\"text-align:left;\"><b>Zuschauer<\/b>\n<\/th>\n<th style=\"text-align:left;\">9 578\n<\/th>\n<\/tr>\n<\/tbody>\n<\/table>\n<ul>\n<li>Antoine Bernede bestritt sein Startelfdeb\u00fct.<\/li>\n<li>Salzburg erreichte durch den Sieg den 13 Meistertitel in der Vereinsgeschichte.<\/li>\n<\/ul>\n<h2><span class=\"mw-headline\" id=\"Weblinks\">Weblinks<\/span><a href=\"\/index.php?title=29._Runde,_Saison_2018\/19,_FK_Austria_Wien_gegen_FC_Red_Bull_Salzburg&amp;action=edit&amp;section=2\" title=\"Abschnitt bearbeiten: Weblinks\">Bearbeiten<\/a><span class=\"mw-editsection-bracket\">]<\/span><\/span><\/h2>\n<p><a rel=\"nofollow\" class=\"external text\" href=\"https:\/\/www.redbullsalzburg.at\/de\/fc-red-bull-salzburg\/news\/saison_2018_19\/das-war-unser-meisterstueck.html\">Spielbericht Vereinshomepage<\/a>\n<\/p>\n<h2><span class=\"mw-headline\" id=\"Stimmen_zum_Spiel\">Stimmen zum Spiel<\/span><a href=\"\/index.php?title=29._Runde,_Saison_2018\/19,_FK_Austria_Wien_gegen_FC_Red_Bull_Salzburg&amp;action=edit&amp;section=3\" title=\"Abschnitt bearbeiten: Stimmen zum Spiel\">Bearbeiten<\/a><span class=\"mw-editsection-bracket\">]<\/span><\/span><\/h2>\n<p><b>Marco Rose:<\/b>Wir wollten heute unbedingt Meister werden, die Austria hatte da aber was dagegen. Wir haben heute auf Frische gesetzt, hatten von Beginn an vollstes Vertrauen in unseren Kader. Man hat auch gesehen, dass wir ein paar Minuten gebraucht haben, bis wir in Schwung gekommen sind. Unser Spiel war heute ordentlich, und die Chancen, die unser Gegner vorgefunden hat, resultierten aus Eigenfehlern. Wir haben im Klub hohe Anspr\u00fcche, an denen misst man uns Jahr f\u00fcr Jahr. Wenn man dann gemeinsam Titel erreicht, macht das unglaublich stolz.\n<\/p>\n<p><b>Stefan Lainer:<\/b> Es war heute nicht einfach, es war ein richtig schweres Spiel. Wir sind sehr froh, dass wir den Titel heute trotz R\u00fcckstand fixieren konnten. Jetzt haben wir beide Titel eingefahren und k\u00f6nnen ein wenig feiern. Heute hat man wieder den Charakter unserer Mannschaft gesehen, wir konnten bei dem Wetter und dem R\u00fcckstand wieder eine tolle Mentalit\u00e4t in der Schlussphase zeigen. Den Stern muss man sich erst verdienen, das haben wir definitiv gemacht. Wir werden ihn mit Stolz tragen!\n<\/p>\n<p><b>Hannes Wolf:<\/b> Nach dem R\u00fcckstand hat wohl nicht mehr jeder damit gerechnet, dass wir das drehen. Wir sind \u00fcbergl\u00fccklich, dass uns das heute noch gelungen ist. Auch wenn die beiden entscheidenden Tore abgef\u00e4lscht waren, haben wir uns \u00fcber die Saison gesehen verdient die Meisterkrone aufgesetzt. Wir wollten das heute unbedingt schaffen, sch\u00f6n, dass es wirklich so geklappt hat.\n<\/p>\n<\/div>\n","protected":false},"excerpt":{"rendered":"<p>FaktenBearbeiten] FK Austria Wien gegen FC Red Bull Salzburg, 1:2 Spieltag Bundesliga Meistergruppe &#8211; 28. Spieltag Datum 5. Mai 2019 Anpfiff 17 Uhr Aufstellung Tor Cican Stankovic Verteidigung Stefan Lainer &#8211; Andre Ramalho &#8211; Albert Vallci &#8211; Darko Todorovic Mittelfeld Dominik Szoboszlai &#8211; Diadie Samassekou &#8211; Antoine Bernede &#8211; Takumi Minamino Sturm Patson Daka &#8211; [&hellip;]<\/p>\n","protected":false},"author":1,"featured_media":0,"comment_status":"open","ping_status":"open","sticky":false,"template":"","format":"standard","meta":{"footnotes":""},"categories":[1424],"tags":[],"class_list":["post-1804","post","type-post","status-publish","format-standard","hentry","category-29-runde-saison-2018"],"_links":{"self":[{"href":"https:\/\/wiki.s12.at\/index.php\/wp-json\/wp\/v2\/posts\/1804","targetHints":{"allow":["GET"]}}],"collection":[{"href":"https:\/\/wiki.s12.at\/index.php\/wp-json\/wp\/v2\/posts"}],"about":[{"href":"https:\/\/wiki.s12.at\/index.php\/wp-json\/wp\/v2\/types\/post"}],"author":[{"embeddable":true,"href":"https:\/\/wiki.s12.at\/index.php\/wp-json\/wp\/v2\/users\/1"}],"replies":[{"embeddable":true,"href":"https:\/\/wiki.s12.at\/index.php\/wp-json\/wp\/v2\/comments?post=1804"}],"version-history":[{"count":0,"href":"https:\/\/wiki.s12.at\/index.php\/wp-json\/wp\/v2\/posts\/1804\/revisions"}],"wp:attachment":[{"href":"https:\/\/wiki.s12.at\/index.php\/wp-json\/wp\/v2\/media?parent=1804"}],"wp:term":[{"taxonomy":"category","embeddable":true,"href":"https:\/\/wiki.s12.at\/index.php\/wp-json\/wp\/v2\/categories?post=1804"},{"taxonomy":"post_tag","embeddable":true,"href":"https:\/\/wiki.s12.at\/index.php\/wp-json\/wp\/v2\/tags?post=1804"}],"curies":[{"name":"wp","href":"https:\/\/api.w.org\/{rel}","templated":true}]}}