{"id":1803,"date":"2026-05-06T14:05:34","date_gmt":"2026-05-06T12:05:34","guid":{"rendered":"https:\/\/wiki.s12.at\/index.php\/2026\/05\/06\/29-runde-saison-2018-19-fc-wacker-innsbruck-amateure-gegen-fc-liefering\/"},"modified":"2026-05-06T14:05:34","modified_gmt":"2026-05-06T12:05:34","slug":"29-runde-saison-2018-19-fc-wacker-innsbruck-amateure-gegen-fc-liefering","status":"publish","type":"post","link":"https:\/\/wiki.s12.at\/index.php\/2026\/05\/06\/29-runde-saison-2018-19-fc-wacker-innsbruck-amateure-gegen-fc-liefering\/","title":{"rendered":"19, FC Wacker Innsbruck Amateure gegen FC Liefering"},"content":{"rendered":"<div class=\"mw-parser-output\">\n<h2><span class=\"mw-headline\" id=\"Fakten\">Fakten<\/span><a href=\"\/index.php?title=29._Runde,_Saison_2018\/19,_FC_Wacker_Innsbruck_Amateure_gegen_FC_Liefering&amp;action=edit&amp;section=1\" title=\"Abschnitt bearbeiten: Fakten\">Bearbeiten<\/a><span class=\"mw-editsection-bracket\">]<\/span><\/span><\/h2>\n<table class=\"toptextcells toccolours\">\n<tbody>\n<tr>\n<th colspan=\"2\" style=\"text-align: center; vertical-align: top; padding: 0.3em 0.8em; font-size: 125%; background-color: lightsteelblue;\">Wacker Innsbruck Amateure gegen FC Liefering, 1:1\n<\/th>\n<\/tr>\n<tr>\n<th style=\"text-align:left;\"><b>Spieltag<\/b>\n<\/th>\n<th style=\"text-align:left;\">2. Liga &#8211; 29. Runde\n<\/th>\n<\/tr>\n<tr>\n<th style=\"text-align:left;\"><b>Datum<\/b>\n<\/th>\n<th style=\"text-align:left;\">29. Mai 2019\n<\/th>\n<\/tr>\n<tr>\n<th style=\"text-align:left;\"><b>Anpfiff<\/b>\n<\/th>\n<th style=\"text-align:left;\">19.10 Uhr\n<\/th>\n<\/tr>\n<tr>\n<td colspan=\"2\" style=\"text-align:center;\" bgcolor=\"lightgray\"><b>Aufstellung<\/b>\n<\/td>\n<\/tr>\n<tr>\n<th style=\"text-align:left;\"><b>Tor<\/b>\n<\/th>\n<th><a href=\"\/Daniel_Antosch\" title=\"Daniel Antosch\">Daniel Antosch<\/a>\n<\/th>\n<\/tr>\n<tr>\n<th style=\"text-align:left;\"><b>Verteidigung<\/b>\n<\/th>\n<th>Kilian Ludewig &#8211; <a href=\"\/Dominik_Oroz\" class=\"mw-redirect\" title=\"Dominik Oroz\">Dominik Oroz <\/a>  &#8211;  <a href=\"\/Dominik_Stumberger\" title=\"Dominik Stumberger\">Dominik Stumberger<\/a> &#8211; <a href=\"\/Tobias_Berger\" title=\"Tobias Berger\">Tobias Berger<\/a>\n<\/th>\n<\/tr>\n<tr>\n<th style=\"text-align:left;\"><b>Mittelfeld<\/b>\n<\/th>\n<th><a href=\"\/Junior_Adamu\" class=\"mw-redirect\" title=\"Junior Adamu\">Junior Adamu<\/a> &#8211; <a href=\"\/Nicolas_Seiwald\" title=\"Nicolas Seiwald\">Nicolas Seiwald<\/a> &#8211; <a href=\"\/Philipp_Sturm\" title=\"Philipp Sturm\">Philipp Sturm<\/a> &#8211; <a href=\"\/Alexander_Prass\" title=\"Alexander Prass\">Alexander Prass<\/a>\n<\/th>\n<\/tr>\n<tr>\n<th style=\"text-align:left;\"><b>Sturm<\/b>\n<\/th>\n<th><a href=\"\/Anderson_Niangbo\" title=\"Anderson Niangbo\">Anderson Niangbo<\/a> &#8211;  <a href=\"\/Alexander_Schmidt\" title=\"Alexander Schmidt\">Alexander Schmidt<\/a>\n<\/th>\n<\/tr>\n<tr>\n<td colspan=\"2\" style=\"text-align:center;\" bgcolor=\"lightgray\"><b>Wechsel<\/b>\n<\/td>\n<\/tr>\n<tr>\n<th style=\"text-align:left;\"><b>Wechsel<\/b>\n<\/th>\n<th style=\"text-align:left;\"><a href=\"\/Aldin_Aganovic\" title=\"Aldin Aganovic\">Aldin Aganovic<\/a> f\u00fcr Niangbo (82.)\n<\/th>\n<\/tr>\n<tr>\n<td colspan=\"2\" style=\"text-align:center;\" bgcolor=\"lightgray\"><b>Statistik<\/b>\n<\/td>\n<\/tr>\n<tr>\n<th style=\"text-align:left;\"><b>Endstand<\/b>\n<\/th>\n<th style=\"text-align:left;\">1:1 (0:1)\n<\/th>\n<\/tr>\n<tr>\n<th style=\"text-align:left;\"><b>Torsch\u00fctzen<\/b>\n<\/th>\n<th style=\"text-align:left;\">Wallner (75.); Sturm (43.)\n<\/th>\n<\/tr>\n<tr>\n<th style=\"text-align:left;\"><b>Gelbe Karten<\/b>\n<\/th>\n<th style=\"text-align:left;\">Kofler (7.); Ludewig (13.)\n<\/th>\n<\/tr>\n<tr>\n<th style=\"text-align:left;\"><b>Rote Karten<\/b>\n<\/th>\n<th style=\"text-align:left;\">Gelb-rote Karte:Kofler (27.)\n<\/th>\n<\/tr>\n<tr>\n<th style=\"text-align:left;\"><b>Schiedsrichter<\/b>\n<\/th>\n<th style=\"text-align:left;\">Alan Kijas\n<\/th>\n<\/tr>\n<tr>\n<th style=\"text-align:left;\"><b>Stadion<\/b>\n<\/th>\n<th style=\"text-align:left;\">Tivoli, Innsbruck\n<\/th>\n<\/tr>\n<tr>\n<th style=\"text-align:left;\"><b>Zuschauer<\/b>\n<\/th>\n<th style=\"text-align:left;\">215\n<\/th>\n<\/tr>\n<\/tbody>\n<\/table>\n<h2><span class=\"mw-headline\" id=\"Weblinks\">Weblinks<\/span><a href=\"\/index.php?title=29._Runde,_Saison_2018\/19,_FC_Wacker_Innsbruck_Amateure_gegen_FC_Liefering&amp;action=edit&amp;section=2\" title=\"Abschnitt bearbeiten: Weblinks\">Bearbeiten<\/a><span class=\"mw-editsection-bracket\">]<\/span><\/span><\/h2>\n<p><a rel=\"nofollow\" class=\"external text\" href=\"https:\/\/www.fc-liefering.at\/de\/fc-liefering\/news\/saison_2018_19\/remis-am-tivoli.html\">Spielbericht Vereinshomepage<\/a>\n<\/p>\n<h2><span class=\"mw-headline\" id=\"Stimmen_zum_Spiel\">Stimmen zum Spiel<\/span><a href=\"\/index.php?title=29._Runde,_Saison_2018\/19,_FC_Wacker_Innsbruck_Amateure_gegen_FC_Liefering&amp;action=edit&amp;section=3\" title=\"Abschnitt bearbeiten: Stimmen zum Spiel\">Bearbeiten<\/a><span class=\"mw-editsection-bracket\">]<\/span><\/span><\/h2>\n<p><b>Janusz Gora:<\/b> Wir haben gut und ruhig begonnen und nichts zugelassen. Nach dem Ausschluss beim Gegner haben wir das Spiel klar dominiert, und Wacker Innsbruck ist dann sehr tief gestanden. Wir haben versucht, viel \u00fcber die Seite zu spielen, aber der Gegner hat das gut verteidigt. Die F\u00fchrung vor der Pause war dann mehr als verdient. In der zweiten H\u00e4lfte hatten wir auch mehr vom Spiel, konnten uns viele Torchancen erarbeiten und uns gut durchkombinieren. Nach einem Konter haben wir den Ausgleich hinnehmen m\u00fcssen. In der Schlussphase haben wir alles versucht, leider ist uns aber der Siegtreffer nicht gelungen.\n<\/p>\n<\/div>\n","protected":false},"excerpt":{"rendered":"<p>FaktenBearbeiten] Wacker Innsbruck Amateure gegen FC Liefering, 1:1 Spieltag 2. Liga &#8211; 29. Runde Datum 29. Mai 2019 Anpfiff 19.10 Uhr Aufstellung Tor Daniel Antosch Verteidigung Kilian Ludewig &#8211; Dominik Oroz &#8211; Dominik Stumberger &#8211; Tobias Berger Mittelfeld Junior Adamu &#8211; Nicolas Seiwald &#8211; Philipp Sturm &#8211; Alexander Prass Sturm Anderson Niangbo &#8211; Alexander Schmidt [&hellip;]<\/p>\n","protected":false},"author":1,"featured_media":0,"comment_status":"open","ping_status":"open","sticky":false,"template":"","format":"standard","meta":{"footnotes":""},"categories":[1424],"tags":[],"class_list":["post-1803","post","type-post","status-publish","format-standard","hentry","category-29-runde-saison-2018"],"_links":{"self":[{"href":"https:\/\/wiki.s12.at\/index.php\/wp-json\/wp\/v2\/posts\/1803","targetHints":{"allow":["GET"]}}],"collection":[{"href":"https:\/\/wiki.s12.at\/index.php\/wp-json\/wp\/v2\/posts"}],"about":[{"href":"https:\/\/wiki.s12.at\/index.php\/wp-json\/wp\/v2\/types\/post"}],"author":[{"embeddable":true,"href":"https:\/\/wiki.s12.at\/index.php\/wp-json\/wp\/v2\/users\/1"}],"replies":[{"embeddable":true,"href":"https:\/\/wiki.s12.at\/index.php\/wp-json\/wp\/v2\/comments?post=1803"}],"version-history":[{"count":0,"href":"https:\/\/wiki.s12.at\/index.php\/wp-json\/wp\/v2\/posts\/1803\/revisions"}],"wp:attachment":[{"href":"https:\/\/wiki.s12.at\/index.php\/wp-json\/wp\/v2\/media?parent=1803"}],"wp:term":[{"taxonomy":"category","embeddable":true,"href":"https:\/\/wiki.s12.at\/index.php\/wp-json\/wp\/v2\/categories?post=1803"},{"taxonomy":"post_tag","embeddable":true,"href":"https:\/\/wiki.s12.at\/index.php\/wp-json\/wp\/v2\/tags?post=1803"}],"curies":[{"name":"wp","href":"https:\/\/api.w.org\/{rel}","templated":true}]}}