{"id":1798,"date":"2026-05-06T14:05:30","date_gmt":"2026-05-06T12:05:30","guid":{"rendered":"https:\/\/wiki.s12.at\/index.php\/2026\/05\/06\/29-runde-saison-2015-16-sk-rapid-wien-gegen-fc-red-bull-salzburg\/"},"modified":"2026-05-06T14:05:30","modified_gmt":"2026-05-06T12:05:30","slug":"29-runde-saison-2015-16-sk-rapid-wien-gegen-fc-red-bull-salzburg","status":"publish","type":"post","link":"https:\/\/wiki.s12.at\/index.php\/2026\/05\/06\/29-runde-saison-2015-16-sk-rapid-wien-gegen-fc-red-bull-salzburg\/","title":{"rendered":"16 SK Rapid Wien gegen FC Red Bull Salzburg"},"content":{"rendered":"<div class=\"mw-parser-output\">\n<h2><span class=\"mw-headline\" id=\"Fakten\">Fakten<\/span><a href=\"\/index.php?title=29._Runde,_Saison_2015\/16_SK_Rapid_Wien_gegen_FC_Red_Bull_Salzburg&amp;action=edit&amp;section=1\" title=\"Abschnitt bearbeiten: Fakten\">Bearbeiten<\/a><span class=\"mw-editsection-bracket\">]<\/span><\/span><\/h2>\n<table class=\"toptextcells toccolours\">\n<tbody>\n<tr>\n<th colspan=\"2\" style=\"text-align: center; vertical-align: top; padding: 0.3em 0.8em; font-size: 125%; background-color: lightsteelblue;\">SK Rapid Wien gegen FC Red Bull Salzburg, 1:1\n<\/th>\n<\/tr>\n<tr>\n<th style=\"text-align:left;\"><b>Spieltag<\/b>\n<\/th>\n<th style=\"text-align:left;\">Bundesliga &#8211; 29. Spieltag\n<\/th>\n<\/tr>\n<tr>\n<th style=\"text-align:left;\"><b>Datum<\/b>\n<\/th>\n<th style=\"text-align:left;\">3. April 2016\n<\/th>\n<\/tr>\n<tr>\n<th style=\"text-align:left;\"><b>Anpfiff<\/b>\n<\/th>\n<th style=\"text-align:left;\">15 Uhr\n<\/th>\n<\/tr>\n<tr>\n<td colspan=\"2\" style=\"text-align:center;\" bgcolor=\"lightgray\"><b>Aufstellung<\/b>\n<\/td>\n<\/tr>\n<tr>\n<th style=\"text-align:left;\"><b>Tor<\/b>\n<\/th>\n<th><a href=\"\/Alexander_Walke\" title=\"Alexander Walke\">Alexander Walke<\/a>\n<\/th>\n<\/tr>\n<tr>\n<th style=\"text-align:left;\"><b>Verteidigung<\/b>\n<\/th>\n<th><a href=\"\/Christian_Schwegler\" title=\"Christian Schwegler\">Christian Schwegler<\/a> &#8211; <a href=\"\/Duje_Caleta-Car\" title=\"Duje Caleta-Car\">Duje Caleta-Car<\/a> &#8211; <a href=\"\/Paulo_Miranda\" title=\"Paulo Miranda\">Paulo Miranda<\/a> &#8211; <a href=\"\/Andreas_Ulmer\" title=\"Andreas Ulmer\">Andreas Ulmer<\/a>\n<\/th>\n<\/tr>\n<tr>\n<th style=\"text-align:left;\"><b>Mittelfeld<\/b>\n<\/th>\n<th><a href=\"\/Bernardo\" title=\"Bernardo\">Bernardo<\/a> &#8211; <a href=\"\/Benno_Schmitz\" title=\"Benno Schmitz\">Benno Schmitz<\/a> &#8211; <a href=\"\/Naby_Keita\" title=\"Naby Keita\">Naby Keita<\/a> &#8211; <a href=\"\/Valon_Berisha\" title=\"Valon Berisha\">Valon Berisha<\/a>\n<\/th>\n<\/tr>\n<tr>\n<th style=\"text-align:left;\"><b>Sturm<\/b>\n<\/th>\n<th><a href=\"\/Jonatan_Soriano\" title=\"Jonatan Soriano\">Jonatan Soriano<\/a> &#8211; <a href=\"\/Hee-Chan_Hwang\" title=\"Hee-Chan Hwang\">Hee-Chan Hwang <\/a>\n<\/th>\n<\/tr>\n<tr>\n<td colspan=\"2\" style=\"text-align:center;\" bgcolor=\"lightgray\"><b>Wechsel<\/b>\n<\/td>\n<\/tr>\n<tr>\n<th style=\"text-align:left;\"><b>Wechsel<\/b>\n<\/th>\n<th style=\"text-align:left;\"><a href=\"\/Yordy_Reyna\" title=\"Yordy Reyna\">Yordy Reyna<\/a> f\u00fcr Hwang (59.), <a href=\"\/Valentino_Lazaro\" title=\"Valentino Lazaro\">Valentino Lazaro<\/a> f\u00fcr Schmitz (69.), <a href=\"\/Yasin_Pehlivan\" title=\"Yasin Pehlivan\">Yasin Pehlivan<\/a> f\u00fcr Keita (93.)\n<\/th>\n<\/tr>\n<tr>\n<td colspan=\"2\" style=\"text-align:center;\" bgcolor=\"lightgray\"><b>Statistik<\/b>\n<\/td>\n<\/tr>\n<tr>\n<th style=\"text-align:left;\"><b>Endstand<\/b>\n<\/th>\n<th style=\"text-align:left;\">1:1 (0:0)\n<\/th>\n<\/tr>\n<tr>\n<th style=\"text-align:left;\"><b>Torsch\u00fctzen<\/b>\n<\/th>\n<th style=\"text-align:left;\">Schaub (46.); Caleta-Car (75.)\n<\/th>\n<\/tr>\n<tr>\n<th style=\"text-align:left;\"><b>Gelbe Karten<\/b>\n<\/th>\n<th style=\"text-align:left;\">Pavelic (40.), Grahovac (72.), Soriano (81.), Keita (90.)\n<\/th>\n<\/tr>\n<tr>\n<th style=\"text-align:left;\"><b>Rote Karten<\/b>\n<\/th>\n<th style=\"text-align:left;\">\n<\/th>\n<\/tr>\n<tr>\n<th style=\"text-align:left;\"><b>Schiedsrichter<\/b>\n<\/th>\n<th style=\"text-align:left;\">Markus Hameter\n<\/th>\n<\/tr>\n<tr>\n<th style=\"text-align:left;\"><b>Stadion<\/b>\n<\/th>\n<th style=\"text-align:left;\">Ernst Happel-Stadion, Wien\n<\/th>\n<\/tr>\n<tr>\n<th style=\"text-align:left;\"><b>Zuschauer<\/b>\n<\/th>\n<th style=\"text-align:left;\">24 800\n<\/th>\n<\/tr>\n<\/tbody>\n<\/table>\n<ul>\n<li>Cheftrainer <a href=\"\/Oscar_Garcia\" title=\"Oscar Garcia\">Oscar Garcia<\/a> fehlte wegen Grippe in Wien und wurde von seinen Co-Trainern vertreten.<\/li>\n<li><a href=\"\/Duje_Caleta-Car\" title=\"Duje Caleta-Car\">Duje Caleta-Car<\/a> schoss sein erstes Tor f\u00fcr Red Bull Salzburg.<\/li>\n<\/ul>\n<h2><span class=\"mw-headline\" id=\"Weblinks\">Weblinks<\/span><a href=\"\/index.php?title=29._Runde,_Saison_2015\/16_SK_Rapid_Wien_gegen_FC_Red_Bull_Salzburg&amp;action=edit&amp;section=2\" title=\"Abschnitt bearbeiten: Weblinks\">Bearbeiten<\/a><span class=\"mw-editsection-bracket\">]<\/span><\/span><\/h2>\n<p><a rel=\"nofollow\" class=\"external text\" href=\"http:\/\/www.redbullsalzburg.at\/de\/fc-red-bull-salzburg\/news\/saison_2015_16\/rote-bullen-holen-bei-rapid-ein-1-1.html\">Spielbericht Vereinshomepage<\/a>\n<\/p>\n<h2><span class=\"mw-headline\" id=\"Bilder\">Bilder<\/span><a href=\"\/index.php?title=29._Runde,_Saison_2015\/16_SK_Rapid_Wien_gegen_FC_Red_Bull_Salzburg&amp;action=edit&amp;section=3\" title=\"Abschnitt bearbeiten: Bilder\">Bearbeiten<\/a><span class=\"mw-editsection-bracket\">]<\/span><\/span><\/h2>\n<ul class=\"gallery mw-gallery-traditional\">\n<li class=\"gallerybox\" style=\"width: 155px\">\n<div style=\"width: 155px\">\n<div class=\"thumb\" style=\"width: 150px;\">\n<div style=\"margin:43px auto;\"><a href=\"\/Datei:Rapid_Salzburg89_n.jpg\" class=\"image\" title=\"Danke an Ch. Lumetzberger\"><img alt=\"Danke an Ch. Lumetzberger\" src=\"\/images\/thumb\/3\/32\/Rapid_Salzburg89_n.jpg\/120px-Rapid_Salzburg89_n.jpg\" decoding=\"async\" width=\"120\" height=\"64\" srcset=\"\/images\/thumb\/3\/32\/Rapid_Salzburg89_n.jpg\/180px-Rapid_Salzburg89_n.jpg 1.5x, \/images\/thumb\/3\/32\/Rapid_Salzburg89_n.jpg\/240px-Rapid_Salzburg89_n.jpg 2x\" \/><\/a><\/div>\n<\/div>\n<div class=\"gallerytext\">\n<p>Danke an Ch. Lumetzberger\n<\/p>\n<\/p><\/div>\n<\/p><\/div>\n<\/li>\n<li class=\"gallerybox\" style=\"width: 155px\">\n<div style=\"width: 155px\">\n<div class=\"thumb\" style=\"width: 150px;\">\n<div style=\"margin:40px auto;\"><a href=\"\/Datei:SK_Rapid_Wien_gegen_FC_RB_Salzburg_(3._April_2016)_03.JPG\" class=\"image\"><img alt=\"SK Rapid Wien gegen FC RB Salzburg (3. April 2016) 03.JPG\" src=\"\/images\/thumb\/8\/8d\/SK_Rapid_Wien_gegen_FC_RB_Salzburg_%283._April_2016%29_03.JPG\/120px-SK_Rapid_Wien_gegen_FC_RB_Salzburg_%283._April_2016%29_03.JPG%3Futm_source%3Dcommons.wikimedia.org%26utm_campaign%3Dimageinfo%26utm_content%3Dthumbnail\" decoding=\"async\" width=\"120\" height=\"70\" srcset=\"\/images\/thumb\/8\/8d\/SK_Rapid_Wien_gegen_FC_RB_Salzburg_%283._April_2016%29_03.JPG\/250px-SK_Rapid_Wien_gegen_FC_RB_Salzburg_%283._April_2016%29_03.JPG%3Futm_source%3Dcommons.wikimedia.org%26utm_campaign%3Dimageinfo%26utm_content%3Dthumbnail 1.5x\" \/><\/a><\/div>\n<\/div>\n<div class=\"gallerytext\">\n\t\t\t<\/div>\n<\/p><\/div>\n<\/li>\n<li class=\"gallerybox\" style=\"width: 155px\">\n<div style=\"width: 155px\">\n<div class=\"thumb\" style=\"width: 150px;\">\n<div style=\"margin:32.5px auto;\"><a href=\"\/Datei:SK_Rapid_Wien_gegen_FC_RB_Salzburg_(3._April_2016)_09.JPG\" class=\"image\"><img alt=\"SK Rapid Wien gegen FC RB Salzburg (3. April 2016) 09.JPG\" src=\"\/images\/thumb\/e\/e7\/SK_Rapid_Wien_gegen_FC_RB_Salzburg_%283._April_2016%29_09.JPG\/120px-SK_Rapid_Wien_gegen_FC_RB_Salzburg_%283._April_2016%29_09.JPG%3Futm_source%3Dcommons.wikimedia.org%26utm_campaign%3Dimageinfo%26utm_content%3Dthumbnail\" decoding=\"async\" width=\"120\" height=\"85\" srcset=\"\/images\/thumb\/e\/e7\/SK_Rapid_Wien_gegen_FC_RB_Salzburg_%283._April_2016%29_09.JPG\/250px-SK_Rapid_Wien_gegen_FC_RB_Salzburg_%283._April_2016%29_09.JPG%3Futm_source%3Dcommons.wikimedia.org%26utm_campaign%3Dimageinfo%26utm_content%3Dthumbnail 1.5x\" \/><\/a><\/div>\n<\/div>\n<div class=\"gallerytext\">\n\t\t\t<\/div>\n<\/p><\/div>\n<\/li>\n<li class=\"gallerybox\" style=\"width: 155px\">\n<div style=\"width: 155px\">\n<div class=\"thumb\" style=\"width: 150px;\">\n<div style=\"margin:41.5px auto;\"><a href=\"\/Datei:SCR_RBS7658.jpg\" class=\"image\"><img loading=\"lazy\" alt=\"SCR RBS7658.jpg\" src=\"\/images\/thumb\/6\/6b\/SCR_RBS7658.jpg\/120px-SCR_RBS7658.jpg\" decoding=\"async\" width=\"120\" height=\"67\" srcset=\"\/images\/thumb\/6\/6b\/SCR_RBS7658.jpg\/180px-SCR_RBS7658.jpg 1.5x, \/images\/thumb\/6\/6b\/SCR_RBS7658.jpg\/240px-SCR_RBS7658.jpg 2x\" \/><\/a><\/div>\n<\/div>\n<div class=\"gallerytext\">\n\t\t\t<\/div>\n<\/p><\/div>\n<\/li>\n<li class=\"gallerybox\" style=\"width: 155px\">\n<div style=\"width: 155px\">\n<div class=\"thumb\" style=\"width: 150px;\">\n<div style=\"margin:41px auto;\"><a href=\"\/Datei:Rapid_Salzburg06_n.jpg\" class=\"image\" title=\"Danke an Ch. Lumetzberger\"><img loading=\"lazy\" alt=\"Danke an Ch. Lumetzberger\" src=\"\/images\/thumb\/9\/9d\/Rapid_Salzburg06_n.jpg\/120px-Rapid_Salzburg06_n.jpg\" decoding=\"async\" width=\"120\" height=\"68\" srcset=\"\/images\/thumb\/9\/9d\/Rapid_Salzburg06_n.jpg\/180px-Rapid_Salzburg06_n.jpg 1.5x, \/images\/thumb\/9\/9d\/Rapid_Salzburg06_n.jpg\/240px-Rapid_Salzburg06_n.jpg 2x\" \/><\/a><\/div>\n<\/div>\n<div class=\"gallerytext\">\n<p>Danke an Ch. Lumetzberger\n<\/p>\n<\/p><\/div>\n<\/p><\/div>\n<\/li>\n<li class=\"gallerybox\" style=\"width: 155px\">\n<div style=\"width: 155px\">\n<div class=\"thumb\" style=\"width: 150px;\">\n<div style=\"margin:15px auto;\"><a href=\"\/Datei:Rapid7115.jpg\" class=\"image\"><img loading=\"lazy\" alt=\"Rapid7115.jpg\" src=\"\/images\/thumb\/2\/2e\/Rapid7115.jpg\/120px-Rapid7115.jpg\" decoding=\"async\" width=\"120\" height=\"120\" srcset=\"\/images\/thumb\/2\/2e\/Rapid7115.jpg\/180px-Rapid7115.jpg 1.5x, \/images\/thumb\/2\/2e\/Rapid7115.jpg\/240px-Rapid7115.jpg 2x\" \/><\/a><\/div>\n<\/div>\n<div class=\"gallerytext\">\n\t\t\t<\/div>\n<\/p><\/div>\n<\/li>\n<li class=\"gallerybox\" style=\"width: 155px\">\n<div style=\"width: 155px\">\n<div class=\"thumb\" style=\"width: 150px;\">\n<div style=\"margin:15px auto;\"><a href=\"\/Datei:Rapid50467.jpg\" class=\"image\"><img loading=\"lazy\" alt=\"Rapid50467.jpg\" src=\"\/images\/thumb\/b\/bd\/Rapid50467.jpg\/120px-Rapid50467.jpg\" decoding=\"async\" width=\"120\" height=\"120\" srcset=\"\/images\/thumb\/b\/bd\/Rapid50467.jpg\/180px-Rapid50467.jpg 1.5x, \/images\/thumb\/b\/bd\/Rapid50467.jpg\/240px-Rapid50467.jpg 2x\" \/><\/a><\/div>\n<\/div>\n<div class=\"gallerytext\">\n\t\t\t<\/div>\n<\/p><\/div>\n<\/li>\n<li class=\"gallerybox\" style=\"width: 155px\">\n<div style=\"width: 155px\">\n<div class=\"thumb\" style=\"width: 150px;\">\n<div style=\"margin:22px auto;\"><a href=\"\/Datei:SK_Rapid_Wien_gegen_FC_RB_Salzburg_(3._April_2016)_25.JPG\" class=\"image\"><img loading=\"lazy\" alt=\"SK Rapid Wien gegen FC RB Salzburg (3. April 2016) 25.JPG\" src=\"\/images\/thumb\/1\/11\/SK_Rapid_Wien_gegen_FC_RB_Salzburg_%283._April_2016%29_25.JPG\/120px-SK_Rapid_Wien_gegen_FC_RB_Salzburg_%283._April_2016%29_25.JPG%3Futm_source%3Dcommons.wikimedia.org%26utm_campaign%3Dimageinfo%26utm_content%3Dthumbnail\" decoding=\"async\" width=\"120\" height=\"106\" srcset=\"\/images\/thumb\/1\/11\/SK_Rapid_Wien_gegen_FC_RB_Salzburg_%283._April_2016%29_25.JPG\/250px-SK_Rapid_Wien_gegen_FC_RB_Salzburg_%283._April_2016%29_25.JPG%3Futm_source%3Dcommons.wikimedia.org%26utm_campaign%3Dimageinfo%26utm_content%3Dthumbnail 1.5x\" \/><\/a><\/div>\n<\/div>\n<div class=\"gallerytext\">\n\t\t\t<\/div>\n<\/p><\/div>\n<\/li>\n<li class=\"gallerybox\" style=\"width: 155px\">\n<div style=\"width: 155px\">\n<div class=\"thumb\" style=\"width: 150px;\">\n<div style=\"margin:50px auto;\"><a href=\"\/Datei:SK_Rapid_Wien_gegen_FC_RB_Salzburg_(3._April_2016)_40.JPG\" class=\"image\"><img loading=\"lazy\" alt=\"SK Rapid Wien gegen FC RB Salzburg (3. April 2016) 40.JPG\" src=\"\/images\/thumb\/f\/f0\/SK_Rapid_Wien_gegen_FC_RB_Salzburg_%283._April_2016%29_40.JPG\/120px-SK_Rapid_Wien_gegen_FC_RB_Salzburg_%283._April_2016%29_40.JPG%3Futm_source%3Dcommons.wikimedia.org%26utm_campaign%3Dimageinfo%26utm_content%3Dthumbnail\" decoding=\"async\" width=\"120\" height=\"50\" srcset=\"\/images\/thumb\/f\/f0\/SK_Rapid_Wien_gegen_FC_RB_Salzburg_%283._April_2016%29_40.JPG\/250px-SK_Rapid_Wien_gegen_FC_RB_Salzburg_%283._April_2016%29_40.JPG%3Futm_source%3Dcommons.wikimedia.org%26utm_campaign%3Dimageinfo%26utm_content%3Dthumbnail 1.5x\" \/><\/a><\/div>\n<\/div>\n<div class=\"gallerytext\">\n\t\t\t<\/div>\n<\/p><\/div>\n<\/li>\n<\/ul>\n<p><img loading=\"lazy\" alt=\"\" src=\"\/images\/thumb\/4\/4a\/Commons-logo.svg\/langde-20px-Commons-logo.svg.png%3Futm_source%3Dcommons.wikimedia.org%26utm_campaign%3Dimageinfo%26utm_content%3Dthumbnail\" decoding=\"async\" title=\"Commons\" width=\"12\" height=\"16\" srcset=\"\/images\/thumb\/4\/4a\/Commons-logo.svg\/langde-40px-Commons-logo.svg.png%3Futm_source%3Dcommons.wikimedia.org%26utm_campaign%3Dimageinfo%26utm_content%3Dthumbnail 2x\" \/>&#160;<b><a href=\"http:\/\/commons.wikimedia.org\/wiki\/Category:SK_Rapid_Wien_gegen_FC_Red_Bull_Salzburg_(3._April_2016)\" class=\"extiw\" title=\"commons:Category:SK Rapid Wien gegen FC Red Bull Salzburg (3. April 2016)\">29. Runde, Saison 2015\/16 SK Rapid Wien gegen FC Red Bull Salzburg<\/a><\/b>&#160;\u2013 Sammlung von Bildern, Videos und Audiodateien auf <a href=\"\/Wikimedia_Commons\" title=\"Wikimedia Commons\">Wikimedia Commons<\/a>\n<\/p>\n<h2><span class=\"mw-headline\" id=\"Stimmen_zum_Spiel\">Stimmen zum Spiel<\/span><a href=\"\/index.php?title=29._Runde,_Saison_2015\/16_SK_Rapid_Wien_gegen_FC_Red_Bull_Salzburg&amp;action=edit&amp;section=4\" title=\"Abschnitt bearbeiten: Stimmen zum Spiel\">Bearbeiten<\/a><span class=\"mw-editsection-bracket\">]<\/span><\/span><\/h2>\n<p><b>Rene Aufhauser:<\/b> Wir haben heute kein gutes Spiel gemacht. Rapid hat es uns von Beginn an schwergemacht, aber wir konnten uns dennoch aus dem Druck immer wieder gut befreien. Wir haben im Umschaltspiel leider auch die B\u00e4lle zu leicht verloren, und nach vorne ist uns heute nur wenig gelungen, aber ich finde trotzdem, dass sich unsere Mannschaft Respekt verdient hat, denn wir haben uns trotz des 0:1-R\u00fcckstands wieder zur\u00fcckgek\u00e4mpft, von daher geht f\u00fcr mich das Unentschieden heute in Ordnung.\n<\/p>\n<p><b>Naby Keita:<\/b> In der ersten Spielh\u00e4lfte haben wir uns \u00fcberraschen lassen, aber in der zweiten H\u00e4lfte haben wir dann eine bessere Leistung gezeigt. F\u00fcr mich geht ein Unentschieden gegen ein starkes Team wie Rapid Wien in Ordnung. Ich war sicher noch nicht in Topform heute, aber es geht mir schon wieder viel besser. Jetzt m\u00fcssen wir uns auf die n\u00e4chsten Spiele vorbereiten und d\u00fcrfen keine Punkte mehr liegen lassen, wenn wir Meister werden wollen.\n<\/p>\n<p><b>Duje Caleta-Car:<\/b> Ich glaube, das Tor war sehr wichtig. Wir haben nicht verloren und sind noch immer vier Punkte vor Rapid, das heute gut verteidigt und stark nach vorne gespielt hat. Egal, wer die Tore schie\u00dft \u2013 wichtig war, dass wir nicht verloren haben.\n<\/p>\n<\/div>\n","protected":false},"excerpt":{"rendered":"<p>FaktenBearbeiten] SK Rapid Wien gegen FC Red Bull Salzburg, 1:1 Spieltag Bundesliga &#8211; 29. Spieltag Datum 3. April 2016 Anpfiff 15 Uhr Aufstellung Tor Alexander Walke Verteidigung Christian Schwegler &#8211; Duje Caleta-Car &#8211; Paulo Miranda &#8211; Andreas Ulmer Mittelfeld Bernardo &#8211; Benno Schmitz &#8211; Naby Keita &#8211; Valon Berisha Sturm Jonatan Soriano &#8211; Hee-Chan Hwang [&hellip;]<\/p>\n","protected":false},"author":1,"featured_media":0,"comment_status":"open","ping_status":"open","sticky":false,"template":"","format":"standard","meta":{"footnotes":""},"categories":[1421],"tags":[],"class_list":["post-1798","post","type-post","status-publish","format-standard","hentry","category-29-runde-saison-2015"],"_links":{"self":[{"href":"https:\/\/wiki.s12.at\/index.php\/wp-json\/wp\/v2\/posts\/1798","targetHints":{"allow":["GET"]}}],"collection":[{"href":"https:\/\/wiki.s12.at\/index.php\/wp-json\/wp\/v2\/posts"}],"about":[{"href":"https:\/\/wiki.s12.at\/index.php\/wp-json\/wp\/v2\/types\/post"}],"author":[{"embeddable":true,"href":"https:\/\/wiki.s12.at\/index.php\/wp-json\/wp\/v2\/users\/1"}],"replies":[{"embeddable":true,"href":"https:\/\/wiki.s12.at\/index.php\/wp-json\/wp\/v2\/comments?post=1798"}],"version-history":[{"count":0,"href":"https:\/\/wiki.s12.at\/index.php\/wp-json\/wp\/v2\/posts\/1798\/revisions"}],"wp:attachment":[{"href":"https:\/\/wiki.s12.at\/index.php\/wp-json\/wp\/v2\/media?parent=1798"}],"wp:term":[{"taxonomy":"category","embeddable":true,"href":"https:\/\/wiki.s12.at\/index.php\/wp-json\/wp\/v2\/categories?post=1798"},{"taxonomy":"post_tag","embeddable":true,"href":"https:\/\/wiki.s12.at\/index.php\/wp-json\/wp\/v2\/tags?post=1798"}],"curies":[{"name":"wp","href":"https:\/\/api.w.org\/{rel}","templated":true}]}}