{"id":1795,"date":"2026-05-06T14:05:29","date_gmt":"2026-05-06T12:05:29","guid":{"rendered":"https:\/\/wiki.s12.at\/index.php\/2026\/05\/06\/29-runde-saison-2014-15-fc-red-bull-salzburg-gegen-sc-wiener-neustadt\/"},"modified":"2026-05-06T14:05:29","modified_gmt":"2026-05-06T12:05:29","slug":"29-runde-saison-2014-15-fc-red-bull-salzburg-gegen-sc-wiener-neustadt","status":"publish","type":"post","link":"https:\/\/wiki.s12.at\/index.php\/2026\/05\/06\/29-runde-saison-2014-15-fc-red-bull-salzburg-gegen-sc-wiener-neustadt\/","title":{"rendered":"15, FC Red Bull Salzburg gegen SC Wiener Neustadt"},"content":{"rendered":"<div class=\"mw-parser-output\">\n<h2><span class=\"mw-headline\" id=\"Fakten\">Fakten<\/span><a href=\"\/index.php?title=29._Runde,_Saison_2014\/15,_FC_Red_Bull_Salzburg_gegen_SC_Wiener_Neustadt&amp;action=edit&amp;section=1\" title=\"Abschnitt bearbeiten: Fakten\">Bearbeiten<\/a><span class=\"mw-editsection-bracket\">]<\/span><\/span><\/h2>\n<table class=\"toptextcells toccolours\">\n<tbody>\n<tr>\n<th colspan=\"2\" style=\"text-align: center; vertical-align: top; padding: 0.3em 0.8em; font-size: 125%; background-color: lightsteelblue;\">FC Red Bull Salzburg gegen SC Wiener Neustadt, 6:0\n<\/th>\n<\/tr>\n<tr>\n<th style=\"text-align:left;\"><b>Spieltag<\/b>\n<\/th>\n<th style=\"text-align:left;\">Bundesliga &#8211; 29. Spieltag\n<\/th>\n<\/tr>\n<tr>\n<th style=\"text-align:left;\"><b>Datum<\/b>\n<\/th>\n<th style=\"text-align:left;\">18. April 2015\n<\/th>\n<\/tr>\n<tr>\n<th style=\"text-align:left;\"><b>Anpfiff<\/b>\n<\/th>\n<th style=\"text-align:left;\">18.30 Uhr\n<\/th>\n<\/tr>\n<tr>\n<td colspan=\"2\" style=\"text-align:center;\" bgcolor=\"lightgray\"><b>Aufstellung<\/b>\n<\/td>\n<\/tr>\n<tr>\n<th style=\"text-align:left;\"><b>Tor<\/b>\n<\/th>\n<th><a href=\"\/Peter_Gulacsi\" class=\"mw-redirect\" title=\"Peter Gulacsi\">Peter Gulacsi<\/a>\n<\/th>\n<\/tr>\n<tr>\n<th style=\"text-align:left;\"><b>Verteidigung<\/b>\n<\/th>\n<th><a href=\"\/Peter_Ankersen\" title=\"Peter Ankersen\">Peter Ankersen<\/a> &#8211; <a href=\"\/Martin_Hinteregger\" title=\"Martin Hinteregger\">Martin Hinteregger<\/a> &#8211; <a href=\"\/Stefan_Ilsanker\" title=\"Stefan Ilsanker\">Stefan Ilsanker<\/a> &#8211; <a href=\"\/Benno_Schmitz\" title=\"Benno Schmitz\">Benno Schmitz<\/a>\n<\/th>\n<\/tr>\n<tr>\n<th style=\"text-align:left;\"><b>Mittelfeld<\/b>\n<\/th>\n<th><a href=\"\/Christoph_Leitgeb\" title=\"Christoph Leitgeb\">Christoph Leitgeb<\/a> &#8211; <a href=\"\/Naby_Keita\" title=\"Naby Keita\">Naby Keita<\/a> &#8211; <a href=\"\/Valon_Berisha\" title=\"Valon Berisha\">Valon Berisha<\/a> &#8211; <a href=\"\/Valentino_Lazaro\" title=\"Valentino Lazaro\">Valentino Lazaro<\/a>\n<\/th>\n<\/tr>\n<tr>\n<th style=\"text-align:left;\"><b>Sturm<\/b>\n<\/th>\n<th><a href=\"\/Marcel_Sabitzer\" title=\"Marcel Sabitzer\">Marcel Sabitzer<\/a> &#8211; <a href=\"\/Jonatan_Soriano\" title=\"Jonatan Soriano\">Jonatan Soriano<\/a>\n<\/th>\n<\/tr>\n<tr>\n<td colspan=\"2\" style=\"text-align:center;\" bgcolor=\"lightgray\"><b>Wechsel<\/b>\n<\/td>\n<\/tr>\n<tr>\n<th style=\"text-align:left;\"><b>Wechsel<\/b>\n<\/th>\n<th style=\"text-align:left;\"><a href=\"\/Massimo_Bruno\" title=\"Massimo Bruno\">Massimo Bruno<\/a> f\u00fcr Berisha (67.), <a href=\"\/Marco_Djuricin\" title=\"Marco Djuricin\">Marco Djuricin<\/a> f\u00fcr Leitgeb, (70.), <a href=\"\/Andre_Ramalho\" class=\"mw-redirect\" title=\"Andre Ramalho\">Andre Ramalho<\/a> f\u00fcr Leitgeb (75.)\n<\/th>\n<\/tr>\n<tr>\n<td colspan=\"2\" style=\"text-align:center;\" bgcolor=\"lightgray\"><b>Statistik<\/b>\n<\/td>\n<\/tr>\n<tr>\n<th style=\"text-align:left;\"><b>Endstand<\/b>\n<\/th>\n<th style=\"text-align:left;\">6:0 (2:0)\n<\/th>\n<\/tr>\n<tr>\n<th style=\"text-align:left;\"><b>Torsch\u00fctzen<\/b>\n<\/th>\n<th style=\"text-align:left;\">Keita (28.), Berisha (32.), Soriano (61., 67.), Sabitzer (66.), Hinteregger (93.)\n<\/th>\n<\/tr>\n<tr>\n<th style=\"text-align:left;\"><b>Gelbe Karten<\/b>\n<\/th>\n<th style=\"text-align:left;\">keine\n<\/th>\n<\/tr>\n<tr>\n<th style=\"text-align:left;\"><b>Rote Karten<\/b>\n<\/th>\n<th style=\"text-align:left;\">\n<\/th>\n<\/tr>\n<tr>\n<th style=\"text-align:left;\"><b>Schiedsrichter<\/b>\n<\/th>\n<th style=\"text-align:left;\">\n<\/th>\n<\/tr>\n<tr>\n<th style=\"text-align:left;\"><b>Stadion<\/b>\n<\/th>\n<th style=\"text-align:left;\"><a href=\"\/index.php?title=Red_Bull_Arena&amp;action=edit&amp;redlink=1\" class=\"new\" title=\"Red Bull Arena (Seite nicht vorhanden)\">Red Bull Arena<\/a>, Salzburg\n<\/th>\n<\/tr>\n<tr>\n<th style=\"text-align:left;\"><b>Zuschauer<\/b>\n<\/th>\n<th style=\"text-align:left;\">7. 045\n<\/th>\n<\/tr>\n<\/tbody>\n<\/table>\n<ul>\n<li><b>Christoph Leitgeb<\/b> absolvierte sein 200. Bundesligaspiel f\u00fcr die Bullen.<\/li>\n<li>Das Freisto\u00dftor zum zwischenzeitlichen 3:0 war der insgesamt 150. Treffer von <b>Jonatan Soriano<\/b> f\u00fcr die Roten Bullen.<\/li>\n<li>Red Bull Salzburg <b>gewann auch das elfte Spiel in Serie gegen die Wiener Neust\u00e4dter<\/b> und ist damit gleichzeitig 17 Partien in Folge gegen die Nieder\u00f6sterreicher ungeschlagen.<\/li>\n<li>Der FC Red Bull Salzburg gab unglaubliche <b>31 Sch\u00fcsse auf das gegnerische Tor ab<\/b> und hat damit den Saisonrekord der SV Josko Ried eingestellt (jeweils gegen den SC Wiener Neustadt).<\/li>\n<li>Unser Kapit\u00e4n ist der erste Spieler in der tipico Bundesliga, der in <b>drei aufeinanderfolgenden Saisonen 26 oder mehr Treffer erzielte<\/b>.<\/li>\n<\/ul>\n<h2><span class=\"mw-headline\" id=\"Weblinks\">Weblinks<\/span><a href=\"\/index.php?title=29._Runde,_Saison_2014\/15,_FC_Red_Bull_Salzburg_gegen_SC_Wiener_Neustadt&amp;action=edit&amp;section=2\" title=\"Abschnitt bearbeiten: Weblinks\">Bearbeiten<\/a><span class=\"mw-editsection-bracket\">]<\/span><\/span><\/h2>\n<ul>\n<li><a rel=\"nofollow\" class=\"external text\" href=\"http:\/\/www.redbulls.com\/de\/fc-red-bull-salzburg\/news\/saison_2014_15\/6-0-kantersieg-der-roten-bullen.html\">Spielbericht Vereinshomepage<\/a><\/li>\n<li><a rel=\"nofollow\" class=\"external text\" href=\"http:\/\/www.salzburg12.at\/2015\/04\/schuetzenfest-gegen-den-lieblingsgegner\/\">Spielbericht salzburg12.at<\/a><\/li>\n<\/ul>\n<p><center>&lt;youtube&gt;XHTqN8t4ScU&lt;\/youtube&gt;&lt;youtube&gt;vWcJuH7b4gc&lt;\/youtube&gt;<\/center><\/p>\n<h2><span class=\"mw-headline\" id=\"Stimmen_zum_Spiel\">Stimmen zum Spiel<\/span><a href=\"\/index.php?title=29._Runde,_Saison_2014\/15,_FC_Red_Bull_Salzburg_gegen_SC_Wiener_Neustadt&amp;action=edit&amp;section=3\" title=\"Abschnitt bearbeiten: Stimmen zum Spiel\">Bearbeiten<\/a><span class=\"mw-editsection-bracket\">]<\/span><\/span><\/h2>\n<p><b>Adi H\u00fctter:<\/b> \u201eEs hat heute von der ersten bis zur letzten Minute Spa\u00df gemacht, meiner Mannschaft zuzusehen. Der Sieg war beeindruckend und auch in dieser H\u00f6he verdient. Mit etwas Gl\u00fcck h\u00e4tten wir sogar noch h\u00f6her gewinnen k\u00f6nnen. Das hat mir sehr imponiert.\u201c\n<\/p>\n<p><b>Martin Hinteregger:<\/b> \u201eDas war heute eine Topleistung von uns. Und zwar von der ersten Minute an. Wir haben kaum eine Torchance zugelassen. Das war der Schl\u00fcssel zum Sieg.\u201c\n<\/p>\n<p><b>Jonatan Soriano:<\/b> \u201eHeute war ein Supertag. Wir haben richtig gut gespielt. Klar freuen mich meine zwei Tore, wichtiger sind aber die drei Punkte.\u201c\n<\/p>\n<\/div>\n","protected":false},"excerpt":{"rendered":"<p>FaktenBearbeiten] FC Red Bull Salzburg gegen SC Wiener Neustadt, 6:0 Spieltag Bundesliga &#8211; 29. Spieltag Datum 18. April 2015 Anpfiff 18.30 Uhr Aufstellung Tor Peter Gulacsi Verteidigung Peter Ankersen &#8211; Martin Hinteregger &#8211; Stefan Ilsanker &#8211; Benno Schmitz Mittelfeld Christoph Leitgeb &#8211; Naby Keita &#8211; Valon Berisha &#8211; Valentino Lazaro Sturm Marcel Sabitzer &#8211; Jonatan [&hellip;]<\/p>\n","protected":false},"author":1,"featured_media":0,"comment_status":"open","ping_status":"open","sticky":false,"template":"","format":"standard","meta":{"footnotes":""},"categories":[1420],"tags":[],"class_list":["post-1795","post","type-post","status-publish","format-standard","hentry","category-29-runde-saison-2014"],"_links":{"self":[{"href":"https:\/\/wiki.s12.at\/index.php\/wp-json\/wp\/v2\/posts\/1795","targetHints":{"allow":["GET"]}}],"collection":[{"href":"https:\/\/wiki.s12.at\/index.php\/wp-json\/wp\/v2\/posts"}],"about":[{"href":"https:\/\/wiki.s12.at\/index.php\/wp-json\/wp\/v2\/types\/post"}],"author":[{"embeddable":true,"href":"https:\/\/wiki.s12.at\/index.php\/wp-json\/wp\/v2\/users\/1"}],"replies":[{"embeddable":true,"href":"https:\/\/wiki.s12.at\/index.php\/wp-json\/wp\/v2\/comments?post=1795"}],"version-history":[{"count":0,"href":"https:\/\/wiki.s12.at\/index.php\/wp-json\/wp\/v2\/posts\/1795\/revisions"}],"wp:attachment":[{"href":"https:\/\/wiki.s12.at\/index.php\/wp-json\/wp\/v2\/media?parent=1795"}],"wp:term":[{"taxonomy":"category","embeddable":true,"href":"https:\/\/wiki.s12.at\/index.php\/wp-json\/wp\/v2\/categories?post=1795"},{"taxonomy":"post_tag","embeddable":true,"href":"https:\/\/wiki.s12.at\/index.php\/wp-json\/wp\/v2\/tags?post=1795"}],"curies":[{"name":"wp","href":"https:\/\/api.w.org\/{rel}","templated":true}]}}