{"id":1791,"date":"2026-05-06T14:05:26","date_gmt":"2026-05-06T12:05:26","guid":{"rendered":"https:\/\/wiki.s12.at\/index.php\/2026\/05\/06\/29-runde-saison-2011-12-rbs-vs-fcw\/"},"modified":"2026-05-06T14:05:26","modified_gmt":"2026-05-06T12:05:26","slug":"29-runde-saison-2011-12-rbs-vs-fcw","status":"publish","type":"post","link":"https:\/\/wiki.s12.at\/index.php\/2026\/05\/06\/29-runde-saison-2011-12-rbs-vs-fcw\/","title":{"rendered":"12, RBS vs FCW"},"content":{"rendered":"<div class=\"mw-parser-output\">\n<h3><span class=\"mw-headline\" id=\"Fakten\">Fakten<\/span><a href=\"\/index.php?title=29._Runde,_Saison_2011\/12,_RBS_vs_FCW&amp;action=edit&amp;section=1\" title=\"Abschnitt bearbeiten: Fakten\">Bearbeiten<\/a><span class=\"mw-editsection-bracket\">]<\/span><\/span><\/h3>\n<p><b>Bundesliga &#8211; 29. Spieltag: 7. April 2012 , 16 Uhr<\/b><br \/>\n\n<\/p>\n<table class=\"wikitable\">\n<caption><big>FC Red Bull Salzburg gegen FC Wacker Innsbruck, 2:0<\/big><br \/>\n<\/caption>\n<tbody>\n<tr>\n<td>Aufstellung:<\/td>\n<td><a href=\"\/Alexander_Walke\" title=\"Alexander Walke\">Alexander Walke<\/a>\n<\/td>\n<\/tr>\n<tr>\n<td><\/td>\n<td><a href=\"\/Christian_Schwegler\" title=\"Christian Schwegler\">Christian Schwegler<\/a>,<a href=\"\/Petri_Pasanen\" title=\"Petri Pasanen\">Petri Pasanen<\/a>, <a href=\"\/Ibrahim_Sekagya\" title=\"Ibrahim Sekagya\">Ibrahim Sekagya<\/a>, <a href=\"\/Andreas_Ulmer\" title=\"Andreas Ulmer\">Andreas Ulmer<\/a>\n<\/td>\n<\/tr>\n<tr>\n<td><\/td>\n<td><a href=\"\/David_Mendes\" title=\"David Mendes\">David Mendes<\/a>, <a href=\"\/Dusan_Svento\" class=\"mw-redirect\" title=\"Dusan Svento\">Dusan Svento<\/a>, <a href=\"\/Leonardo\" title=\"Leonardo\">Leonardo<\/a>, <a href=\"\/Gonzalo_Zarate\" title=\"Gonzalo Zarate\">Gonzalo Zarate<\/a>, <a href=\"\/Jakob_Jantscher\" title=\"Jakob Jantscher\">Jakob Jantscher<\/a>\n<\/td>\n<\/tr>\n<tr>\n<td><\/td>\n<td><a href=\"\/Stefan_Maierhofer\" title=\"Stefan Maierhofer\">Stefan Maierhofer<\/a>\n<\/td>\n<\/tr>\n<tr>\n<td>Wechsel:<\/td>\n<td><a href=\"\/Georg_Teigl\" title=\"Georg Teigl\">Georg Teigl<\/a> f\u00fcr Zarate (46.), <a href=\"\/Cristiano\" class=\"mw-redirect\" title=\"Cristiano\">Cristiano<\/a> f\u00fcr Leonardo (89.)\n<\/td>\n<\/tr>\n<tr>\n<td>Endstand:<\/td>\n<td>2:0 (0:0)\n<\/td>\n<\/tr>\n<tr>\n<td>Torsch\u00fctzen:<\/td>\n<td>Jantscher (50., 63.)\n<\/td>\n<\/tr>\n<tr>\n<td>Gelbe Karten:<\/td>\n<td>Jantscher (47.), Svento (50.), Ulmer (87.); Sch\u00fctz (40.), Abraham (55.), W\u00f6rgetter (81.)\n<\/td>\n<\/tr>\n<tr>\n<td>Gelb-rote Karten:<\/td>\n<td>\n<\/td>\n<\/tr>\n<tr>\n<td>Rote Karten:<\/td>\n<td>\n<\/td>\n<\/tr>\n<tr>\n<td>Schiedsrichter:<\/td>\n<td>Manuel Sch\u00fcttengruber\n<\/td>\n<\/tr>\n<tr>\n<td>Stadion:<\/td>\n<td>Red Bull Arena, Salzburg\n<\/td>\n<\/tr>\n<tr>\n<td>Zuschauer:<\/td>\n<td>9 540\n<\/td>\n<\/tr>\n<tr>\n<td>Besonderes:<\/td>\n<td>Im Rahmen des Spieles fand der <a rel=\"nofollow\" class=\"external text\" href=\"http:\/\/www.facebook.com\/photo.php?fbid=10150644577435563&amp;set=a.10150644561970563.382026.15871855562&amp;type=3&amp;theater\">Kids-Day<\/a> statt. Kinder zwischen 6 und 14 Jahren hatten freien Eintritt und auch im Fanpark gab es verschiedene Aktivit\u00e4ten f\u00fcr Kinder und Jugendliche.\n<\/td>\n<\/tr>\n<\/tbody>\n<\/table>\n<h2><span class=\"mw-headline\" id=\"Bilder\">Bilder<\/span><a href=\"\/index.php?title=29._Runde,_Saison_2011\/12,_RBS_vs_FCW&amp;action=edit&amp;section=2\" title=\"Abschnitt bearbeiten: Bilder\">Bearbeiten<\/a><span class=\"mw-editsection-bracket\">]<\/span><\/span><\/h2>\n<ul>\n<li><a rel=\"nofollow\" class=\"external text\" href=\"http:\/\/www.facebook.com\/media\/set\/?set=a.10150636110675563.380906.15871855562&amp;type=1\">FC Salzburg Album:Vor dem Match<\/a><\/li>\n<li><a rel=\"nofollow\" class=\"external text\" href=\"http:\/\/www.facebook.com\/media\/set\/?set=a.10150636312975563.380935.15871855562&amp;type=1\">FC Salzburg Album auf Facebook<\/a><\/li>\n<\/ul>\n<ul class=\"gallery mw-gallery-traditional\">\n<li class=\"gallerybox\" style=\"width: 155px\">\n<div style=\"width: 155px\">\n<div class=\"thumb\" style=\"width: 150px;\">\n<div style=\"margin:24.5px auto;\"><a href=\"\/Datei:Salzburg_Innsbruck_08.JPG\" class=\"image\"><img alt=\"Salzburg Innsbruck 08.JPG\" src=\"\/images\/thumb\/4\/48\/Salzburg_Innsbruck_08.JPG\/120px-Salzburg_Innsbruck_08.JPG%3Futm_source%3Dcommons.wikimedia.org%26utm_campaign%3Dimageinfo%26utm_content%3Dthumbnail\" decoding=\"async\" width=\"120\" height=\"101\" srcset=\"\/images\/thumb\/4\/48\/Salzburg_Innsbruck_08.JPG\/250px-Salzburg_Innsbruck_08.JPG%3Futm_source%3Dcommons.wikimedia.org%26utm_campaign%3Dimageinfo%26utm_content%3Dthumbnail 1.5x\" \/><\/a><\/div>\n<\/div>\n<div class=\"gallerytext\">\n\t\t\t<\/div>\n<\/p><\/div>\n<\/li>\n<li class=\"gallerybox\" style=\"width: 155px\">\n<div style=\"width: 155px\">\n<div class=\"thumb\" style=\"width: 150px;\">\n<div style=\"margin:15px auto;\"><a href=\"\/Datei:Salzburg-Innsbruck9.JPG\" class=\"image\"><img alt=\"Salzburg-Innsbruck9.JPG\" src=\"\/images\/thumb\/3\/3c\/Salzburg-Innsbruck9.JPG\/120px-Salzburg-Innsbruck9.JPG%3Futm_source%3Dcommons.wikimedia.org%26utm_campaign%3Dimageinfo%26utm_content%3Dthumbnail\" decoding=\"async\" width=\"102\" height=\"120\" srcset=\"\/images\/thumb\/3\/3c\/Salzburg-Innsbruck9.JPG\/250px-Salzburg-Innsbruck9.JPG%3Futm_source%3Dcommons.wikimedia.org%26utm_campaign%3Dimageinfo%26utm_content%3Dthumbnail 1.5x\" \/><\/a><\/div>\n<\/div>\n<div class=\"gallerytext\">\n\t\t\t<\/div>\n<\/p><\/div>\n<\/li>\n<li class=\"gallerybox\" style=\"width: 155px\">\n<div style=\"width: 155px\">\n<div class=\"thumb\" style=\"width: 150px;\">\n<div style=\"margin:15px auto;\"><a href=\"\/Datei:Salzburg_Innsbruck02.JPG\" class=\"image\"><img alt=\"Salzburg Innsbruck02.JPG\" src=\"\/images\/thumb\/9\/9d\/Salzburg_Innsbruck02.JPG\/120px-Salzburg_Innsbruck02.JPG%3Futm_source%3Dcommons.wikimedia.org%26utm_campaign%3Dimageinfo%26utm_content%3Dthumbnail\" decoding=\"async\" width=\"117\" height=\"120\" srcset=\"\/images\/thumb\/9\/9d\/Salzburg_Innsbruck02.JPG\/250px-Salzburg_Innsbruck02.JPG%3Futm_source%3Dcommons.wikimedia.org%26utm_campaign%3Dimageinfo%26utm_content%3Dthumbnail 1.5x\" \/><\/a><\/div>\n<\/div>\n<div class=\"gallerytext\">\n\t\t\t<\/div>\n<\/p><\/div>\n<\/li>\n<li class=\"gallerybox\" style=\"width: 155px\">\n<div style=\"width: 155px\">\n<div class=\"thumb\" style=\"width: 150px;\">\n<div style=\"margin:35px auto;\"><a href=\"\/Datei:Salzburg-Innsbruck26.JPG\" class=\"image\"><img loading=\"lazy\" alt=\"Salzburg-Innsbruck26.JPG\" src=\"\/images\/thumb\/c\/c9\/Salzburg-Innsbruck26.JPG\/120px-Salzburg-Innsbruck26.JPG%3Futm_source%3Dcommons.wikimedia.org%26utm_campaign%3Dimageinfo%26utm_content%3Dthumbnail\" decoding=\"async\" width=\"120\" height=\"80\" srcset=\"\/images\/thumb\/c\/c9\/Salzburg-Innsbruck26.JPG\/250px-Salzburg-Innsbruck26.JPG%3Futm_source%3Dcommons.wikimedia.org%26utm_campaign%3Dimageinfo%26utm_content%3Dthumbnail 1.5x\" \/><\/a><\/div>\n<\/div>\n<div class=\"gallerytext\">\n\t\t\t<\/div>\n<\/p><\/div>\n<\/li>\n<li class=\"gallerybox\" style=\"width: 155px\">\n<div style=\"width: 155px\">\n<div class=\"thumb\" style=\"width: 150px;\">\n<div style=\"margin:15px auto;\"><a href=\"\/Datei:Salzburg-Innsbruck4.JPG\" class=\"image\"><img loading=\"lazy\" alt=\"Salzburg-Innsbruck4.JPG\" src=\"\/images\/thumb\/0\/03\/Salzburg-Innsbruck4.JPG\/120px-Salzburg-Innsbruck4.JPG%3Futm_source%3Dcommons.wikimedia.org%26utm_campaign%3Dimageinfo%26utm_content%3Dthumbnail\" decoding=\"async\" width=\"79\" height=\"120\" srcset=\"\/images\/thumb\/0\/03\/Salzburg-Innsbruck4.JPG\/250px-Salzburg-Innsbruck4.JPG%3Futm_source%3Dcommons.wikimedia.org%26utm_campaign%3Dimageinfo%26utm_content%3Dthumbnail 2x\" \/><\/a><\/div>\n<\/div>\n<div class=\"gallerytext\">\n\t\t\t<\/div>\n<\/p><\/div>\n<\/li>\n<li class=\"gallerybox\" style=\"width: 155px\">\n<div style=\"width: 155px\">\n<div class=\"thumb\" style=\"width: 150px;\">\n<div style=\"margin:31px auto;\"><a href=\"\/Datei:Salzburg-Innsbruck7.JPG\" class=\"image\"><img loading=\"lazy\" alt=\"Salzburg-Innsbruck7.JPG\" src=\"\/images\/thumb\/d\/d9\/Salzburg-Innsbruck7.JPG\/120px-Salzburg-Innsbruck7.JPG%3Futm_source%3Dcommons.wikimedia.org%26utm_campaign%3Dimageinfo%26utm_content%3Dthumbnail\" decoding=\"async\" width=\"120\" height=\"88\" srcset=\"\/images\/thumb\/d\/d9\/Salzburg-Innsbruck7.JPG\/250px-Salzburg-Innsbruck7.JPG%3Futm_source%3Dcommons.wikimedia.org%26utm_campaign%3Dimageinfo%26utm_content%3Dthumbnail 1.5x\" \/><\/a><\/div>\n<\/div>\n<div class=\"gallerytext\">\n\t\t\t<\/div>\n<\/p><\/div>\n<\/li>\n<li class=\"gallerybox\" style=\"width: 155px\">\n<div style=\"width: 155px\">\n<div class=\"thumb\" style=\"height: 150px;\"><\/div>\n<div class=\"gallerytext\">\n\t\t\t<\/div>\n<\/p><\/div>\n<\/li>\n<li class=\"gallerybox\" style=\"width: 155px\">\n<div style=\"width: 155px\">\n<div class=\"thumb\" style=\"width: 150px;\">\n<div style=\"margin:15px auto;\"><a href=\"\/Datei:Salzburg-Innsbruck35.JPG\" class=\"image\"><img loading=\"lazy\" alt=\"Salzburg-Innsbruck35.JPG\" src=\"\/images\/thumb\/4\/4f\/Salzburg-Innsbruck35.JPG\/120px-Salzburg-Innsbruck35.JPG%3Futm_source%3Dcommons.wikimedia.org%26utm_campaign%3Dimageinfo%26utm_content%3Dthumbnail\" decoding=\"async\" width=\"120\" height=\"120\" \/><\/a><\/div>\n<\/div>\n<div class=\"gallerytext\">\n\t\t\t<\/div>\n<\/p><\/div>\n<\/li>\n<li class=\"gallerybox\" style=\"width: 155px\">\n<div style=\"width: 155px\">\n<div class=\"thumb\" style=\"height: 150px;\"><\/div>\n<div class=\"gallerytext\">\n\t\t\t<\/div>\n<\/p><\/div>\n<\/li>\n<li class=\"gallerybox\" style=\"width: 155px\">\n<div style=\"width: 155px\">\n<div class=\"thumb\" style=\"height: 150px;\"><\/div>\n<div class=\"gallerytext\">\n\t\t\t<\/div>\n<\/p><\/div>\n<\/li>\n<li class=\"gallerybox\" style=\"width: 155px\">\n<div style=\"width: 155px\">\n<div class=\"thumb\" style=\"width: 150px;\">\n<div style=\"margin:18px auto;\"><a href=\"\/Datei:Innsbruck_Salzburg_54.JPG\" class=\"image\"><img loading=\"lazy\" alt=\"Innsbruck Salzburg 54.JPG\" src=\"\/images\/thumb\/e\/eb\/Innsbruck_Salzburg_54.JPG\/120px-Innsbruck_Salzburg_54.JPG%3Futm_source%3Dcommons.wikimedia.org%26utm_campaign%3Dimageinfo%26utm_content%3Dthumbnail\" decoding=\"async\" width=\"120\" height=\"114\" \/><\/a><\/div>\n<\/div>\n<div class=\"gallerytext\">\n\t\t\t<\/div>\n<\/p><\/div>\n<\/li>\n<\/ul>\n<h2><span class=\"mw-headline\" id=\"Weblinks\">Weblinks<\/span><a href=\"\/index.php?title=29._Runde,_Saison_2011\/12,_RBS_vs_FCW&amp;action=edit&amp;section=3\" title=\"Abschnitt bearbeiten: Weblinks\">Bearbeiten<\/a><span class=\"mw-editsection-bracket\">]<\/span><\/span><\/h2>\n<ul>\n<li><a rel=\"nofollow\" class=\"external text\" href=\"http:\/\/www.salzburg12.at\/2012\/04\/wenn-ergebnis-und-leistung-hand-in-hand-gehen\/\">Spielbericht auf salzburg12.at<\/a><\/li>\n<li><a rel=\"nofollow\" class=\"external text\" href=\"http:\/\/www.laola1.tv\/de\/at\/fussball\/aut-bundesliga\/die-highlights-salzburg-w-innsbruck\/video\/281-1638-81028.html\">Video auf laola.tv<\/a><\/li>\n<li><a rel=\"nofollow\" class=\"external text\" href=\"http:\/\/www.salzburg24.at\/fussballfans-gehen-mit-pyrotechnik-gegen-polizei-vor\/3217507\">Salzburg24.at<\/a><\/li>\n<li><a rel=\"nofollow\" class=\"external text\" href=\"http:\/\/www.redbullsfan.tv\/specials\/demolux\/spielanalyse-29runde-%7C-demolux\/page\/view=1081\">Spielanalyse Demolux<\/a><\/li>\n<\/ul>\n<\/div>\n","protected":false},"excerpt":{"rendered":"<p>FaktenBearbeiten] Bundesliga &#8211; 29. Spieltag: 7. April 2012 , 16 Uhr FC Red Bull Salzburg gegen FC Wacker Innsbruck, 2:0 Aufstellung: Alexander Walke Christian Schwegler,Petri Pasanen, Ibrahim Sekagya, Andreas Ulmer David Mendes, Dusan Svento, Leonardo, Gonzalo Zarate, Jakob Jantscher Stefan Maierhofer Wechsel: Georg Teigl f\u00fcr Zarate (46.), Cristiano f\u00fcr Leonardo (89.) Endstand: 2:0 (0:0) Torsch\u00fctzen: [&hellip;]<\/p>\n","protected":false},"author":1,"featured_media":0,"comment_status":"open","ping_status":"open","sticky":false,"template":"","format":"standard","meta":{"footnotes":""},"categories":[1417],"tags":[],"class_list":["post-1791","post","type-post","status-publish","format-standard","hentry","category-29-runde-saison-2011"],"_links":{"self":[{"href":"https:\/\/wiki.s12.at\/index.php\/wp-json\/wp\/v2\/posts\/1791","targetHints":{"allow":["GET"]}}],"collection":[{"href":"https:\/\/wiki.s12.at\/index.php\/wp-json\/wp\/v2\/posts"}],"about":[{"href":"https:\/\/wiki.s12.at\/index.php\/wp-json\/wp\/v2\/types\/post"}],"author":[{"embeddable":true,"href":"https:\/\/wiki.s12.at\/index.php\/wp-json\/wp\/v2\/users\/1"}],"replies":[{"embeddable":true,"href":"https:\/\/wiki.s12.at\/index.php\/wp-json\/wp\/v2\/comments?post=1791"}],"version-history":[{"count":0,"href":"https:\/\/wiki.s12.at\/index.php\/wp-json\/wp\/v2\/posts\/1791\/revisions"}],"wp:attachment":[{"href":"https:\/\/wiki.s12.at\/index.php\/wp-json\/wp\/v2\/media?parent=1791"}],"wp:term":[{"taxonomy":"category","embeddable":true,"href":"https:\/\/wiki.s12.at\/index.php\/wp-json\/wp\/v2\/categories?post=1791"},{"taxonomy":"post_tag","embeddable":true,"href":"https:\/\/wiki.s12.at\/index.php\/wp-json\/wp\/v2\/tags?post=1791"}],"curies":[{"name":"wp","href":"https:\/\/api.w.org\/{rel}","templated":true}]}}