{"id":1781,"date":"2026-05-06T14:05:07","date_gmt":"2026-05-06T12:05:07","guid":{"rendered":"https:\/\/wiki.s12.at\/index.php\/2026\/05\/06\/29-runde-saison-1999-00-svr-vs-sva\/"},"modified":"2026-05-06T14:05:07","modified_gmt":"2026-05-06T12:05:07","slug":"29-runde-saison-1999-00-svr-vs-sva","status":"publish","type":"post","link":"https:\/\/wiki.s12.at\/index.php\/2026\/05\/06\/29-runde-saison-1999-00-svr-vs-sva\/","title":{"rendered":"00 SVR vs SVA"},"content":{"rendered":"<div class=\"mw-parser-output\">\n<h3><span class=\"mw-headline\" id=\"Fakten\">Fakten<\/span><a href=\"\/index.php?title=29._Runde,_Saison_1999\/00_SVR_vs_SVA&amp;action=edit&amp;section=1\" title=\"Abschnitt bearbeiten: Fakten\">Bearbeiten<\/a><span class=\"mw-editsection-bracket\">]<\/span><\/span><\/h3>\n<p><b>Bundesliga &#8211; 29. Spieltag: 15. April 2000, 15.30 Uhr<\/b><br \/>\n\n<\/p>\n<table class=\"wikitable\">\n<caption><b><big>SV Ried gegen SV Austria Salzburg,2:0<\/big><\/b><br \/>\n<\/caption>\n<tbody>\n<tr>\n<td>Aufstellung:<\/td>\n<td><a href=\"\/Szabolcs_Safar\" class=\"mw-redirect\" title=\"Szabolcs Safar\">Szabolcs Safar<\/a><a href=\"\/Christoph_Jank\" title=\"Christoph Jank\">Christoph Jank<\/a> <a href=\"\/Roman_Szewczyk\" title=\"Roman Szewczyk\">Roman Szewczyk<\/a> <a href=\"\/Gerhard_Struber\" title=\"Gerhard Struber\">Gerhard Struber<\/a> <a href=\"\/Sladjan_Nikolic\" title=\"Sladjan Nikolic\">Sladjan Nikolic<\/a> <a href=\"\/Thomas_Winklhofer\" title=\"Thomas Winklhofer\">Thomas Winklhofer<\/a> \t<a href=\"\/Florian_Karasek\" title=\"Florian Karasek\">Florian Karasek<\/a> <a href=\"\/Adolf_H%C3%BCtter\" title=\"Adolf H\u00fctter\">Adolf H\u00fctter<\/a> <a href=\"\/Rene_Aufhauser\" class=\"mw-redirect\" title=\"Rene Aufhauser\">Rene Aufhauser<\/a> <a href=\"\/Heiko_Laessig\" title=\"Heiko Laessig\">Heiko Laessig<\/a> <a href=\"\/Harold_Meyssen\" title=\"Harold Meyssen\">Harold Meyssen<\/a>\n<\/td>\n<\/tr>\n<tr>\n<td>Wechsel:<\/td>\n<td><a href=\"\/Werner_Promberger\" title=\"Werner Promberger\">Werner Promberger<\/a> f\u00fcr Struber (54.)\n<\/td>\n<\/tr>\n<tr>\n<td>Endstand:<\/td>\n<td>2:0 (1:0)\n<\/td>\n<\/tr>\n<tr>\n<td>Torsch\u00fctzen:<\/td>\n<td>Brunnmayr (15., 51.)\n<\/td>\n<\/tr>\n<tr>\n<td>Gelbe Karten:<\/td>\n<td>Promberger (61.); Fading (42.)\n<\/td>\n<\/tr>\n<tr>\n<td>Gelb-rot:<\/td>\n<td>\n<\/td>\n<\/tr>\n<tr>\n<td>Rote Karten<\/td>\n<td>\n<\/td>\n<\/tr>\n<tr>\n<td>Schiedsrichter:<\/td>\n<td>Richard Kern\n<\/td>\n<\/tr>\n<tr>\n<td>Stadion:<\/td>\n<td>Stadion der Stadt Ried\n<\/td>\n<\/tr>\n<tr>\n<td>Zuschauer:<\/td>\n<td>4 283\n<\/td>\n<\/tr>\n<\/tbody>\n<\/table>\n<\/div>\n","protected":false},"excerpt":{"rendered":"<p>FaktenBearbeiten] Bundesliga &#8211; 29. Spieltag: 15. April 2000, 15.30 Uhr SV Ried gegen SV Austria Salzburg,2:0 Aufstellung: Szabolcs SafarChristoph Jank Roman Szewczyk Gerhard Struber Sladjan Nikolic Thomas Winklhofer Florian Karasek Adolf H\u00fctter Rene Aufhauser Heiko Laessig Harold Meyssen Wechsel: Werner Promberger f\u00fcr Struber (54.) Endstand: 2:0 (1:0) Torsch\u00fctzen: Brunnmayr (15., 51.) Gelbe Karten: Promberger (61.); [&hellip;]<\/p>\n","protected":false},"author":1,"featured_media":0,"comment_status":"open","ping_status":"open","sticky":false,"template":"","format":"standard","meta":{"footnotes":""},"categories":[1407],"tags":[],"class_list":["post-1781","post","type-post","status-publish","format-standard","hentry","category-29-runde-saison-1999"],"_links":{"self":[{"href":"https:\/\/wiki.s12.at\/index.php\/wp-json\/wp\/v2\/posts\/1781","targetHints":{"allow":["GET"]}}],"collection":[{"href":"https:\/\/wiki.s12.at\/index.php\/wp-json\/wp\/v2\/posts"}],"about":[{"href":"https:\/\/wiki.s12.at\/index.php\/wp-json\/wp\/v2\/types\/post"}],"author":[{"embeddable":true,"href":"https:\/\/wiki.s12.at\/index.php\/wp-json\/wp\/v2\/users\/1"}],"replies":[{"embeddable":true,"href":"https:\/\/wiki.s12.at\/index.php\/wp-json\/wp\/v2\/comments?post=1781"}],"version-history":[{"count":0,"href":"https:\/\/wiki.s12.at\/index.php\/wp-json\/wp\/v2\/posts\/1781\/revisions"}],"wp:attachment":[{"href":"https:\/\/wiki.s12.at\/index.php\/wp-json\/wp\/v2\/media?parent=1781"}],"wp:term":[{"taxonomy":"category","embeddable":true,"href":"https:\/\/wiki.s12.at\/index.php\/wp-json\/wp\/v2\/categories?post=1781"},{"taxonomy":"post_tag","embeddable":true,"href":"https:\/\/wiki.s12.at\/index.php\/wp-json\/wp\/v2\/tags?post=1781"}],"curies":[{"name":"wp","href":"https:\/\/api.w.org\/{rel}","templated":true}]}}