{"id":1750,"date":"2026-05-06T14:04:46","date_gmt":"2026-05-06T12:04:46","guid":{"rendered":"https:\/\/wiki.s12.at\/index.php\/2026\/05\/06\/29-runde-regionalliga-west-saison-2012-13-fc-liefering-gegen-sv-austria-salzburg\/"},"modified":"2026-05-06T14:04:46","modified_gmt":"2026-05-06T12:04:46","slug":"29-runde-regionalliga-west-saison-2012-13-fc-liefering-gegen-sv-austria-salzburg","status":"publish","type":"post","link":"https:\/\/wiki.s12.at\/index.php\/2026\/05\/06\/29-runde-regionalliga-west-saison-2012-13-fc-liefering-gegen-sv-austria-salzburg\/","title":{"rendered":"13, FC Liefering gegen SV Austria Salzburg"},"content":{"rendered":"<div class=\"mw-parser-output\">\n<p><b>Regionalliga West &#8211; 29. Spieltag, 1. Mai 2013, 16 Uhr<\/b><br \/>\n\n<\/p>\n<table class=\"wikitable\">\n<caption><b><big>FC Liefering gegen SV Austria Salzburg, 1:0<\/big><\/b><br \/>\n<\/caption>\n<tbody>\n<tr>\n<td>Aufstellung:<\/td>\n<td><a href=\"\/Thomas_D%C3%A4hne\" title=\"Thomas D\u00e4hne\">Thomas D\u00e4hne<\/a> <a href=\"\/Rene_Aufhauser\" class=\"mw-redirect\" title=\"Rene Aufhauser\">Rene Aufhauser<\/a> <a href=\"\/Stefan_Lainer\" title=\"Stefan Lainer\">Stefan Lainer<\/a> <a href=\"\/Josip_Coric\" class=\"mw-redirect\" title=\"Josip Coric\">Josip Coric<\/a> <a href=\"\/Felix_Adjei\" title=\"Felix Adjei\">Felix Adjei<\/a> <a href=\"\/Wolfgang_Mair\" title=\"Wolfgang Mair\">Wolfgang Mair<\/a> <a href=\"\/Andreas_Schrott\" title=\"Andreas Schrott\">Andreas Schrott<\/a> <a href=\"\/Sandro_Djuric\" title=\"Sandro Djuric\">Sandro Djuric<\/a> <a href=\"\/Stefan_Savic\" title=\"Stefan Savic\">Stefan Savic<\/a> <a href=\"\/Robert_V%C3%B6lkl\" title=\"Robert V\u00f6lkl\">Robert V\u00f6lkl<\/a> <a href=\"\/Alexander_Aschauer\" title=\"Alexander Aschauer\">Alexander Aschauer<\/a>\n<\/td>\n<\/tr>\n<tr>\n<td>Wechsel:<\/td>\n<td><a href=\"\/Andre_Ramalho_Silva\" title=\"Andre Ramalho Silva\">Andre Ramalho Silva<\/a> f\u00fcr Schrott (69.), <a href=\"\/Nikola_Dovedan\" title=\"Nikola Dovedan\">Nikola Dovedan<\/a> f\u00fcr Mair (72.), <a href=\"\/Mario_Konrad\" title=\"Mario Konrad\">Mario Konrad<\/a> f\u00fcr Djuric (90.)\n<\/td>\n<\/tr>\n<tr>\n<td>Endstand:<\/td>\n<td>1:0 (0:0)\n<\/td>\n<\/tr>\n<tr>\n<td>Torsch\u00fctzen:<\/td>\n<td>Aufhauser (66.)\n<\/td>\n<\/tr>\n<tr>\n<td>Gelbe Karten:<\/td>\n<td>Adjei (27.), Aschauer (85.), Coric (87.); Jukic (83.), Rahic (88.)\n<\/td>\n<\/tr>\n<tr>\n<td>Gelb-rote Karten:<\/td>\n<td>\n<\/td>\n<\/tr>\n<tr>\n<td>Rote Karten:<\/td>\n<td>\n<\/td>\n<\/tr>\n<tr>\n<td>Schiedsrichter:<\/td>\n<td>Heinz Vizkotter\n<\/td>\n<\/tr>\n<tr>\n<td>Stadion:<\/td>\n<td>EM-Stadion Wals-Siezenheim\n<\/td>\n<\/tr>\n<tr>\n<td>Zuschauer:<\/td>\n<td>9 620\n<\/td>\n<\/tr>\n<\/tbody>\n<\/table>\n<h2><span class=\"mw-headline\" id=\"Bilder\">Bilder<\/span><a href=\"\/index.php?title=29.Runde,_Regionalliga_West,_Saison_2012\/13,_FC_Liefering_gegen_SV_Austria_Salzburg&amp;action=edit&amp;section=1\" title=\"Abschnitt bearbeiten: Bilder\">Bearbeiten<\/a><span class=\"mw-editsection-bracket\">]<\/span><\/span><\/h2>\n<ul class=\"gallery mw-gallery-traditional\">\n<li class=\"gallerybox\" style=\"width: 155px\">\n<div style=\"width: 155px\">\n<div class=\"thumb\" style=\"width: 150px;\">\n<div style=\"margin:46.5px auto;\"><a href=\"\/Datei:FC_Liefering_vs_SV_Austria_Salzburg.JPG\" class=\"image\"><img alt=\"FC Liefering vs SV Austria Salzburg.JPG\" src=\"\/images\/thumb\/0\/08\/FC_Liefering_vs_SV_Austria_Salzburg.JPG\/120px-FC_Liefering_vs_SV_Austria_Salzburg.JPG%3Futm_source%3Dcommons.wikimedia.org%26utm_campaign%3Dimageinfo%26utm_content%3Dthumbnail\" decoding=\"async\" width=\"120\" height=\"57\" srcset=\"\/images\/thumb\/0\/08\/FC_Liefering_vs_SV_Austria_Salzburg.JPG\/250px-FC_Liefering_vs_SV_Austria_Salzburg.JPG%3Futm_source%3Dcommons.wikimedia.org%26utm_campaign%3Dimageinfo%26utm_content%3Dthumbnail 1.5x\" \/><\/a><\/div>\n<\/div>\n<div class=\"gallerytext\">\n\t\t\t<\/div>\n<\/p><\/div>\n<\/li>\n<li class=\"gallerybox\" style=\"width: 155px\">\n<div style=\"width: 155px\">\n<div class=\"thumb\" style=\"width: 150px;\">\n<div style=\"margin:35px auto;\"><a href=\"\/Datei:FC_Liefering_vs_SV_Austria_Salzburg9.JPG\" class=\"image\"><img alt=\"FC Liefering vs SV Austria Salzburg9.JPG\" src=\"\/images\/thumb\/6\/64\/FC_Liefering_vs_SV_Austria_Salzburg9.JPG\/120px-FC_Liefering_vs_SV_Austria_Salzburg9.JPG%3Futm_source%3Dcommons.wikimedia.org%26utm_campaign%3Dimageinfo%26utm_content%3Dthumbnail\" decoding=\"async\" width=\"120\" height=\"80\" srcset=\"\/images\/thumb\/6\/64\/FC_Liefering_vs_SV_Austria_Salzburg9.JPG\/250px-FC_Liefering_vs_SV_Austria_Salzburg9.JPG%3Futm_source%3Dcommons.wikimedia.org%26utm_campaign%3Dimageinfo%26utm_content%3Dthumbnail 1.5x\" \/><\/a><\/div>\n<\/div>\n<div class=\"gallerytext\">\n\t\t\t<\/div>\n<\/p><\/div>\n<\/li>\n<li class=\"gallerybox\" style=\"width: 155px\">\n<div style=\"width: 155px\">\n<div class=\"thumb\" style=\"width: 150px;\">\n<div style=\"margin:27.5px auto;\"><a href=\"\/Datei:FC_Liefering_gegen_SV_Austria_Salzburg7.JPG\" class=\"image\"><img alt=\"FC Liefering gegen SV Austria Salzburg7.JPG\" src=\"\/images\/thumb\/c\/c2\/FC_Liefering_gegen_SV_Austria_Salzburg7.JPG\/120px-FC_Liefering_gegen_SV_Austria_Salzburg7.JPG%3Futm_source%3Dcommons.wikimedia.org%26utm_campaign%3Dimageinfo%26utm_content%3Dthumbnail\" decoding=\"async\" width=\"120\" height=\"95\" srcset=\"\/images\/thumb\/c\/c2\/FC_Liefering_gegen_SV_Austria_Salzburg7.JPG\/250px-FC_Liefering_gegen_SV_Austria_Salzburg7.JPG%3Futm_source%3Dcommons.wikimedia.org%26utm_campaign%3Dimageinfo%26utm_content%3Dthumbnail 1.5x\" \/><\/a><\/div>\n<\/div>\n<div class=\"gallerytext\">\n\t\t\t<\/div>\n<\/p><\/div>\n<\/li>\n<li class=\"gallerybox\" style=\"width: 155px\">\n<div style=\"width: 155px\">\n<div class=\"thumb\" style=\"width: 150px;\">\n<div style=\"margin:15.5px auto;\"><a href=\"\/Datei:Liefering_SV_Austria02.JPG\" class=\"image\"><img loading=\"lazy\" alt=\"Liefering SV Austria02.JPG\" src=\"\/images\/thumb\/d\/db\/Liefering_SV_Austria02.JPG\/120px-Liefering_SV_Austria02.JPG%3Futm_source%3Dcommons.wikimedia.org%26utm_campaign%3Dimageinfo%26utm_content%3Dthumbnail\" decoding=\"async\" width=\"120\" height=\"119\" srcset=\"\/images\/thumb\/d\/db\/Liefering_SV_Austria02.JPG\/250px-Liefering_SV_Austria02.JPG%3Futm_source%3Dcommons.wikimedia.org%26utm_campaign%3Dimageinfo%26utm_content%3Dthumbnail 1.5x\" \/><\/a><\/div>\n<\/div>\n<div class=\"gallerytext\">\n\t\t\t<\/div>\n<\/p><\/div>\n<\/li>\n<li class=\"gallerybox\" style=\"width: 155px\">\n<div style=\"width: 155px\">\n<div class=\"thumb\" style=\"width: 150px;\">\n<div style=\"margin:45.5px auto;\"><a href=\"\/Datei:FC_Liefering_gegen_SV_Austria_Salzburg71.JPG\" class=\"image\"><img loading=\"lazy\" alt=\"FC Liefering gegen SV Austria Salzburg71.JPG\" src=\"\/images\/thumb\/9\/9b\/FC_Liefering_gegen_SV_Austria_Salzburg71.JPG\/120px-FC_Liefering_gegen_SV_Austria_Salzburg71.JPG%3Futm_source%3Dcommons.wikimedia.org%26utm_campaign%3Dimageinfo%26utm_content%3Dthumbnail\" decoding=\"async\" width=\"120\" height=\"59\" srcset=\"\/images\/thumb\/9\/9b\/FC_Liefering_gegen_SV_Austria_Salzburg71.JPG\/250px-FC_Liefering_gegen_SV_Austria_Salzburg71.JPG%3Futm_source%3Dcommons.wikimedia.org%26utm_campaign%3Dimageinfo%26utm_content%3Dthumbnail 1.5x\" \/><\/a><\/div>\n<\/div>\n<div class=\"gallerytext\">\n\t\t\t<\/div>\n<\/p><\/div>\n<\/li>\n<li class=\"gallerybox\" style=\"width: 155px\">\n<div style=\"width: 155px\">\n<div class=\"thumb\" style=\"width: 150px;\">\n<div style=\"margin:21px auto;\"><a href=\"\/Datei:FC_Liefering_gegen_SV_Austria_Salzburg0.JPG\" class=\"image\"><img loading=\"lazy\" alt=\"FC Liefering gegen SV Austria Salzburg0.JPG\" src=\"\/images\/thumb\/c\/c3\/FC_Liefering_gegen_SV_Austria_Salzburg0.JPG\/120px-FC_Liefering_gegen_SV_Austria_Salzburg0.JPG%3Futm_source%3Dcommons.wikimedia.org%26utm_campaign%3Dimageinfo%26utm_content%3Dthumbnail\" decoding=\"async\" width=\"120\" height=\"108\" srcset=\"\/images\/thumb\/c\/c3\/FC_Liefering_gegen_SV_Austria_Salzburg0.JPG\/250px-FC_Liefering_gegen_SV_Austria_Salzburg0.JPG%3Futm_source%3Dcommons.wikimedia.org%26utm_campaign%3Dimageinfo%26utm_content%3Dthumbnail 1.5x\" \/><\/a><\/div>\n<\/div>\n<div class=\"gallerytext\">\n\t\t\t<\/div>\n<\/p><\/div>\n<\/li>\n<li class=\"gallerybox\" style=\"width: 155px\">\n<div style=\"width: 155px\">\n<div class=\"thumb\" style=\"width: 150px;\">\n<div style=\"margin:48px auto;\"><a href=\"\/Datei:Fc_liefering_vs_sv_austria_salzburg5.JPG\" class=\"image\"><img loading=\"lazy\" alt=\"Fc liefering vs sv austria salzburg5.JPG\" src=\"\/images\/thumb\/9\/97\/Fc_liefering_vs_sv_austria_salzburg5.JPG\/120px-Fc_liefering_vs_sv_austria_salzburg5.JPG%3Futm_source%3Dcommons.wikimedia.org%26utm_campaign%3Dimageinfo%26utm_content%3Dthumbnail\" decoding=\"async\" width=\"120\" height=\"54\" srcset=\"\/images\/thumb\/9\/97\/Fc_liefering_vs_sv_austria_salzburg5.JPG\/250px-Fc_liefering_vs_sv_austria_salzburg5.JPG%3Futm_source%3Dcommons.wikimedia.org%26utm_campaign%3Dimageinfo%26utm_content%3Dthumbnail 1.5x\" \/><\/a><\/div>\n<\/div>\n<div class=\"gallerytext\">\n\t\t\t<\/div>\n<\/p><\/div>\n<\/li>\n<li class=\"gallerybox\" style=\"width: 155px\">\n<div style=\"width: 155px\">\n<div class=\"thumb\" style=\"height: 150px;\"><\/div>\n<div class=\"gallerytext\">\n\t\t\t<\/div>\n<\/p><\/div>\n<\/li>\n<li class=\"gallerybox\" style=\"width: 155px\">\n<div style=\"width: 155px\">\n<div class=\"thumb\" style=\"height: 150px;\"><\/div>\n<div class=\"gallerytext\">\n\t\t\t<\/div>\n<\/p><\/div>\n<\/li>\n<li class=\"gallerybox\" style=\"width: 155px\">\n<div style=\"width: 155px\">\n<div class=\"thumb\" style=\"height: 150px;\"><\/div>\n<div class=\"gallerytext\">\n\t\t\t<\/div>\n<\/p><\/div>\n<\/li>\n<li class=\"gallerybox\" style=\"width: 155px\">\n<div style=\"width: 155px\">\n<div class=\"thumb\" style=\"height: 150px;\"><\/div>\n<div class=\"gallerytext\">\n\t\t\t<\/div>\n<\/p><\/div>\n<\/li>\n<\/ul>\n<h2><span class=\"mw-headline\" id=\"Weitere_Bilder\">Weitere Bilder<\/span><a href=\"\/index.php?title=29.Runde,_Regionalliga_West,_Saison_2012\/13,_FC_Liefering_gegen_SV_Austria_Salzburg&amp;action=edit&amp;section=2\" title=\"Abschnitt bearbeiten: Weitere Bilder\">Bearbeiten<\/a><span class=\"mw-editsection-bracket\">]<\/span><\/span><\/h2>\n<p><img loading=\"lazy\" alt=\"\" src=\"\/images\/thumb\/4\/4a\/Commons-logo.svg\/langde-20px-Commons-logo.svg.png%3Futm_source%3Dcommons.wikimedia.org%26utm_campaign%3Dimageinfo%26utm_content%3Dthumbnail\" decoding=\"async\" title=\"Commons\" width=\"12\" height=\"16\" srcset=\"\/images\/thumb\/4\/4a\/Commons-logo.svg\/langde-40px-Commons-logo.svg.png%3Futm_source%3Dcommons.wikimedia.org%26utm_campaign%3Dimageinfo%26utm_content%3Dthumbnail 2x\" \/>&#160;<b><a href=\"http:\/\/commons.wikimedia.org\/wiki\/Category:FC_Liefering_gegen_SV_Austria_Salzburg_1._Mai_2013\" class=\"extiw\" title=\"commons:Category:FC Liefering gegen SV Austria Salzburg 1. Mai 2013\">29.Runde, Regionalliga West, Saison 2012\/13, FC Liefering gegen SV Austria Salzburg<\/a><\/b>&#160;\u2013 Sammlung von Bildern, Videos und Audiodateien auf <a href=\"\/Wikimedia_Commons\" title=\"Wikimedia Commons\">Wikimedia Commons<\/a>\n<\/p>\n<h2><span class=\"mw-headline\" id=\"Weblinks\">Weblinks<\/span><a href=\"\/index.php?title=29.Runde,_Regionalliga_West,_Saison_2012\/13,_FC_Liefering_gegen_SV_Austria_Salzburg&amp;action=edit&amp;section=3\" title=\"Abschnitt bearbeiten: Weblinks\">Bearbeiten<\/a><span class=\"mw-editsection-bracket\">]<\/span><\/span><\/h2>\n<ul>\n<li><a rel=\"nofollow\" class=\"external text\" href=\"http:\/\/www.salzburg12.at\/2013\/05\/derby-sieg\/\">Spielbericht salzburg12.at<\/a><\/li>\n<li><a rel=\"nofollow\" class=\"external text\" href=\"http:\/\/redbulls.com\/soccer\/salzburg\/de\/juniors-news-detail_6612.html\">Spielbericht Vereinshomepage<\/a><\/li>\n<li><a rel=\"nofollow\" class=\"external text\" href=\"http:\/\/www.regionalliga.at\/west\/spielbericht\/2012_2013\/2695\/fc-liefering--sv-austria-salzburg\/\">Spielbericht rlw.at<\/a><\/li>\n<li><a rel=\"nofollow\" class=\"external text\" href=\"http:\/\/www.imnetz-magazin.at\/index.php\/oesterreich\/regionalligen\/regionalliga-west\/4628-liefering-siegt-mit-1-0-im-derby-gegen-austria-salzburg\">Spielbericht Im Netz<\/a><\/li>\n<li><a rel=\"nofollow\" class=\"external text\" href=\"http:\/\/www.regionalliga.at\/west\/video\/166\/videozusammenfassung-fc-liefering-sv-austria-salzburg\/\">Video auf rlw.at<\/a><\/li>\n<\/ul>\n<h2><span class=\"mw-headline\" id=\"Stimmen_zum_Spiel\">Stimmen zum Spiel<\/span><a href=\"\/index.php?title=29.Runde,_Regionalliga_West,_Saison_2012\/13,_FC_Liefering_gegen_SV_Austria_Salzburg&amp;action=edit&amp;section=4\" title=\"Abschnitt bearbeiten: Stimmen zum Spiel\">Bearbeiten<\/a><span class=\"mw-editsection-bracket\">]<\/span><\/span><\/h2>\n<p><b>Peter Zeidler:<\/b> \u201eJetzt nach dem Spiel empfinde ich sehr viel Freude. Wenn man ein Spiel Erster gegen Zweiter doch verdient gewinnt, muss man zufrieden sein. Wir haben wenig zugelassen, uns mehr Chancen erarbeitet. Auch wenn wir zu Beginn etwas nerv\u00f6s waren und einige Fehler gemacht haben. Das Tor ist in einer ganz wichtigen Phase gefallen \u2013 da waren wir gerade im Aufschwung. Jetzt haben wir f\u00fcnf Punkte Vorsprung, Vorentscheidung ist das f\u00fcr mich aber noch keine. Denn jede der sechs restlichen Partien ist nun ein Endspiel. Wir werden das aber jetzt bis zum Schluss durchziehen.\u201c\n<\/p>\n<p><b>Ren\u00e9 Aufhauser:<\/b> \u201eGro\u00dfes Kompliment an die Fans. Es ist unglaublich, in der Regionalliga vor fast 10.000 Zuschauern zu spielen. Da heute sehr viel auf dem Spiel stand, haben beide Mannschaften auch vorsichtig agiert. Mein Tor ist etwas Besonderes \u2013 nicht nur, weil die letzten beiden Runden f\u00fcr uns nicht nach Wunsch gelaufen sind. Wir haben bis zum Schluss gefightet. Der Sieg ist sicher eine Vorentscheidung. Aber in Sicherheit wiegen d\u00fcrfen wir uns noch nicht.\u201c\n<\/p>\n<\/div>\n","protected":false},"excerpt":{"rendered":"<p>Regionalliga West &#8211; 29. Spieltag, 1. Mai 2013, 16 Uhr FC Liefering gegen SV Austria Salzburg, 1:0 Aufstellung: Thomas D\u00e4hne Rene Aufhauser Stefan Lainer Josip Coric Felix Adjei Wolfgang Mair Andreas Schrott Sandro Djuric Stefan Savic Robert V\u00f6lkl Alexander Aschauer Wechsel: Andre Ramalho Silva f\u00fcr Schrott (69.), Nikola Dovedan f\u00fcr Mair (72.), Mario Konrad f\u00fcr [&hellip;]<\/p>\n","protected":false},"author":1,"featured_media":0,"comment_status":"open","ping_status":"open","sticky":false,"template":"","format":"standard","meta":{"footnotes":""},"categories":[1378],"tags":[],"class_list":["post-1750","post","type-post","status-publish","format-standard","hentry","category-29-runde-regionalliga-west-saison-2012"],"_links":{"self":[{"href":"https:\/\/wiki.s12.at\/index.php\/wp-json\/wp\/v2\/posts\/1750","targetHints":{"allow":["GET"]}}],"collection":[{"href":"https:\/\/wiki.s12.at\/index.php\/wp-json\/wp\/v2\/posts"}],"about":[{"href":"https:\/\/wiki.s12.at\/index.php\/wp-json\/wp\/v2\/types\/post"}],"author":[{"embeddable":true,"href":"https:\/\/wiki.s12.at\/index.php\/wp-json\/wp\/v2\/users\/1"}],"replies":[{"embeddable":true,"href":"https:\/\/wiki.s12.at\/index.php\/wp-json\/wp\/v2\/comments?post=1750"}],"version-history":[{"count":0,"href":"https:\/\/wiki.s12.at\/index.php\/wp-json\/wp\/v2\/posts\/1750\/revisions"}],"wp:attachment":[{"href":"https:\/\/wiki.s12.at\/index.php\/wp-json\/wp\/v2\/media?parent=1750"}],"wp:term":[{"taxonomy":"category","embeddable":true,"href":"https:\/\/wiki.s12.at\/index.php\/wp-json\/wp\/v2\/categories?post=1750"},{"taxonomy":"post_tag","embeddable":true,"href":"https:\/\/wiki.s12.at\/index.php\/wp-json\/wp\/v2\/tags?post=1750"}],"curies":[{"name":"wp","href":"https:\/\/api.w.org\/{rel}","templated":true}]}}