{"id":175,"date":"2026-05-06T12:56:09","date_gmt":"2026-05-06T10:56:09","guid":{"rendered":"http:\/\/wiki.s12.at\/index.php\/2026\/05\/06\/10-runde-saison-2000-01-sturm-graz-austria-salzburg\/"},"modified":"2026-05-06T12:56:09","modified_gmt":"2026-05-06T10:56:09","slug":"10-runde-saison-2000-01-sturm-graz-austria-salzburg","status":"publish","type":"post","link":"https:\/\/wiki.s12.at\/index.php\/2026\/05\/06\/10-runde-saison-2000-01-sturm-graz-austria-salzburg\/","title":{"rendered":"01, Sturm Graz &#8211; Austria Salzburg"},"content":{"rendered":"<div class=\"mw-parser-output\">\n<h3><span class=\"mw-headline\" id=\"Fakten\">Fakten<\/span><a href=\"\/index.php?title=10._Runde,_Saison_2000\/01,_Sturm_Graz_-_Austria_Salzburg&amp;action=edit&amp;section=1\" title=\"Abschnitt bearbeiten: Fakten\">Bearbeiten<\/a><span class=\"mw-editsection-bracket\">]<\/span><\/span><\/h3>\n<p><b>Bundesliga &#8211; 10. Spieltag, 5. September 2000, 19.30 Uhr<\/b>\n<\/p>\n<table class=\"wikitable\">\n<caption><b> <big> SK Sturm Graz gegen SV Austria Salzburg, 1:2<\/big><\/b><br \/>\n<\/caption>\n<tbody>\n<tr>\n<td>Aufstellung:<\/td>\n<td><a href=\"\/Szabolcs_Safar\" class=\"mw-redirect\" title=\"Szabolcs Safar\">Szabolcs Safar<\/a> <a href=\"\/Thomas_Winklhofer\" title=\"Thomas Winklhofer\">Thomas Winklhofer<\/a> (36. <a href=\"\/Florian_Karasek\" title=\"Florian Karasek\">Florian Karasek<\/a>) <a href=\"\/Roman_Szewczyk\" title=\"Roman Szewczyk\">Roman Szewczyk<\/a> <a href=\"\/Christoph_Jank\" title=\"Christoph Jank\">Christoph Jank<\/a> <a href=\"\/Manfred_Pamminger\" title=\"Manfred Pamminger\">Manfred Pamminger<\/a> <a href=\"\/Richard_Kitzbichler\" title=\"Richard Kitzbichler\">Richard Kitzbichler<\/a> <a href=\"\/Robert_Fr%C3%BCst%C3%BCk\" title=\"Robert Fr\u00fcst\u00fck\">Robert Fr\u00fcst\u00fck<\/a> <a href=\"\/Rene_Aufhauser\" class=\"mw-redirect\" title=\"Rene Aufhauser\">Rene Aufhauser<\/a> <a href=\"\/Thomas_Silberberger\" title=\"Thomas Silberberger\">Thomas Silberberger<\/a> (81. <a href=\"\/Gerhard_Struber\" title=\"Gerhard Struber\">Gerhard Struber<\/a>) <a href=\"\/Heiko_Laessig\" title=\"Heiko Laessig\">Heiko Laessig<\/a> <a href=\"\/Juan_Carcamo\" class=\"mw-redirect\" title=\"Juan Carcamo\">Juan Carcamo<\/a>\n<\/td>\n<\/tr>\n<tr>\n<td>Endstand:<\/td>\n<td>1:2 (0:0)\n<\/td>\n<\/tr>\n<tr>\n<td>Torsch\u00fctzen:<\/td>\n<td>Jank (88., ET.); Laessig (49.), Kitzbichler (70.)\n<\/td>\n<\/tr>\n<tr>\n<td>Gelbe Karten:<\/td>\n<td>Prilasnig (30.), Mamedov (70.), Schopp (90.); Carcamo (14.)\n<\/td>\n<\/tr>\n<tr>\n<td>Gelb-rote Karten:<\/td>\n<td>\n<\/td>\n<\/tr>\n<tr>\n<td>Rote Karten:<\/td>\n<td>\n<\/td>\n<\/tr>\n<tr>\n<td>Schiedsrichter:<\/td>\n<td>Gerald Lehner\n<\/td>\n<\/tr>\n<tr>\n<td>Stadion:<\/td>\n<td>Schwarzenegger-Stadion, Graz\n<\/td>\n<\/tr>\n<tr>\n<td>Zuschauer:<\/td>\n<td>10 500\n<\/td>\n<\/tr>\n<\/tbody>\n<\/table>\n<\/div>\n","protected":false},"excerpt":{"rendered":"<p>FaktenBearbeiten] Bundesliga &#8211; 10. Spieltag, 5. September 2000, 19.30 Uhr SK Sturm Graz gegen SV Austria Salzburg, 1:2 Aufstellung: Szabolcs Safar Thomas Winklhofer (36. Florian Karasek) Roman Szewczyk Christoph Jank Manfred Pamminger Richard Kitzbichler Robert Fr\u00fcst\u00fck Rene Aufhauser Thomas Silberberger (81. Gerhard Struber) Heiko Laessig Juan Carcamo Endstand: 1:2 (0:0) Torsch\u00fctzen: Jank (88., ET.); Laessig [&hellip;]<\/p>\n","protected":false},"author":1,"featured_media":0,"comment_status":"open","ping_status":"open","sticky":false,"template":"","format":"standard","meta":{"footnotes":""},"categories":[114],"tags":[],"class_list":["post-175","post","type-post","status-publish","format-standard","hentry","category-10-runde-saison-2000"],"_links":{"self":[{"href":"https:\/\/wiki.s12.at\/index.php\/wp-json\/wp\/v2\/posts\/175","targetHints":{"allow":["GET"]}}],"collection":[{"href":"https:\/\/wiki.s12.at\/index.php\/wp-json\/wp\/v2\/posts"}],"about":[{"href":"https:\/\/wiki.s12.at\/index.php\/wp-json\/wp\/v2\/types\/post"}],"author":[{"embeddable":true,"href":"https:\/\/wiki.s12.at\/index.php\/wp-json\/wp\/v2\/users\/1"}],"replies":[{"embeddable":true,"href":"https:\/\/wiki.s12.at\/index.php\/wp-json\/wp\/v2\/comments?post=175"}],"version-history":[{"count":0,"href":"https:\/\/wiki.s12.at\/index.php\/wp-json\/wp\/v2\/posts\/175\/revisions"}],"wp:attachment":[{"href":"https:\/\/wiki.s12.at\/index.php\/wp-json\/wp\/v2\/media?parent=175"}],"wp:term":[{"taxonomy":"category","embeddable":true,"href":"https:\/\/wiki.s12.at\/index.php\/wp-json\/wp\/v2\/categories?post=175"},{"taxonomy":"post_tag","embeddable":true,"href":"https:\/\/wiki.s12.at\/index.php\/wp-json\/wp\/v2\/tags?post=175"}],"curies":[{"name":"wp","href":"https:\/\/api.w.org\/{rel}","templated":true}]}}