{"id":1746,"date":"2026-05-06T14:04:33","date_gmt":"2026-05-06T12:04:33","guid":{"rendered":"https:\/\/wiki.s12.at\/index.php\/2026\/05\/06\/28-runde-saison-2025-26-kapfenberger-sv-gegen-fc-liefering\/"},"modified":"2026-05-06T14:04:33","modified_gmt":"2026-05-06T12:04:33","slug":"28-runde-saison-2025-26-kapfenberger-sv-gegen-fc-liefering","status":"publish","type":"post","link":"https:\/\/wiki.s12.at\/index.php\/2026\/05\/06\/28-runde-saison-2025-26-kapfenberger-sv-gegen-fc-liefering\/","title":{"rendered":"26, Kapfenberger SV gegen FC Liefering"},"content":{"rendered":"<div class=\"mw-parser-output\">\n<table class=\"toptextcells toccolours\">\n<tbody>\n<tr>\n<th colspan=\"2\" style=\"text-align: center; vertical-align: top; padding: 0.3em 0.8em; font-size: 125%; background-color: lightsteelblue;\">SKN St. P\u00f6lten  gegen FC Liefering, 0:0\n<\/th>\n<\/tr>\n<tr>\n<th style=\"text-align:left;\"><b>Spieltag<\/b>\n<\/th>\n<th style=\"text-align:left;\">2. Liga &#8211; 28. Runde\n<\/th>\n<\/tr>\n<tr>\n<th style=\"text-align:left;\"><b>Datum<\/b>\n<\/th>\n<th style=\"text-align:left;\">2. Mai 2026\n<\/th>\n<\/tr>\n<tr>\n<th style=\"text-align:left;\"><b>Anpfiff<\/b>\n<\/th>\n<th style=\"text-align:left;\">14:30 Uhr\n<\/th>\n<\/tr>\n<tr>\n<td colspan=\"2\" style=\"text-align:center;\" bgcolor=\"lightgray\"><b>Aufstellung<\/b>\n<\/td>\n<\/tr>\n<tr>\n<th style=\"text-align:left;\"><b>Tor<\/b>\n<\/th>\n<th><a href=\"\/Salko_Hamzic\" title=\"Salko Hamzic\">Salko Hamzic<\/a>\n<\/th>\n<\/tr>\n<tr>\n<th style=\"text-align:left;\"><b>Verteidigung<\/b>\n<\/th>\n<th><a href=\"\/Julian_Hussauf\" title=\"Julian Hussauf\">Julian Hussauf<\/a> &#8211;   <a href=\"\/Valentin_Zabransky\" title=\"Valentin Zabransky\">Valentin Zabransky<\/a> &#8211;   <a href=\"\/John_Mellberg\" title=\"John Mellberg\">John Mellberg<\/a> &#8211; <a href=\"\/Jakob_Zangerl\" title=\"Jakob Zangerl\">Jakob Zangerl<\/a>\n<\/th>\n<\/tr>\n<tr>\n<th style=\"text-align:left;\"><b>Mittelfeld<\/b>\n<\/th>\n<th><a href=\"\/Johannes_Moser\" title=\"Johannes Moser\">Johannes Moser<\/a> &#8211;  <a href=\"\/Nikolas_Freund\" title=\"Nikolas Freund\">Nikolas Freund<\/a> &#8211;<a href=\"\/Riquelme_Reis\" title=\"Riquelme Reis\">Riquelme Reis<\/a>\n<\/th>\n<\/tr>\n<tr>\n<th style=\"text-align:left;\"><b>Sturm<\/b>\n<\/th>\n<th><a href=\"\/Oghenetejiri_Adejenughure\" title=\"Oghenetejiri Adejenughure\">Oghenetejiri Adejenughure<\/a> &#8211; <a href=\"\/Phillip_Verhounig\" title=\"Phillip Verhounig\">Phillip Verhounig<\/a> &#8211;  <a href=\"\/Aboubacar_Camara\" class=\"mw-redirect\" title=\"Aboubacar Camara\">Aboubacar Camara<\/a>\n<\/th>\n<\/tr>\n<tr>\n<td colspan=\"2\" style=\"text-align:center;\" bgcolor=\"lightgray\"><b>Wechsel<\/b>\n<\/td>\n<\/tr>\n<tr>\n<th style=\"text-align:left;\"><b>Wechsel<\/b>\n<\/th>\n<th style=\"text-align:left;\"><a href=\"\/Jakob_Pokorny\" title=\"Jakob Pokorny\">Jakob Pokorny<\/a> f\u00fcr Mellberg(46.), <a href=\"\/Miha_Matjasec\" title=\"Miha Matjasec\">Miha Matjasec<\/a> f\u00fcr Moser (66.), <a href=\"\/Mayker_Palacios\" class=\"mw-redirect\" title=\"Mayker Palacios\">Mayker Palacios<\/a> f\u00fcr Freund (76.), <br \/><a href=\"\/Said_Nisic\" title=\"Said Nisic\">Said Nisic<\/a> f\u00fcr Adejenughure (76.), <a href=\"\/Filip_Aleksic\" title=\"Filip Aleksic\">Filip Aleksic<\/a> f\u00fcr Hussauf (82.)\n<\/th>\n<\/tr>\n<tr>\n<td colspan=\"2\" style=\"text-align:center;\" bgcolor=\"lightgray\"><b>Statistik<\/b>\n<\/td>\n<\/tr>\n<tr>\n<th style=\"text-align:left;\"><b>Endstand<\/b>\n<\/th>\n<th style=\"text-align:left;\">1:4 (1:4)\n<\/th>\n<\/tr>\n<tr>\n<th style=\"text-align:left;\"><b>Torsch\u00fctzen<\/b>\n<\/th>\n<th style=\"text-align:left;\">Krasniqi (20.);  Verhounig (3. E., 31. E.), Zangerl (23.), Adejenughure (43.)\n<\/th>\n<\/tr>\n<tr>\n<th style=\"text-align:left;\"><b>Gelbe Karten<\/b>\n<\/th>\n<th style=\"text-align:left;\">Berg (59.), Breit (63.); Pokorny (57.)\n<\/th>\n<\/tr>\n<tr>\n<th style=\"text-align:left;\"><b>Rote Karten<\/b>\n<\/th>\n<th style=\"text-align:left;\">\n<\/th>\n<\/tr>\n<tr>\n<th style=\"text-align:left;\"><b>Schiedsrichter<\/b>\n<\/th>\n<th style=\"text-align:left;\">Philip Gadler\n<\/th>\n<\/tr>\n<tr>\n<th style=\"text-align:left;\"><b>Stadion<\/b>\n<\/th>\n<th style=\"text-align:left;\">Alpenstadion, Kapfenberg\n<\/th>\n<\/tr>\n<tr>\n<th style=\"text-align:left;\"><b>Zuschauer<\/b>\n<\/th>\n<th style=\"text-align:left;\">500\n<\/th>\n<\/tr>\n<\/tbody>\n<\/table>\n<h2><span class=\"mw-headline\" id=\"Spielbericht\">Spielbericht<\/span><a href=\"\/index.php?title=28._Runde,_Saison_2025\/26,_Kapfenberger_SV_gegen_FC_Liefering&amp;action=edit&amp;section=1\" title=\"Abschnitt bearbeiten: Spielbericht\">Bearbeiten<\/a><span class=\"mw-editsection-bracket\">]<\/span><\/span><\/h2>\n<p><a rel=\"nofollow\" class=\"external text\" href=\"https:\/\/www.fc-liefering.at\/de\/2025-2026\/spielplan\/2-liga-runde-28-ksv-1919-vs-fc-liefering#spielbericht\">Spielbericht Vereinshomepage<\/a>\n<\/p>\n<h2><span class=\"mw-headline\" id=\"Stimmen_zum_Spiel\">Stimmen zum Spiel<\/span><a href=\"\/index.php?title=28._Runde,_Saison_2025\/26,_Kapfenberger_SV_gegen_FC_Liefering&amp;action=edit&amp;section=2\" title=\"Abschnitt bearbeiten: Stimmen zum Spiel\">Bearbeiten<\/a><span class=\"mw-editsection-bracket\">]<\/span><\/span><\/h2>\n<p><b>Danny Galm:<\/b>   In der ersten Halbzeit haben wir sehr viele Dinge richtig gemacht, haben dem Gegner unser Spiel aufgedr\u00e4ngt und waren sehr intensiv unterwegs. Auch die Reaktion auf das 1:1 war sehr gut \u2013 und dann haben wir angesprochen, dass wir draufbleiben wollten und den eigenen Anspruch haben, aufs F\u00fcnfte, Sechste, Siebte zu gehen. Das ist uns in der zweiten Halbzeit aber nicht mehr so gelungen. Die Abst\u00e4nde waren zu gro\u00df, und die Intensit\u00e4t im letzten Schritt war auch nicht mehr so da. F\u00fcr uns geht\u2019s darum, kritisch zu sein, den Finger in die Wunde zu legen \u2013 aber unterm Strich: Gratulation an die Jungs! Hervorheben m\u00f6chte ich die Deb\u00fctanten Miha Matjasec und Said Nisic sowie Pippo Aleksic, der ja auch lange Zeit bei der U18 war. Sie haben sich nahtlos eingef\u00fcgt!\n<\/p>\n<\/div>\n","protected":false},"excerpt":{"rendered":"<p>SKN St. P\u00f6lten gegen FC Liefering, 0:0 Spieltag 2. Liga &#8211; 28. Runde Datum 2. Mai 2026 Anpfiff 14:30 Uhr Aufstellung Tor Salko Hamzic Verteidigung Julian Hussauf &#8211; Valentin Zabransky &#8211; John Mellberg &#8211; Jakob Zangerl Mittelfeld Johannes Moser &#8211; Nikolas Freund &#8211;Riquelme Reis Sturm Oghenetejiri Adejenughure &#8211; Phillip Verhounig &#8211; Aboubacar Camara Wechsel Wechsel [&hellip;]<\/p>\n","protected":false},"author":1,"featured_media":0,"comment_status":"open","ping_status":"open","sticky":false,"template":"","format":"standard","meta":{"footnotes":""},"categories":[1326],"tags":[],"class_list":["post-1746","post","type-post","status-publish","format-standard","hentry","category-28-runde-saison-2025"],"_links":{"self":[{"href":"https:\/\/wiki.s12.at\/index.php\/wp-json\/wp\/v2\/posts\/1746","targetHints":{"allow":["GET"]}}],"collection":[{"href":"https:\/\/wiki.s12.at\/index.php\/wp-json\/wp\/v2\/posts"}],"about":[{"href":"https:\/\/wiki.s12.at\/index.php\/wp-json\/wp\/v2\/types\/post"}],"author":[{"embeddable":true,"href":"https:\/\/wiki.s12.at\/index.php\/wp-json\/wp\/v2\/users\/1"}],"replies":[{"embeddable":true,"href":"https:\/\/wiki.s12.at\/index.php\/wp-json\/wp\/v2\/comments?post=1746"}],"version-history":[{"count":0,"href":"https:\/\/wiki.s12.at\/index.php\/wp-json\/wp\/v2\/posts\/1746\/revisions"}],"wp:attachment":[{"href":"https:\/\/wiki.s12.at\/index.php\/wp-json\/wp\/v2\/media?parent=1746"}],"wp:term":[{"taxonomy":"category","embeddable":true,"href":"https:\/\/wiki.s12.at\/index.php\/wp-json\/wp\/v2\/categories?post=1746"},{"taxonomy":"post_tag","embeddable":true,"href":"https:\/\/wiki.s12.at\/index.php\/wp-json\/wp\/v2\/tags?post=1746"}],"curies":[{"name":"wp","href":"https:\/\/api.w.org\/{rel}","templated":true}]}}