{"id":1744,"date":"2026-05-06T14:04:32","date_gmt":"2026-05-06T12:04:32","guid":{"rendered":"https:\/\/wiki.s12.at\/index.php\/2026\/05\/06\/28-runde-saison-2023-24-sk-austria-klagenfurt-gegen-fc-red-bull-salzburg\/"},"modified":"2026-05-06T14:04:32","modified_gmt":"2026-05-06T12:04:32","slug":"28-runde-saison-2023-24-sk-austria-klagenfurt-gegen-fc-red-bull-salzburg","status":"publish","type":"post","link":"https:\/\/wiki.s12.at\/index.php\/2026\/05\/06\/28-runde-saison-2023-24-sk-austria-klagenfurt-gegen-fc-red-bull-salzburg\/","title":{"rendered":"24, SK Austria Klagenfurt gegen FC Red Bull Salzburg"},"content":{"rendered":"<div class=\"mw-parser-output\">\n<table class=\"toptextcells toccolours\">\n<tbody>\n<tr>\n<th colspan=\"2\" style=\"text-align: center; vertical-align: top; padding: 0.3em 0.8em; font-size: 125%; background-color: lightsteelblue;\">SK Austria Klagenfurt gegen FC Red Bull Salzburg, 4:3\n<\/th>\n<\/tr>\n<tr>\n<th style=\"text-align:left;\"><b>Spieltag<\/b>\n<\/th>\n<th style=\"text-align:left;\">Bundesliga-28.Runde\n<\/th>\n<\/tr>\n<tr>\n<th style=\"text-align:left;\"><b>Datum<\/b>\n<\/th>\n<th style=\"text-align:left;\">24. April 2024\n<\/th>\n<\/tr>\n<tr>\n<th style=\"text-align:left;\"><b>Anpfiff<\/b>\n<\/th>\n<th style=\"text-align:left;\">18:30 Uhr\n<\/th>\n<\/tr>\n<tr>\n<td colspan=\"2\" style=\"text-align:center;\" bgcolor=\"lightgray\"><b>Aufstellung<\/b>\n<\/td>\n<\/tr>\n<tr>\n<th style=\"text-align:left;\"><b>Tor<\/b>\n<\/th>\n<th><a href=\"\/Alexander_Schlager\" title=\"Alexander Schlager\">Alexander Schlager<\/a>\n<\/th>\n<\/tr>\n<tr>\n<th style=\"text-align:left;\"><b>Verteidigung<\/b>\n<\/th>\n<th><a href=\"\/Flavius_Daniliuc\" title=\"Flavius Daniliuc\">Flavius Daniliuc<\/a> &#8211;<a href=\"\/Strahinja_Pavlovic\" title=\"Strahinja Pavlovic\">Strahinja Pavlovic<\/a>  &#8211; <a href=\"\/Oumar_Solet\" title=\"Oumar Solet\">Oumar Solet<\/a> &#8211; <a href=\"\/Daouda_Guindo\" title=\"Daouda Guindo\">Daouda Guindo <\/a>\n<\/th>\n<\/tr>\n<tr>\n<th style=\"text-align:left;\"><b>Mittelfeld<\/b>\n<\/th>\n<th><a href=\"\/Luka_Sucic\" title=\"Luka Sucic\">Luka Sucic<\/a>  &#8211; <a href=\"\/Amankwah_Forson\" title=\"Amankwah Forson\">Amankwah Forson<\/a>  &#8211;   <a href=\"\/Mamady_Diambou\" title=\"Mamady Diambou\">Mamady Diambou<\/a> &#8211;<a href=\"\/Oscar_Gloukh\" title=\"Oscar Gloukh\">Oscar Gloukh<\/a>\n<\/th>\n<\/tr>\n<tr>\n<th style=\"text-align:left;\"><b>Sturm<\/b>\n<\/th>\n<th><a href=\"\/Karim_Konate\" title=\"Karim Konate\">Karim Konate<\/a> &#8211;  <a href=\"\/Roko_Simic\" title=\"Roko Simic\">Roko Simic<\/a>\n<\/th>\n<\/tr>\n<tr>\n<td colspan=\"2\" style=\"text-align:center;\" bgcolor=\"lightgray\"><b>Wechsel<\/b>\n<\/td>\n<\/tr>\n<tr>\n<th style=\"text-align:left;\"><b>Wechsel<\/b>\n<\/th>\n<th style=\"text-align:left;\"><a href=\"\/Sekou_Koita\" title=\"Sekou Koita\">Sekou Koita<\/a> f\u00fcr Simic (59.), <a href=\"\/Lucas_Gourna-Douath\" title=\"Lucas Gourna-Douath\">Lucas Gourna-Douath<\/a> f\u00fcr Forson (59.), <a href=\"\/Dorgeles_Nene\" class=\"mw-redirect\" title=\"Dorgeles Nene\">Dorgeles  Nene<\/a> f\u00fcr Diambou (78.),<br \/> <a href=\"\/Petar_Ratkov\" title=\"Petar Ratkov\">Petar Ratkov<\/a> f\u00fcr Konate (78.), <a href=\"\/Aleksa_Terzic\" title=\"Aleksa Terzic\">Aleksa Terzic<\/a> f\u00fcr Daniliuc (86.)\n<\/th>\n<\/tr>\n<tr>\n<td colspan=\"2\" style=\"text-align:center;\" bgcolor=\"lightgray\"><b>Statistik<\/b>\n<\/td>\n<\/tr>\n<tr>\n<th style=\"text-align:left;\"><b>Endstand<\/b>\n<\/th>\n<th style=\"text-align:left;\">4:3 (0:2)\n<\/th>\n<\/tr>\n<tr>\n<th style=\"text-align:left;\"><b>Torsch\u00fctzen<\/b>\n<\/th>\n<th style=\"text-align:left;\">Bonnah  (52.), Irving (63., 74., 85., E.); Konate (10., 18.), Pavlovic (85.)\n<\/th>\n<\/tr>\n<tr>\n<th style=\"text-align:left;\"><b>Gelbe Karten<\/b>\n<\/th>\n<th style=\"text-align:left;\">Menzel (78.), Cvetko  (97.); Pavlovic (87.)\n<\/th>\n<\/tr>\n<tr>\n<th style=\"text-align:left;\"><b>Rote Karten<\/b>\n<\/th>\n<th style=\"text-align:left;\">\n<\/th>\n<\/tr>\n<tr>\n<th style=\"text-align:left;\"><b>Schiedsrichter<\/b>\n<\/th>\n<th style=\"text-align:left;\">Stefan Ebner\n<\/th>\n<\/tr>\n<tr>\n<th style=\"text-align:left;\"><b>Stadion<\/b>\n<\/th>\n<th style=\"text-align:left;\">W\u00f6rtherseestadion, Klagenfurt\n<\/th>\n<\/tr>\n<tr>\n<th style=\"text-align:left;\"><b>Zuschauer<\/b>\n<\/th>\n<th style=\"text-align:left;\">3.144\n<\/th>\n<\/tr>\n<\/tbody>\n<\/table>\n<h2><span class=\"mw-headline\" id=\"Spielbericht\">Spielbericht<\/span><a href=\"\/index.php?title=28._Runde,_Saison_2023\/24,_SK_Austria_Klagenfurt_gegen_FC_Red_Bull_Salzburg&amp;action=edit&amp;section=1\" title=\"Abschnitt bearbeiten: Spielbericht\">Bearbeiten<\/a><span class=\"mw-editsection-bracket\">]<\/span><\/span><\/h2>\n<p><a rel=\"nofollow\" class=\"external text\" href=\"https:\/\/www.redbullsalzburg.at\/de\/2023-2024\/spielplan\/bundesliga-runde-28-sk-austria-klagenfurt-vs-fc-red-bull-salzburg#spielbericht\">Spielbericht Vereinshomepage<\/a>\n<\/p>\n<h2><span class=\"mw-headline\" id=\"Stimmen_zum_Spiel\">Stimmen zum Spiel<\/span><a href=\"\/index.php?title=28._Runde,_Saison_2023\/24,_SK_Austria_Klagenfurt_gegen_FC_Red_Bull_Salzburg&amp;action=edit&amp;section=2\" title=\"Abschnitt bearbeiten: Stimmen zum Spiel\">Bearbeiten<\/a><span class=\"mw-editsection-bracket\">]<\/span><\/span><\/h2>\n<p><b>Onur Cinel:<\/b> Es ist entt\u00e4uschend. \u00dcber 90 Minuten hinweg war das kein gutes Spiel von uns, auch schon in der ersten Halbzeit nicht, auch wenn wir gef\u00fchrt haben. Insgesamt hatte das viel mit unserer Intensit\u00e4t und Energie zu tun, vor allem im Spiel gegen den Ball. Am Ende ist das Ergebnis ein Produkt des Spielverlaufs. Klagenfurt hat hier heute verdient gewonnen. Es braucht jetzt eine gute Analyse, was heute nicht funktioniert hat.\n<\/p>\n<p><b>Alexander Schlager:<\/b> Die Art und Weise, wie wir hineingegangen sind, war der Meisterschaftsphase nicht w\u00fcrdig. Daf\u00fcr machen wir es in der ersten Halbzeit eh noch gut, wir gehen mit 2:0 in F\u00fchrung, obwohl die Leistung nicht dem entsprochen hat. Aber \u00fcber die Dauer des Spiels hinweg r\u00e4cht sich das. Klagenfurt hat gebissen und gek\u00e4mpft und dann auch gewonnen. Jetzt m\u00fcssen wir die K\u00f6pfe f\u00fcr Sonntag aufrichten, da haben wir ein wichtiges Spiel vor der Brust!\n<\/p>\n<\/div>\n","protected":false},"excerpt":{"rendered":"<p>SK Austria Klagenfurt gegen FC Red Bull Salzburg, 4:3 Spieltag Bundesliga-28.Runde Datum 24. April 2024 Anpfiff 18:30 Uhr Aufstellung Tor Alexander Schlager Verteidigung Flavius Daniliuc &#8211;Strahinja Pavlovic &#8211; Oumar Solet &#8211; Daouda Guindo Mittelfeld Luka Sucic &#8211; Amankwah Forson &#8211; Mamady Diambou &#8211;Oscar Gloukh Sturm Karim Konate &#8211; Roko Simic Wechsel Wechsel Sekou Koita f\u00fcr [&hellip;]<\/p>\n","protected":false},"author":1,"featured_media":0,"comment_status":"open","ping_status":"open","sticky":false,"template":"","format":"standard","meta":{"footnotes":""},"categories":[1375],"tags":[],"class_list":["post-1744","post","type-post","status-publish","format-standard","hentry","category-28-runde-saison-2023"],"_links":{"self":[{"href":"https:\/\/wiki.s12.at\/index.php\/wp-json\/wp\/v2\/posts\/1744","targetHints":{"allow":["GET"]}}],"collection":[{"href":"https:\/\/wiki.s12.at\/index.php\/wp-json\/wp\/v2\/posts"}],"about":[{"href":"https:\/\/wiki.s12.at\/index.php\/wp-json\/wp\/v2\/types\/post"}],"author":[{"embeddable":true,"href":"https:\/\/wiki.s12.at\/index.php\/wp-json\/wp\/v2\/users\/1"}],"replies":[{"embeddable":true,"href":"https:\/\/wiki.s12.at\/index.php\/wp-json\/wp\/v2\/comments?post=1744"}],"version-history":[{"count":0,"href":"https:\/\/wiki.s12.at\/index.php\/wp-json\/wp\/v2\/posts\/1744\/revisions"}],"wp:attachment":[{"href":"https:\/\/wiki.s12.at\/index.php\/wp-json\/wp\/v2\/media?parent=1744"}],"wp:term":[{"taxonomy":"category","embeddable":true,"href":"https:\/\/wiki.s12.at\/index.php\/wp-json\/wp\/v2\/categories?post=1744"},{"taxonomy":"post_tag","embeddable":true,"href":"https:\/\/wiki.s12.at\/index.php\/wp-json\/wp\/v2\/tags?post=1744"}],"curies":[{"name":"wp","href":"https:\/\/api.w.org\/{rel}","templated":true}]}}