{"id":1743,"date":"2026-05-06T14:04:32","date_gmt":"2026-05-06T12:04:32","guid":{"rendered":"https:\/\/wiki.s12.at\/index.php\/2026\/05\/06\/28-runde-saison-20223-24-sku-amstetten-gegen-fc-liefering\/"},"modified":"2026-05-06T14:04:32","modified_gmt":"2026-05-06T12:04:32","slug":"28-runde-saison-20223-24-sku-amstetten-gegen-fc-liefering","status":"publish","type":"post","link":"https:\/\/wiki.s12.at\/index.php\/2026\/05\/06\/28-runde-saison-20223-24-sku-amstetten-gegen-fc-liefering\/","title":{"rendered":"24, SKU Amstetten gegen FC Liefering"},"content":{"rendered":"<div class=\"mw-parser-output\">\n<table class=\"toptextcells toccolours\">\n<tbody>\n<tr>\n<th colspan=\"2\" style=\"text-align: center; vertical-align: top; padding: 0.3em 0.8em; font-size: 125%; background-color: lightsteelblue;\">SKU Amstetten  gegen FC Liefering, 1:1\n<\/th>\n<\/tr>\n<tr>\n<th style=\"text-align:left;\"><b>Spieltag<\/b>\n<\/th>\n<th style=\"text-align:left;\">2. Liga &#8211; 28. Runde\n<\/th>\n<\/tr>\n<tr>\n<th style=\"text-align:left;\"><b>Datum<\/b>\n<\/th>\n<th style=\"text-align:left;\">17. Mai 2024\n<\/th>\n<\/tr>\n<tr>\n<th style=\"text-align:left;\"><b>Anpfiff<\/b>\n<\/th>\n<th style=\"text-align:left;\">18.10 Uhr Uhr\n<\/th>\n<\/tr>\n<tr>\n<td colspan=\"2\" style=\"text-align:center;\" bgcolor=\"lightgray\"><b>Aufstellung<\/b>\n<\/td>\n<\/tr>\n<tr>\n<th style=\"text-align:left;\"><b>Tor<\/b>\n<\/th>\n<th><a href=\"\/Valentin_Oelz\" title=\"Valentin Oelz\">Valentin Oelz<\/a>\n<\/th>\n<\/tr>\n<tr>\n<th style=\"text-align:left;\"><b>Verteidigung<\/b>\n<\/th>\n<th><a href=\"\/Rocco_Zikovic\" title=\"Rocco Zikovic\">Rocco Zikovic<\/a> &#8211;  <a href=\"\/Bryan_Okoh\" title=\"Bryan Okoh\">Bryan Okoh<\/a>  &#8211;  <a href=\"\/Jannik_Schuster\" title=\"Jannik Schuster\">Jannik Schuster<\/a> &#8211;  <a href=\"\/Lawrence_Agyekum\" title=\"Lawrence Agyekum\">Lawrence Agyekum <\/a>\n<\/th>\n<\/tr>\n<tr>\n<th style=\"text-align:left;\"><b>Mittelfeld<\/b>\n<\/th>\n<th><a href=\"\/Soumaila_Diabate\" title=\"Soumaila Diabate\">Soumaila Diabate<\/a>&#8211;   <a href=\"\/Justin_Omoregie\" title=\"Justin Omoregie\">Justin Omoregie<\/a> &#8211; <a href=\"\/Zeteny_Jano\" title=\"Zeteny Jano\">Zeteny Jano<\/a> &#8211;  <a href=\"\/Tim_Trummer\" title=\"Tim Trummer\">Tim Trummer<\/a>\n<\/th>\n<\/tr>\n<tr>\n<th style=\"text-align:left;\"><b>Sturm<\/b>\n<\/th>\n<th><a href=\"\/Gaoussou_Diakite\" title=\"Gaoussou Diakite\">Gaoussou Diakite<\/a> &#8211;   <a href=\"\/Luka_Reischl\" title=\"Luka Reischl\">Luka Reischl<\/a>\n<\/th>\n<\/tr>\n<tr>\n<td colspan=\"2\" style=\"text-align:center;\" bgcolor=\"lightgray\"><b>Wechsel<\/b>\n<\/td>\n<\/tr>\n<tr>\n<th style=\"text-align:left;\"><b>Wechsel<\/b>\n<\/th>\n<th style=\"text-align:left;\"><a href=\"\/Matteo_Schablas\" title=\"Matteo Schablas\">Matteo Schablas<\/a> f\u00fcr Jano (74.), <a href=\"\/Mark_Gevorgyan\" title=\"Mark Gevorgyan\">Mark Gevorgyan<\/a> f\u00fcr Trummer (74.), <a href=\"\/Dominik_Lechner\" title=\"Dominik Lechner\">Dominik Lechner<\/a> f\u00fcr Diakite (85.)\n<\/th>\n<\/tr>\n<tr>\n<td colspan=\"2\" style=\"text-align:center;\" bgcolor=\"lightgray\"><b>Statistik<\/b>\n<\/td>\n<\/tr>\n<tr>\n<th style=\"text-align:left;\"><b>Endstand<\/b>\n<\/th>\n<th style=\"text-align:left;\">1:1 (0:1)\n<\/th>\n<\/tr>\n<tr>\n<th style=\"text-align:left;\"><b>Torsch\u00fctzen<\/b>\n<\/th>\n<th style=\"text-align:left;\">Lemmerer (92.); Reischl (42.)\n<\/th>\n<\/tr>\n<tr>\n<th style=\"text-align:left;\"><b>Gelbe Karten<\/b>\n<\/th>\n<th style=\"text-align:left;\">Sulzner (29.)\n<\/th>\n<\/tr>\n<tr>\n<th style=\"text-align:left;\"><b>Rote Karten<\/b>\n<\/th>\n<th style=\"text-align:left;\">\n<\/th>\n<\/tr>\n<tr>\n<th style=\"text-align:left;\"><b>Schiedsrichter<\/b>\n<\/th>\n<th style=\"text-align:left;\">Jakob Semler\n<\/th>\n<\/tr>\n<tr>\n<th style=\"text-align:left;\"><b>Stadion<\/b>\n<\/th>\n<th style=\"text-align:left;\">Ertl Glas-Stadion, Amstetten\n<\/th>\n<\/tr>\n<tr>\n<th style=\"text-align:left;\"><b>Zuschauer<\/b>\n<\/th>\n<th style=\"text-align:left;\">\n<\/th>\n<\/tr>\n<\/tbody>\n<\/table>\n<h2><span class=\"mw-headline\" id=\"Spielbericht\">Spielbericht<\/span><a href=\"\/index.php?title=28._Runde,_Saison_20223\/24,_SKU_Amstetten_gegen_FC_Liefering&amp;action=edit&amp;section=1\" title=\"Abschnitt bearbeiten: Spielbericht\">Bearbeiten<\/a><span class=\"mw-editsection-bracket\">]<\/span><\/span><\/h2>\n<p><a rel=\"nofollow\" class=\"external text\" href=\"https:\/\/www.fc-liefering.at\/de\/fc-liefering\/news\/saison_2023_24\/ligaspiel-amstetten-runde-28.html\">Spielbericht Vereinshomepage<\/a>\n<\/p>\n<h2><span class=\"mw-headline\" id=\"Stimmen_zum_Spiel\">Stimmen zum Spiel<\/span><a href=\"\/index.php?title=28._Runde,_Saison_20223\/24,_SKU_Amstetten_gegen_FC_Liefering&amp;action=edit&amp;section=2\" title=\"Abschnitt bearbeiten: Stimmen zum Spiel\">Bearbeiten<\/a><span class=\"mw-editsection-bracket\">]<\/span><\/span><\/h2>\n<p><b>Daniel Beichler:<\/b> Wir waren \u00fcber 90 Minuten hinweg die bessere Mannschaft und hatten unglaublich viele M\u00f6glichkeiten. Noch dazu haben wir ganz viele Situationen nicht sauber fertiggespielt, die auch zu Riesenchancen f\u00fchren h\u00e4tten k\u00f6nnen. Dementsprechend h\u00e4tten wir den Sack viel fr\u00fcher zumachen m\u00fcssen. Trotzdem hatte ich nie das Gef\u00fchl, dass wir in Gefahr sein k\u00f6nnten, vor dem Gegentor haben wir in 90 Minuten einen Schuss aufs Tor zugelassen. Aber wie es im Fu\u00dfball dann eben h\u00e4ufig ist, wenn du so fahrl\u00e4ssig mit den Chancen umgehst, kriegst du so ein ungl\u00fcckliches Tor. Daraus sollten wir extrem viel mitnehmen: n\u00e4mlich viel klarer, viel zielstrebiger zu sein und diesen Killerinstinkt im Offensivspiel an den Tag zu legen. Und dann kommt so ein Tor hintenraus vielleicht auch gar nicht mehr zustande. Sehr \u00e4rgerlich, sehr unn\u00f6tig!\n<\/p>\n<\/div>\n","protected":false},"excerpt":{"rendered":"<p>SKU Amstetten gegen FC Liefering, 1:1 Spieltag 2. Liga &#8211; 28. Runde Datum 17. Mai 2024 Anpfiff 18.10 Uhr Uhr Aufstellung Tor Valentin Oelz Verteidigung Rocco Zikovic &#8211; Bryan Okoh &#8211; Jannik Schuster &#8211; Lawrence Agyekum Mittelfeld Soumaila Diabate&#8211; Justin Omoregie &#8211; Zeteny Jano &#8211; Tim Trummer Sturm Gaoussou Diakite &#8211; Luka Reischl Wechsel Wechsel [&hellip;]<\/p>\n","protected":false},"author":1,"featured_media":0,"comment_status":"open","ping_status":"open","sticky":false,"template":"","format":"standard","meta":{"footnotes":""},"categories":[1374],"tags":[],"class_list":["post-1743","post","type-post","status-publish","format-standard","hentry","category-28-runde-saison-20223"],"_links":{"self":[{"href":"https:\/\/wiki.s12.at\/index.php\/wp-json\/wp\/v2\/posts\/1743","targetHints":{"allow":["GET"]}}],"collection":[{"href":"https:\/\/wiki.s12.at\/index.php\/wp-json\/wp\/v2\/posts"}],"about":[{"href":"https:\/\/wiki.s12.at\/index.php\/wp-json\/wp\/v2\/types\/post"}],"author":[{"embeddable":true,"href":"https:\/\/wiki.s12.at\/index.php\/wp-json\/wp\/v2\/users\/1"}],"replies":[{"embeddable":true,"href":"https:\/\/wiki.s12.at\/index.php\/wp-json\/wp\/v2\/comments?post=1743"}],"version-history":[{"count":0,"href":"https:\/\/wiki.s12.at\/index.php\/wp-json\/wp\/v2\/posts\/1743\/revisions"}],"wp:attachment":[{"href":"https:\/\/wiki.s12.at\/index.php\/wp-json\/wp\/v2\/media?parent=1743"}],"wp:term":[{"taxonomy":"category","embeddable":true,"href":"https:\/\/wiki.s12.at\/index.php\/wp-json\/wp\/v2\/categories?post=1743"},{"taxonomy":"post_tag","embeddable":true,"href":"https:\/\/wiki.s12.at\/index.php\/wp-json\/wp\/v2\/tags?post=1743"}],"curies":[{"name":"wp","href":"https:\/\/api.w.org\/{rel}","templated":true}]}}