{"id":1741,"date":"2026-05-06T14:04:30","date_gmt":"2026-05-06T12:04:30","guid":{"rendered":"https:\/\/wiki.s12.at\/index.php\/2026\/05\/06\/28-runde-saison-2022-23-fc-liefering-gegen-sv-lafnitz\/"},"modified":"2026-05-06T14:04:30","modified_gmt":"2026-05-06T12:04:30","slug":"28-runde-saison-2022-23-fc-liefering-gegen-sv-lafnitz","status":"publish","type":"post","link":"https:\/\/wiki.s12.at\/index.php\/2026\/05\/06\/28-runde-saison-2022-23-fc-liefering-gegen-sv-lafnitz\/","title":{"rendered":"23, FC Liefering gegen SV Lafnitz"},"content":{"rendered":"<div class=\"mw-parser-output\">\n<table class=\"toptextcells toccolours\">\n<tbody>\n<tr>\n<th colspan=\"2\" style=\"text-align: center; vertical-align: top; padding: 0.3em 0.8em; font-size: 125%; background-color: lightsteelblue;\">FC Liefering gegen SV Lafnitz, 3:1\n<\/th>\n<\/tr>\n<tr>\n<th style=\"text-align:left;\"><b>Spieltag<\/b>\n<\/th>\n<th style=\"text-align:left;\">2. Liga 28. Runde\n<\/th>\n<\/tr>\n<tr>\n<th style=\"text-align:left;\"><b>Datum<\/b>\n<\/th>\n<th style=\"text-align:left;\">19. Mai 2023\n<\/th>\n<\/tr>\n<tr>\n<th style=\"text-align:left;\"><b>Anpfiff<\/b>\n<\/th>\n<th style=\"text-align:left;\">18:10 Uhr\n<\/th>\n<\/tr>\n<tr>\n<td colspan=\"2\" style=\"text-align:center;\" bgcolor=\"lightgray\"><b>Aufstellung<\/b>\n<\/td>\n<\/tr>\n<tr>\n<th style=\"text-align:left;\"><b>Tor<\/b>\n<\/th>\n<th><a href=\"\/Jonas_Krumrey\" title=\"Jonas Krumrey\">Jonas Krumrey<\/a>\n<\/th>\n<\/tr>\n<tr>\n<th style=\"text-align:left;\"><b>Verteidigung<\/b>\n<\/th>\n<th><a href=\"\/Mark_Gevorgyan\" title=\"Mark Gevorgyan\">Mark Gevorgyan<\/a>&#8211; <a href=\"\/Bryan_Okoh\" title=\"Bryan Okoh\">Bryan Okoh<\/a>&#8211; <a href=\"\/Lukas_Wallner\" title=\"Lukas Wallner\">Lukas Wallner<\/a> &#8211; <a href=\"\/Lukas_Ibertsberger\" title=\"Lukas Ibertsberger\">Lukas Ibertsberger<\/a>\n<\/th>\n<\/tr>\n<tr>\n<th style=\"text-align:left;\"><b>Mittelfeld<\/b>\n<\/th>\n<th><a href=\"\/Moussa_Yeo\" class=\"mw-redirect\" title=\"Moussa Yeo\">Moussa Yeo<\/a>&#8211; <a href=\"\/Raphael_Hofer\" title=\"Raphael Hofer\">Raphael Hofer<\/a>&#8211; <a href=\"\/Lawrence_Agyekum\" title=\"Lawrence Agyekum\">Lawrence Agyekum<\/a>&#8211; <a href=\"\/Zeteny_Jano\" title=\"Zeteny Jano\">Zeteny Jano<\/a>\n<\/th>\n<\/tr>\n<tr>\n<th style=\"text-align:left;\"><b>Sturm<\/b>\n<\/th>\n<th><a href=\"\/Oumar_Diakite\" title=\"Oumar Diakite\">Oumar Diakite<\/a>&#8211; <a href=\"\/Elias_Havel\" title=\"Elias Havel\">Elias Havel<\/a>\n<\/th>\n<\/tr>\n<tr>\n<td colspan=\"2\" style=\"text-align:center;\" bgcolor=\"lightgray\"><b>Wechsel<\/b>\n<\/td>\n<\/tr>\n<tr>\n<th style=\"text-align:left;\"><b>Wechsel<\/b>\n<\/th>\n<th style=\"text-align:left;\"><a href=\"\/Luka_Reischl\" title=\"Luka Reischl\">Luka Reischl<\/a>  f\u00fcr Havel (45.), <a href=\"\/Philipp_Verhounig\" class=\"mw-redirect\" title=\"Philipp Verhounig\">Philipp Verhounig<\/a> f\u00fcr Diakite (46.), <a href=\"\/Tolgahan_Sahin\" title=\"Tolgahan Sahin\">Tolgahan Sahin<\/a> f\u00fcr Jano (75.),<br \/> <a href=\"\/Oliver_Lukic\" title=\"Oliver Lukic\">Oliver Lukic<\/a> f\u00fcr Gevorgyan (75.),   <a href=\"\/Dominik_Lechner\" title=\"Dominik Lechner\">Dominik Lechner<\/a> f\u00fcr Yeo (92.)\n<\/th>\n<\/tr>\n<tr>\n<td colspan=\"2\" style=\"text-align:center;\" bgcolor=\"lightgray\"><b>Statistik<\/b>\n<\/td>\n<\/tr>\n<tr>\n<th style=\"text-align:left;\"><b>Endstand<\/b>\n<\/th>\n<th style=\"text-align:left;\">3:1 (0:1)\n<\/th>\n<\/tr>\n<tr>\n<th style=\"text-align:left;\"><b>Torsch\u00fctzen<\/b>\n<\/th>\n<th style=\"text-align:left;\">Jano (75.), Reischl (76., 78.); Knollm\u00fcller (28.)\n<\/th>\n<\/tr>\n<tr>\n<th style=\"text-align:left;\"><b>Gelbe Karten<\/b>\n<\/th>\n<th style=\"text-align:left;\">Hofer (13.), Jano (45+1.), Wallner (45+3.), Okoh (83.); Prohart (60.), Umjenovic (72.), Gremsl (89.)\n<\/th>\n<\/tr>\n<tr>\n<th style=\"text-align:left;\"><b>Rote Karten<\/b>\n<\/th>\n<th style=\"text-align:left;\">\n<\/th>\n<\/tr>\n<tr>\n<th style=\"text-align:left;\"><b>Schiedsrichter<\/b>\n<\/th>\n<th style=\"text-align:left;\">Dominic Schilcher\n<\/th>\n<\/tr>\n<tr>\n<th style=\"text-align:left;\"><b>Stadion<\/b>\n<\/th>\n<th style=\"text-align:left;\">EM-Stadion, Wals- Siezenheim\n<\/th>\n<\/tr>\n<tr>\n<th style=\"text-align:left;\"><b>Zuschauer<\/b>\n<\/th>\n<th style=\"text-align:left;\">389\n<\/th>\n<\/tr>\n<\/tbody>\n<\/table>\n<h2><span class=\"mw-headline\" id=\"Spielbericht\">Spielbericht<\/span><a href=\"\/index.php?title=28._Runde,_Saison_2022\/23,_FC_Liefering_gegen_SV_Lafnitz&amp;action=edit&amp;section=1\" title=\"Abschnitt bearbeiten: Spielbericht\">Bearbeiten<\/a><span class=\"mw-editsection-bracket\">]<\/span><\/span><\/h2>\n<p><a rel=\"nofollow\" class=\"external text\" href=\"https:\/\/www.fc-liefering.at\/de\/fc-liefering\/news\/saison_2022_23\/ligaspiel-lafnitz-runde-28.html\">Spielbericht Vereinshomepage<\/a>\n<\/p>\n<h2><span class=\"mw-headline\" id=\"Stimmen_zum_Spiel\">Stimmen zum Spiel<\/span><a href=\"\/index.php?title=28._Runde,_Saison_2022\/23,_FC_Liefering_gegen_SV_Lafnitz&amp;action=edit&amp;section=2\" title=\"Abschnitt bearbeiten: Stimmen zum Spiel\">Bearbeiten<\/a><span class=\"mw-editsection-bracket\">]<\/span><\/span><\/h2>\n<p><b>Fabio Ingolitsch:<\/b> Ein sehr wichtiger Schritt, wir sind heute \u00fcbergl\u00fccklich! Nach einer schwierigen ersten H\u00e4lfte gegen einen sehr destruktiven Gegner haben wir nach Wiederbeginn die richtigen Hebel gefunden. Mit frischen Kr\u00e4ften im Angriff haben wir das Momentum genutzt und innerhalb weniger Minuten das Spiel verdient drehen k\u00f6nnen. Gratulation an die gesamte Mannschaft, die sich diesen Erfolg wirklich verdient hat! Besonders freue ich mich f\u00fcr Luka Reischl, der per Doppelpack Mann des Spiels geworden ist, und f\u00fcr unsere zwei Deb\u00fctanten aus der Akademie, Verhounig und Lukic.\n<\/p>\n<\/div>\n","protected":false},"excerpt":{"rendered":"<p>FC Liefering gegen SV Lafnitz, 3:1 Spieltag 2. Liga 28. Runde Datum 19. Mai 2023 Anpfiff 18:10 Uhr Aufstellung Tor Jonas Krumrey Verteidigung Mark Gevorgyan&#8211; Bryan Okoh&#8211; Lukas Wallner &#8211; Lukas Ibertsberger Mittelfeld Moussa Yeo&#8211; Raphael Hofer&#8211; Lawrence Agyekum&#8211; Zeteny Jano Sturm Oumar Diakite&#8211; Elias Havel Wechsel Wechsel Luka Reischl f\u00fcr Havel (45.), Philipp Verhounig [&hellip;]<\/p>\n","protected":false},"author":1,"featured_media":0,"comment_status":"open","ping_status":"open","sticky":false,"template":"","format":"standard","meta":{"footnotes":""},"categories":[1373],"tags":[],"class_list":["post-1741","post","type-post","status-publish","format-standard","hentry","category-28-runde-saison-2022"],"_links":{"self":[{"href":"https:\/\/wiki.s12.at\/index.php\/wp-json\/wp\/v2\/posts\/1741","targetHints":{"allow":["GET"]}}],"collection":[{"href":"https:\/\/wiki.s12.at\/index.php\/wp-json\/wp\/v2\/posts"}],"about":[{"href":"https:\/\/wiki.s12.at\/index.php\/wp-json\/wp\/v2\/types\/post"}],"author":[{"embeddable":true,"href":"https:\/\/wiki.s12.at\/index.php\/wp-json\/wp\/v2\/users\/1"}],"replies":[{"embeddable":true,"href":"https:\/\/wiki.s12.at\/index.php\/wp-json\/wp\/v2\/comments?post=1741"}],"version-history":[{"count":0,"href":"https:\/\/wiki.s12.at\/index.php\/wp-json\/wp\/v2\/posts\/1741\/revisions"}],"wp:attachment":[{"href":"https:\/\/wiki.s12.at\/index.php\/wp-json\/wp\/v2\/media?parent=1741"}],"wp:term":[{"taxonomy":"category","embeddable":true,"href":"https:\/\/wiki.s12.at\/index.php\/wp-json\/wp\/v2\/categories?post=1741"},{"taxonomy":"post_tag","embeddable":true,"href":"https:\/\/wiki.s12.at\/index.php\/wp-json\/wp\/v2\/tags?post=1741"}],"curies":[{"name":"wp","href":"https:\/\/api.w.org\/{rel}","templated":true}]}}