{"id":1739,"date":"2026-05-06T14:04:29","date_gmt":"2026-05-06T12:04:29","guid":{"rendered":"https:\/\/wiki.s12.at\/index.php\/2026\/05\/06\/28-runde-saison-2021-22-fc-red-bull-salzburg-gegen-fk-austria-wien\/"},"modified":"2026-05-06T14:04:29","modified_gmt":"2026-05-06T12:04:29","slug":"28-runde-saison-2021-22-fc-red-bull-salzburg-gegen-fk-austria-wien","status":"publish","type":"post","link":"https:\/\/wiki.s12.at\/index.php\/2026\/05\/06\/28-runde-saison-2021-22-fc-red-bull-salzburg-gegen-fk-austria-wien\/","title":{"rendered":"22, FC Red Bull Salzburg gegen FK Austria Wien"},"content":{"rendered":"<div class=\"mw-parser-output\">\n<table class=\"toptextcells toccolours\">\n<tbody>\n<tr>\n<th colspan=\"2\" style=\"text-align: center; vertical-align: top; padding: 0.3em 0.8em; font-size: 125%; background-color: lightsteelblue;\">FC Red Bull Salzburg gegen FK Austria Wien, 5:0\n<\/th>\n<\/tr>\n<tr>\n<th style=\"text-align:left;\"><b>Spieltag<\/b>\n<\/th>\n<th style=\"text-align:left;\">Bundesliga 28. Runde\n<\/th>\n<\/tr>\n<tr>\n<th style=\"text-align:left;\"><b>Datum<\/b>\n<\/th>\n<th style=\"text-align:left;\">24. April 2022\n<\/th>\n<\/tr>\n<tr>\n<th style=\"text-align:left;\"><b>Anpfiff<\/b>\n<\/th>\n<th style=\"text-align:left;\">14.30 Uhr\n<\/th>\n<\/tr>\n<tr>\n<td colspan=\"2\" style=\"text-align:center;\" bgcolor=\"lightgray\"><b>Aufstellung<\/b>\n<\/td>\n<\/tr>\n<tr>\n<th style=\"text-align:left;\"><b>Tor<\/b>\n<\/th>\n<th><a href=\"\/Philipp_K%C3%B6hn\" title=\"Philipp K\u00f6hn\">Philipp K\u00f6hn <\/a>\n<\/th>\n<\/tr>\n<tr>\n<th style=\"text-align:left;\"><b>Verteidigung<\/b>\n<\/th>\n<th><a href=\"\/Andreas_Ulmer\" title=\"Andreas Ulmer\">Andreas Ulmer<\/a> &#8211; <a href=\"\/Maximilian_W%C3%B6ber\" title=\"Maximilian W\u00f6ber\">Maximilian W\u00f6ber<\/a> &#8211; <a href=\"\/Oumar_Solet\" title=\"Oumar Solet\">Oumar Solet<\/a> &#8211; <a href=\"\/Rasmus_Kristensen\" title=\"Rasmus Kristensen\">Rasmus Kristensen<\/a>\n<\/th>\n<\/tr>\n<tr>\n<th style=\"text-align:left;\"><b>Mittelfeld<\/b>\n<\/th>\n<th><a href=\"\/Mohamed_Camara\" title=\"Mohamed Camara\">Mohamed Camara<\/a> &#8211; <a href=\"\/Nicolas_Seiwald\" title=\"Nicolas Seiwald\">Nicolas Seiwald<\/a> &#8211; <a href=\"\/Luka_Sucic\" title=\"Luka Sucic\">Luka Sucic<\/a> &#8211; <a href=\"\/Brenden_Aaronson\" title=\"Brenden Aaronson\">Brenden Aaronson<\/a>\n<\/th>\n<\/tr>\n<tr>\n<th style=\"text-align:left;\"><b>Sturm<\/b>\n<\/th>\n<th><a href=\"\/Noah_Okafor\" title=\"Noah Okafor\">Noah Okafor<\/a> &#8211; <a href=\"\/Karim_Adeyemi\" title=\"Karim Adeyemi\">Karim Adeyemi<\/a>\n<\/th>\n<\/tr>\n<tr>\n<td colspan=\"2\" style=\"text-align:center;\" bgcolor=\"lightgray\"><b>Wechsel<\/b>\n<\/td>\n<\/tr>\n<tr>\n<th style=\"text-align:left;\"><b>Wechsel<\/b>\n<\/th>\n<th style=\"text-align:left;\"><a href=\"\/Benjamin_Sesko\" class=\"mw-redirect\" title=\"Benjamin Sesko\">Benjamin Sesko<\/a> f\u00fcr Okafor (64.), <a href=\"\/Junior_Adamu\" class=\"mw-redirect\" title=\"Junior Adamu\">Junior Adamu<\/a> f\u00fcr Adeyemi (64.), <a href=\"\/Maurits_Kjaergaard\" title=\"Maurits Kjaergaard\">Maurits Kjaergaard<\/a> f\u00fcr Aaronson (64.), <br \/><a href=\"\/Bernardo\" title=\"Bernardo\">Bernardo<\/a> f\u00fcr W\u00f6ber (73.), <a href=\"\/Zlatko_Junuzovic\" title=\"Zlatko Junuzovic\">Zlatko Junuzovic<\/a> f\u00fcr Seiwald (73.)\n<\/th>\n<\/tr>\n<tr>\n<td colspan=\"2\" style=\"text-align:center;\" bgcolor=\"lightgray\"><b>Statistik<\/b>\n<\/td>\n<\/tr>\n<tr>\n<th style=\"text-align:left;\"><b>Endstand<\/b>\n<\/th>\n<th style=\"text-align:left;\">5:0 (3:0)\n<\/th>\n<\/tr>\n<tr>\n<th style=\"text-align:left;\"><b>Torsch\u00fctzen<\/b>\n<\/th>\n<th style=\"text-align:left;\">Okafor (2.), Adeyemi (18.), Sucic (28.), Aaronson (54., E.), Camara ((5., E.)\n<\/th>\n<\/tr>\n<tr>\n<th style=\"text-align:left;\"><b>Gelbe Karten<\/b>\n<\/th>\n<th style=\"text-align:left;\">Camara (60.); Martins (28.), Fitz  (83.)\n<\/th>\n<\/tr>\n<tr>\n<th style=\"text-align:left;\"><b>Rote Karten<\/b>\n<\/th>\n<th style=\"text-align:left;\">gelb-rot: Martins (53.)\n<\/th>\n<\/tr>\n<tr>\n<th style=\"text-align:left;\"><b>Schiedsrichter<\/b>\n<\/th>\n<th style=\"text-align:left;\">Walter Altmann\n<\/th>\n<\/tr>\n<tr>\n<th style=\"text-align:left;\"><b>Stadion<\/b>\n<\/th>\n<th style=\"text-align:left;\">EM-Stadion, Wals-Siezenheim\n<\/th>\n<\/tr>\n<tr>\n<th style=\"text-align:left;\"><b>Zuschauer<\/b>\n<\/th>\n<th style=\"text-align:left;\">14 500\n<\/th>\n<\/tr>\n<\/tbody>\n<\/table>\n<h2><span class=\"mw-headline\" id=\"Spielbericht\">Spielbericht<\/span><a href=\"\/index.php?title=28._Runde,_Saison_2021\/22,_FC_Red_Bull_Salzburg_gegen_FK_Austria_Wien&amp;action=edit&amp;section=1\" title=\"Abschnitt bearbeiten: Spielbericht\">Bearbeiten<\/a><span class=\"mw-editsection-bracket\">]<\/span><\/span><\/h2>\n<p><a rel=\"nofollow\" class=\"external text\" href=\"https:\/\/www.redbullsalzburg.at\/de\/2021-2022\/spielplan\/bundesliga-runde-28-fc-red-bull-salzburg-vs-fk-austria-wien#spielbericht\">Spielbericht Vereinshomepage<\/a>\n<\/p>\n<h2><span class=\"mw-headline\" id=\"Bilder\">Bilder<\/span><a href=\"\/index.php?title=28._Runde,_Saison_2021\/22,_FC_Red_Bull_Salzburg_gegen_FK_Austria_Wien&amp;action=edit&amp;section=2\" title=\"Abschnitt bearbeiten: Bilder\">Bearbeiten<\/a><span class=\"mw-editsection-bracket\">]<\/span><\/span><\/h2>\n<p><img alt=\"\" src=\"\/images\/thumb\/4\/4a\/Commons-logo.svg\/langde-20px-Commons-logo.svg.png%3Futm_source%3Dcommons.wikimedia.org%26utm_campaign%3Dimageinfo%26utm_content%3Dthumbnail\" decoding=\"async\" title=\"Commons\" width=\"12\" height=\"16\" srcset=\"\/images\/thumb\/4\/4a\/Commons-logo.svg\/langde-40px-Commons-logo.svg.png%3Futm_source%3Dcommons.wikimedia.org%26utm_campaign%3Dimageinfo%26utm_content%3Dthumbnail 2x\" \/>&#160;<b><a href=\"http:\/\/commons.wikimedia.org\/wiki\/Category:FC_RB_Salzburg_gegen_FK_Austria_Wien_(2022-04-24)\" class=\"extiw\" title=\"commons:Category:FC RB Salzburg gegen FK Austria Wien (2022-04-24)\">28. Runde, Saison 2021\/22, FC Red Bull Salzburg gegen FK Austria Wien<\/a><\/b>&#160;\u2013 Sammlung von Bildern, Videos und Audiodateien auf <a href=\"\/Wikimedia_Commons\" title=\"Wikimedia Commons\">Wikimedia Commons<\/a>\n<\/p>\n<h2><span class=\"mw-headline\" id=\"Stimmen_zum_Spiel\">Stimmen zum Spiel<\/span><a href=\"\/index.php?title=28._Runde,_Saison_2021\/22,_FC_Red_Bull_Salzburg_gegen_FK_Austria_Wien&amp;action=edit&amp;section=3\" title=\"Abschnitt bearbeiten: Stimmen zum Spiel\">Bearbeiten<\/a><span class=\"mw-editsection-bracket\">]<\/span><\/span><\/h2>\n<p><b>Matthias Jaissle:<\/b>  Emotionen pur, ein geiles Gef\u00fchl! Die Burschen haben sich f\u00fcr den brutalen Aufwand belohnt, den sie \u00fcber das gesamte Jahr hinweg geleistet haben. Das hat uns nicht jeder zugetraut! Auch heute war\u2019s ein sehr, sehr guter Auftritt, ein Sonderlob an die Truppe! Die Motivation war nat\u00fcrlich schon gro\u00df, die Sache heute vor heimischem Publikum zu rocken.\n<\/p>\n<p><b>Nicolas Seiwald:<\/b>Es ist nat\u00fcrlich noch einmal etwas anderes, wenn man als Stammspieler seinen Teil dazu beitr\u00e4gt. Das freut mich extrem. Es ist ein richtig geiles Gef\u00fchl, wenn man auf dem Platz steht und wei\u00df, dass man jetzt Meister wird und sich die Arbeit richtig gelohnt hat. ,Sweet Caroline\u2018 wird heute wahrscheinlich vier, f\u00fcnf Mal aufgelegt, jetzt m\u00f6chte ich gerne ein Bier trinken.\n<\/p>\n<p><b>Karim Adeyemi:<\/b>  Wir sind \u00fcbergl\u00fccklich und haben heute ein super Spiel gemacht. Das ist schon mein dritter Meistertitel, und es wird immer besser, immer sch\u00f6ner. Mit dieser Mannschaft auch, es macht einfach nur Spa\u00df! Jetzt wird ganz lange gefeiert, bis in die Fr\u00fch hoffentlich!\n<\/p>\n<p><b>Brenden Aaronson:<\/b> Es ist wundervoll, letztes Jahr durften ja leider keine Fans dabei sein, diesmal war die H\u00fctte voll \u2013 gewaltig! Bierduschen haben wir in den USA nicht, hier ist das nat\u00fcrlich anders. Ich habe lange versucht, trocken zu bleiben, aber ich war nicht schnell genug. Ein Bier trinke ich jetzt vielleicht! Meine Familie ist da, vor ihren Augen in der Startelf zu stehen, zu treffen und den Titel gewonnen zu haben, ist gro\u00dfartig!\n<\/p>\n<p><b>Luka Sucic:<\/b> Das Wichtigste ist, dass wir den Titel gemeinsam mit den Fans feiern k\u00f6nnen. Dar\u00fcber bin ich \u00fcbergl\u00fccklich. Mittwoch gegen Sturm Graz m\u00fcssen wir nat\u00fcrlich wieder 100 Prozent da sein. Das wird ein schweres Spiel, wo wir aber wieder als Sieger vom Platz gehen wollen.\n<\/p>\n<\/div>\n","protected":false},"excerpt":{"rendered":"<p>FC Red Bull Salzburg gegen FK Austria Wien, 5:0 Spieltag Bundesliga 28. Runde Datum 24. April 2022 Anpfiff 14.30 Uhr Aufstellung Tor Philipp K\u00f6hn Verteidigung Andreas Ulmer &#8211; Maximilian W\u00f6ber &#8211; Oumar Solet &#8211; Rasmus Kristensen Mittelfeld Mohamed Camara &#8211; Nicolas Seiwald &#8211; Luka Sucic &#8211; Brenden Aaronson Sturm Noah Okafor &#8211; Karim Adeyemi Wechsel [&hellip;]<\/p>\n","protected":false},"author":1,"featured_media":0,"comment_status":"open","ping_status":"open","sticky":false,"template":"","format":"standard","meta":{"footnotes":""},"categories":[1372],"tags":[],"class_list":["post-1739","post","type-post","status-publish","format-standard","hentry","category-28-runde-saison-2021"],"_links":{"self":[{"href":"https:\/\/wiki.s12.at\/index.php\/wp-json\/wp\/v2\/posts\/1739","targetHints":{"allow":["GET"]}}],"collection":[{"href":"https:\/\/wiki.s12.at\/index.php\/wp-json\/wp\/v2\/posts"}],"about":[{"href":"https:\/\/wiki.s12.at\/index.php\/wp-json\/wp\/v2\/types\/post"}],"author":[{"embeddable":true,"href":"https:\/\/wiki.s12.at\/index.php\/wp-json\/wp\/v2\/users\/1"}],"replies":[{"embeddable":true,"href":"https:\/\/wiki.s12.at\/index.php\/wp-json\/wp\/v2\/comments?post=1739"}],"version-history":[{"count":0,"href":"https:\/\/wiki.s12.at\/index.php\/wp-json\/wp\/v2\/posts\/1739\/revisions"}],"wp:attachment":[{"href":"https:\/\/wiki.s12.at\/index.php\/wp-json\/wp\/v2\/media?parent=1739"}],"wp:term":[{"taxonomy":"category","embeddable":true,"href":"https:\/\/wiki.s12.at\/index.php\/wp-json\/wp\/v2\/categories?post=1739"},{"taxonomy":"post_tag","embeddable":true,"href":"https:\/\/wiki.s12.at\/index.php\/wp-json\/wp\/v2\/tags?post=1739"}],"curies":[{"name":"wp","href":"https:\/\/api.w.org\/{rel}","templated":true}]}}