{"id":1728,"date":"2026-05-06T14:03:56","date_gmt":"2026-05-06T12:03:56","guid":{"rendered":"https:\/\/wiki.s12.at\/index.php\/2026\/05\/06\/28-runde-saison-2015-16-fc-red-bull-salzburg-gegen-sv-mattersburg\/"},"modified":"2026-05-06T14:03:56","modified_gmt":"2026-05-06T12:03:56","slug":"28-runde-saison-2015-16-fc-red-bull-salzburg-gegen-sv-mattersburg","status":"publish","type":"post","link":"https:\/\/wiki.s12.at\/index.php\/2026\/05\/06\/28-runde-saison-2015-16-fc-red-bull-salzburg-gegen-sv-mattersburg\/","title":{"rendered":"16 FC Red Bull Salzburg gegen SV Mattersburg"},"content":{"rendered":"<div class=\"mw-parser-output\">\n<h2><span class=\"mw-headline\" id=\"Fakten\">Fakten<\/span><a href=\"\/index.php?title=28._Runde,_Saison_2015\/16_FC_Red_Bull_Salzburg_gegen_SV_Mattersburg&amp;action=edit&amp;section=1\" title=\"Abschnitt bearbeiten: Fakten\">Bearbeiten<\/a><span class=\"mw-editsection-bracket\">]<\/span><\/span><\/h2>\n<table class=\"toptextcells toccolours\">\n<tbody>\n<tr>\n<th colspan=\"2\" style=\"text-align: center; vertical-align: top; padding: 0.3em 0.8em; font-size: 125%; background-color: lightsteelblue;\">FC Red Bull Salzburg gegen SV Mattersburg, 2:1\n<\/th>\n<\/tr>\n<tr>\n<th style=\"text-align:left;\"><b>Spieltag<\/b>\n<\/th>\n<th style=\"text-align:left;\">Bundesliga &#8211; 28. Spieltag\n<\/th>\n<\/tr>\n<tr>\n<th style=\"text-align:left;\"><b>Datum<\/b>\n<\/th>\n<th style=\"text-align:left;\">19. M\u00e4rz 2016\n<\/th>\n<\/tr>\n<tr>\n<th style=\"text-align:left;\"><b>Anpfiff<\/b>\n<\/th>\n<th style=\"text-align:left;\">18.30 Uhr\n<\/th>\n<\/tr>\n<tr>\n<td colspan=\"2\" style=\"text-align:center;\" bgcolor=\"lightgray\"><b>Aufstellung<\/b>\n<\/td>\n<\/tr>\n<tr>\n<th style=\"text-align:left;\"><b>Tor<\/b>\n<\/th>\n<th><a href=\"\/Alexander_Walke\" title=\"Alexander Walke\">Alexander Walke<\/a>\n<\/th>\n<\/tr>\n<tr>\n<th style=\"text-align:left;\"><b>Verteidigung<\/b>\n<\/th>\n<th><a href=\"\/Christian_Schwegler\" title=\"Christian Schwegler\">Christian Schwegler<\/a> &#8211; <a href=\"\/Dayot_Upamecano\" title=\"Dayot Upamecano\">Dayot Upamecano<\/a> &#8211; <a href=\"\/Duje_Caleta-Car\" title=\"Duje Caleta-Car\">Duje Caleta-Car<\/a> &#8211; <a href=\"\/Andreas_Ulmer\" title=\"Andreas Ulmer\">Andreas Ulmer<\/a>\n<\/th>\n<\/tr>\n<tr>\n<th style=\"text-align:left;\"><b>Mittelfeld<\/b>\n<\/th>\n<th><a href=\"\/Konrad_Laimer\" title=\"Konrad Laimer\">Konrad Laimer<\/a> &#8211; <a href=\"\/Yasin_Pehlivan\" title=\"Yasin Pehlivan\">Yasin Pehlivan<\/a> &#8211; <a href=\"\/Valon_Berisha\" title=\"Valon Berisha\">Valon Berisha<\/a> &#8211; <a href=\"\/Naby_Keita\" title=\"Naby Keita\">Naby Keita<\/a>\n<\/th>\n<\/tr>\n<tr>\n<th style=\"text-align:left;\"><b>Sturm<\/b>\n<\/th>\n<th><a href=\"\/Jonatan_Soriano\" title=\"Jonatan Soriano\">Jonatan Soriano<\/a> &#8211; <a href=\"\/Hee-Chan_Hwang\" title=\"Hee-Chan Hwang\">Hee-Chan Hwang<\/a>\n<\/th>\n<\/tr>\n<tr>\n<td colspan=\"2\" style=\"text-align:center;\" bgcolor=\"lightgray\"><b>Wechsel<\/b>\n<\/td>\n<\/tr>\n<tr>\n<th style=\"text-align:left;\"><b>Wechsel<\/b>\n<\/th>\n<th style=\"text-align:left;\"><a href=\"\/Yordy_Reyna\" title=\"Yordy Reyna\">Yordy Reyna<\/a> f\u00fcr Hwang (68.), <a href=\"\/Takumi_Minamino\" title=\"Takumi Minamino\">Takumi Minamino<\/a> f\u00fcr Keita (68.), <a href=\"\/index.php?title=Bernado&amp;action=edit&amp;redlink=1\" class=\"new\" title=\"Bernado (Seite nicht vorhanden)\">Bernado<\/a> f\u00fcr Laimer (79.)\n<\/th>\n<\/tr>\n<tr>\n<td colspan=\"2\" style=\"text-align:center;\" bgcolor=\"lightgray\"><b>Statistik<\/b>\n<\/td>\n<\/tr>\n<tr>\n<th style=\"text-align:left;\"><b>Endstand<\/b>\n<\/th>\n<th style=\"text-align:left;\">2:1 (2:0)\n<\/th>\n<\/tr>\n<tr>\n<th style=\"text-align:left;\"><b>Torsch\u00fctzen<\/b>\n<\/th>\n<th style=\"text-align:left;\">Berisha (16.), Soriano (24.,E.) Ibser (56.)\n<\/th>\n<\/tr>\n<tr>\n<th style=\"text-align:left;\"><b>Gelbe Karten<\/b>\n<\/th>\n<th style=\"text-align:left;\">Laimer (36.), Hwang (61.)\n<\/th>\n<\/tr>\n<tr>\n<th style=\"text-align:left;\"><b>Rote Karten<\/b>\n<\/th>\n<th style=\"text-align:left;\">\n<\/th>\n<\/tr>\n<tr>\n<th style=\"text-align:left;\"><b>Schiedsrichter<\/b>\n<\/th>\n<th style=\"text-align:left;\">Dieter Muckenhammer\n<\/th>\n<\/tr>\n<tr>\n<th style=\"text-align:left;\"><b>Stadion<\/b>\n<\/th>\n<th style=\"text-align:left;\">Red Bull Arena, Salzburg\n<\/th>\n<\/tr>\n<tr>\n<th style=\"text-align:left;\"><b>Zuschauer<\/b>\n<\/th>\n<th style=\"text-align:left;\">6 494\n<\/th>\n<\/tr>\n<\/tbody>\n<\/table>\n<ul>\n<li><a href=\"\/Dayot_Upamecano\" title=\"Dayot Upamecano\">Dayot Upamecano<\/a> feierte sein Pflichtspieldeb\u00fct f\u00fcr den FC Red Bull Salzburg. <a href=\"\/Yordy_Reyna\" title=\"Yordy Reyna\">Yordy Reyna<\/a> feierte in der 68. Minute sein Comeback nach langer Verletzungspause.<\/li>\n<\/ul>\n<h2><span class=\"mw-headline\" id=\"Weblinks\">Weblinks<\/span><a href=\"\/index.php?title=28._Runde,_Saison_2015\/16_FC_Red_Bull_Salzburg_gegen_SV_Mattersburg&amp;action=edit&amp;section=2\" title=\"Abschnitt bearbeiten: Weblinks\">Bearbeiten<\/a><span class=\"mw-editsection-bracket\">]<\/span><\/span><\/h2>\n<p><a rel=\"nofollow\" class=\"external text\" href=\"http:\/\/www.redbullsalzburg.at\/de\/fc-red-bull-salzburg\/news\/saison_2015_16\/rote-bullen-gewinnen-im-heimspiel-gegen-sv-mattersburg-2-1.html\">Spielbericht Vereinshomepage<\/a>\n<\/p>\n<h2><span class=\"mw-headline\" id=\"Fotos\">Fotos<\/span><a href=\"\/index.php?title=28._Runde,_Saison_2015\/16_FC_Red_Bull_Salzburg_gegen_SV_Mattersburg&amp;action=edit&amp;section=3\" title=\"Abschnitt bearbeiten: Fotos\">Bearbeiten<\/a><span class=\"mw-editsection-bracket\">]<\/span><\/span><\/h2>\n<ul class=\"gallery mw-gallery-traditional\">\n<li class=\"gallerybox\" style=\"width: 155px\">\n<div style=\"width: 155px\">\n<div class=\"thumb\" style=\"width: 150px;\">\n<div style=\"margin:15px auto;\"><a href=\"\/Datei:FC_Red_Bull_Salzburg_gegen_SV_Mattersburg_(_16.M%C3%A4rz2016)_05.JPG\" class=\"image\"><img alt=\"FC Red Bull Salzburg gegen SV Mattersburg ( 16.M\u00e4rz2016) 05.JPG\" src=\"\/images\/thumb\/b\/b9\/FC_Red_Bull_Salzburg_gegen_SV_Mattersburg_%28_16.M%C3%A4rz2016%29_05.JPG\/120px-FC_Red_Bull_Salzburg_gegen_SV_Mattersburg_%28_16.M%C3%A4rz2016%29_05.JPG%3Futm_source%3Dcommons.wikimedia.org%26utm_campaign%3Dimageinfo%26utm_content%3Dthumbnail\" decoding=\"async\" width=\"103\" height=\"120\" srcset=\"\/images\/thumb\/b\/b9\/FC_Red_Bull_Salzburg_gegen_SV_Mattersburg_%28_16.M%C3%A4rz2016%29_05.JPG\/250px-FC_Red_Bull_Salzburg_gegen_SV_Mattersburg_%28_16.M%C3%A4rz2016%29_05.JPG%3Futm_source%3Dcommons.wikimedia.org%26utm_campaign%3Dimageinfo%26utm_content%3Dthumbnail 1.5x\" \/><\/a><\/div>\n<\/div>\n<div class=\"gallerytext\">\n\t\t\t<\/div>\n<\/p><\/div>\n<\/li>\n<li class=\"gallerybox\" style=\"width: 155px\">\n<div style=\"width: 155px\">\n<div class=\"thumb\" style=\"width: 150px;\">\n<div style=\"margin:35px auto;\"><a href=\"\/Datei:FC_Red_Bull_Salzburg_gegen_SV_Mattersburg_(M%C3%A4rz_2016)_44.JPG\" class=\"image\"><img alt=\"FC Red Bull Salzburg gegen SV Mattersburg (M\u00e4rz 2016) 44.JPG\" src=\"\/images\/thumb\/e\/e5\/FC_Red_Bull_Salzburg_gegen_SV_Mattersburg_%28M%C3%A4rz_2016%29_44.JPG\/120px-FC_Red_Bull_Salzburg_gegen_SV_Mattersburg_%28M%C3%A4rz_2016%29_44.JPG%3Futm_source%3Dcommons.wikimedia.org%26utm_campaign%3Dimageinfo%26utm_content%3Dthumbnail\" decoding=\"async\" width=\"120\" height=\"80\" srcset=\"\/images\/thumb\/e\/e5\/FC_Red_Bull_Salzburg_gegen_SV_Mattersburg_%28M%C3%A4rz_2016%29_44.JPG\/250px-FC_Red_Bull_Salzburg_gegen_SV_Mattersburg_%28M%C3%A4rz_2016%29_44.JPG%3Futm_source%3Dcommons.wikimedia.org%26utm_campaign%3Dimageinfo%26utm_content%3Dthumbnail 1.5x\" \/><\/a><\/div>\n<\/div>\n<div class=\"gallerytext\">\n\t\t\t<\/div>\n<\/p><\/div>\n<\/li>\n<li class=\"gallerybox\" style=\"width: 155px\">\n<div style=\"width: 155px\">\n<div class=\"thumb\" style=\"width: 150px;\">\n<div style=\"margin:15px auto;\"><a href=\"\/Datei:FC_Red_Bull_Salzburg_gegen_SV_Mattersburg_(M%C3%A4rz_2016)_46.JPG\" class=\"image\"><img alt=\"FC Red Bull Salzburg gegen SV Mattersburg (M\u00e4rz 2016) 46.JPG\" src=\"\/images\/thumb\/e\/e2\/FC_Red_Bull_Salzburg_gegen_SV_Mattersburg_%28M%C3%A4rz_2016%29_46.JPG\/120px-FC_Red_Bull_Salzburg_gegen_SV_Mattersburg_%28M%C3%A4rz_2016%29_46.JPG%3Futm_source%3Dcommons.wikimedia.org%26utm_campaign%3Dimageinfo%26utm_content%3Dthumbnail\" decoding=\"async\" width=\"97\" height=\"120\" srcset=\"\/images\/thumb\/e\/e2\/FC_Red_Bull_Salzburg_gegen_SV_Mattersburg_%28M%C3%A4rz_2016%29_46.JPG\/250px-FC_Red_Bull_Salzburg_gegen_SV_Mattersburg_%28M%C3%A4rz_2016%29_46.JPG%3Futm_source%3Dcommons.wikimedia.org%26utm_campaign%3Dimageinfo%26utm_content%3Dthumbnail 1.5x\" \/><\/a><\/div>\n<\/div>\n<div class=\"gallerytext\">\n\t\t\t<\/div>\n<\/p><\/div>\n<\/li>\n<li class=\"gallerybox\" style=\"width: 155px\">\n<div style=\"width: 155px\">\n<div class=\"thumb\" style=\"width: 150px;\">\n<div style=\"margin:15px auto;\"><a href=\"\/Datei:FC_Red_Bull_Salzburg_gegen_SV_Mattersburg_(_16.M%C3%A4rz2016)_11.JPG\" class=\"image\"><img loading=\"lazy\" alt=\"FC Red Bull Salzburg gegen SV Mattersburg ( 16.M\u00e4rz2016) 11.JPG\" src=\"\/images\/thumb\/6\/66\/FC_Red_Bull_Salzburg_gegen_SV_Mattersburg_%28_16.M%C3%A4rz2016%29_11.JPG\/120px-FC_Red_Bull_Salzburg_gegen_SV_Mattersburg_%28_16.M%C3%A4rz2016%29_11.JPG%3Futm_source%3Dcommons.wikimedia.org%26utm_campaign%3Dimageinfo%26utm_content%3Dthumbnail\" decoding=\"async\" width=\"81\" height=\"120\" srcset=\"\/images\/thumb\/6\/66\/FC_Red_Bull_Salzburg_gegen_SV_Mattersburg_%28_16.M%C3%A4rz2016%29_11.JPG\/250px-FC_Red_Bull_Salzburg_gegen_SV_Mattersburg_%28_16.M%C3%A4rz2016%29_11.JPG%3Futm_source%3Dcommons.wikimedia.org%26utm_campaign%3Dimageinfo%26utm_content%3Dthumbnail 1.5x\" \/><\/a><\/div>\n<\/div>\n<div class=\"gallerytext\">\n\t\t\t<\/div>\n<\/p><\/div>\n<\/li>\n<\/ul>\n<p><img loading=\"lazy\" alt=\"\" src=\"\/images\/thumb\/4\/4a\/Commons-logo.svg\/langde-20px-Commons-logo.svg.png%3Futm_source%3Dcommons.wikimedia.org%26utm_campaign%3Dimageinfo%26utm_content%3Dthumbnail\" decoding=\"async\" title=\"Commons\" width=\"12\" height=\"16\" srcset=\"\/images\/thumb\/4\/4a\/Commons-logo.svg\/langde-40px-Commons-logo.svg.png%3Futm_source%3Dcommons.wikimedia.org%26utm_campaign%3Dimageinfo%26utm_content%3Dthumbnail 2x\" \/>&#160;<b><a href=\"http:\/\/commons.wikimedia.org\/wiki\/Category:FC_Red_Bull_Salzburg_gegen_SV_Mattersburg_(19._M%C3%A4rz_2016)\" class=\"extiw\" title=\"commons:Category:FC Red Bull Salzburg gegen SV Mattersburg (19. M\u00e4rz 2016)\">28. Runde, Saison 2015\/16 FC Red Bull Salzburg gegen SV Mattersburg<\/a><\/b>&#160;\u2013 Sammlung von Bildern, Videos und Audiodateien auf <a href=\"\/Wikimedia_Commons\" title=\"Wikimedia Commons\">Wikimedia Commons<\/a>\n<\/p>\n<h2><span class=\"mw-headline\" id=\"Stimmen_zum_Spiel\">Stimmen zum Spiel<\/span><a href=\"\/index.php?title=28._Runde,_Saison_2015\/16_FC_Red_Bull_Salzburg_gegen_SV_Mattersburg&amp;action=edit&amp;section=4\" title=\"Abschnitt bearbeiten: Stimmen zum Spiel\">Bearbeiten<\/a><span class=\"mw-editsection-bracket\">]<\/span><\/span><\/h2>\n<p><b>Oscar Garcia:<\/b> Ich denke, dass wir uns heute in der ersten Halbzeit sehr gut pr\u00e4sentiert und so gespielt haben, wie wir uns das vorgenommen hatten. In der zweiten Halbzeit jedoch konnten wir das Spiel nicht mehr so durchziehen. Mattersburg hat es uns da schwerer gemacht. Ich bin sehr zufrieden mit der Leistung unserer jungen Spieler. Es freut mich sehr, dass sie die Chance, die sie heute bekommen haben, auch sehr gut n\u00fctzen konnten.\n<\/p>\n<p>\n<b>Valon Berisha:<\/b> Wir haben wieder eine gute erste H\u00e4lfte gespielt, h\u00e4tten aber in der zweiten nachlegen m\u00fcssen und wir wussten ja schon vorher, dass Mattersburg bei Standards gut ist. Zuhause tun wir uns leichter, weil wir &#8211; glaub ich &#8211; mit den Pl\u00e4tzen in der Fremde nicht so gut zurechtkommen.\n<\/p>\n<\/div>\n","protected":false},"excerpt":{"rendered":"<p>FaktenBearbeiten] FC Red Bull Salzburg gegen SV Mattersburg, 2:1 Spieltag Bundesliga &#8211; 28. Spieltag Datum 19. M\u00e4rz 2016 Anpfiff 18.30 Uhr Aufstellung Tor Alexander Walke Verteidigung Christian Schwegler &#8211; Dayot Upamecano &#8211; Duje Caleta-Car &#8211; Andreas Ulmer Mittelfeld Konrad Laimer &#8211; Yasin Pehlivan &#8211; Valon Berisha &#8211; Naby Keita Sturm Jonatan Soriano &#8211; Hee-Chan Hwang [&hellip;]<\/p>\n","protected":false},"author":1,"featured_media":0,"comment_status":"open","ping_status":"open","sticky":false,"template":"","format":"standard","meta":{"footnotes":""},"categories":[1366],"tags":[],"class_list":["post-1728","post","type-post","status-publish","format-standard","hentry","category-28-runde-saison-2015"],"_links":{"self":[{"href":"https:\/\/wiki.s12.at\/index.php\/wp-json\/wp\/v2\/posts\/1728","targetHints":{"allow":["GET"]}}],"collection":[{"href":"https:\/\/wiki.s12.at\/index.php\/wp-json\/wp\/v2\/posts"}],"about":[{"href":"https:\/\/wiki.s12.at\/index.php\/wp-json\/wp\/v2\/types\/post"}],"author":[{"embeddable":true,"href":"https:\/\/wiki.s12.at\/index.php\/wp-json\/wp\/v2\/users\/1"}],"replies":[{"embeddable":true,"href":"https:\/\/wiki.s12.at\/index.php\/wp-json\/wp\/v2\/comments?post=1728"}],"version-history":[{"count":0,"href":"https:\/\/wiki.s12.at\/index.php\/wp-json\/wp\/v2\/posts\/1728\/revisions"}],"wp:attachment":[{"href":"https:\/\/wiki.s12.at\/index.php\/wp-json\/wp\/v2\/media?parent=1728"}],"wp:term":[{"taxonomy":"category","embeddable":true,"href":"https:\/\/wiki.s12.at\/index.php\/wp-json\/wp\/v2\/categories?post=1728"},{"taxonomy":"post_tag","embeddable":true,"href":"https:\/\/wiki.s12.at\/index.php\/wp-json\/wp\/v2\/tags?post=1728"}],"curies":[{"name":"wp","href":"https:\/\/api.w.org\/{rel}","templated":true}]}}