{"id":1726,"date":"2026-05-06T14:03:49","date_gmt":"2026-05-06T12:03:49","guid":{"rendered":"https:\/\/wiki.s12.at\/index.php\/2026\/05\/06\/28-runde-saison-2014-15-sk-rapid-wien-gegen-fc-red-bull-salzburg\/"},"modified":"2026-05-06T14:03:49","modified_gmt":"2026-05-06T12:03:49","slug":"28-runde-saison-2014-15-sk-rapid-wien-gegen-fc-red-bull-salzburg","status":"publish","type":"post","link":"https:\/\/wiki.s12.at\/index.php\/2026\/05\/06\/28-runde-saison-2014-15-sk-rapid-wien-gegen-fc-red-bull-salzburg\/","title":{"rendered":"15, SK Rapid Wien gegen FC Red Bull Salzburg"},"content":{"rendered":"<div class=\"mw-parser-output\">\n<h2><span class=\"mw-headline\" id=\"Fakten\">Fakten<\/span><a href=\"\/index.php?title=28._Runde,_Saison_2014\/15,_SK_Rapid_Wien_gegen_FC_Red_Bull_Salzburg&amp;action=edit&amp;section=1\" title=\"Abschnitt bearbeiten: Fakten\">Bearbeiten<\/a><span class=\"mw-editsection-bracket\">]<\/span><\/span><\/h2>\n<table class=\"toptextcells toccolours\">\n<tbody>\n<tr>\n<th colspan=\"2\" style=\"text-align: center; vertical-align: top; padding: 0.3em 0.8em; font-size: 125%; background-color: lightsteelblue;\">SK Rapid Wien gegen FC Red Bull Salzburg, 3:3\n<\/th>\n<\/tr>\n<tr>\n<th style=\"text-align:left;\"><b>Spieltag<\/b>\n<\/th>\n<th style=\"text-align:left;\">Bundesliga &#8211; 28. Spieltag\n<\/th>\n<\/tr>\n<tr>\n<th style=\"text-align:left;\"><b>Datum<\/b>\n<\/th>\n<th style=\"text-align:left;\">12. April 2015\n<\/th>\n<\/tr>\n<tr>\n<th style=\"text-align:left;\"><b>Anpfiff<\/b>\n<\/th>\n<th style=\"text-align:left;\">18 Uhr\n<\/th>\n<\/tr>\n<tr>\n<td colspan=\"2\" style=\"text-align:center;\" bgcolor=\"lightgray\"><b>Aufstellung<\/b>\n<\/td>\n<\/tr>\n<tr>\n<th style=\"text-align:left;\"><b>Tor<\/b>\n<\/th>\n<th><a href=\"\/Peter_Gulacsi\" class=\"mw-redirect\" title=\"Peter Gulacsi\">Peter Gulacsi<\/a>\n<\/th>\n<\/tr>\n<tr>\n<th style=\"text-align:left;\"><b>Verteidigung<\/b>\n<\/th>\n<th><a href=\"\/Benno_Schmitz\" title=\"Benno Schmitz\">Benno Schmitz<\/a> &#8211; <a href=\"\/Duje_Caleta-Car\" title=\"Duje Caleta-Car\">Duje Caleta-Car<\/a> &#8211; <a href=\"\/Stefan_Ilsanker\" title=\"Stefan Ilsanker\">Stefan Ilsanker<\/a> &#8211; <a href=\"\/Andreas_Ulmer\" title=\"Andreas Ulmer\">Andreas Ulmer<\/a>\n<\/th>\n<\/tr>\n<tr>\n<th style=\"text-align:left;\"><b>Mittelfeld<\/b>\n<\/th>\n<th><a href=\"\/Christoph_Leitgeb\" title=\"Christoph Leitgeb\">Christoph Leitgeb<\/a> &#8211; <a href=\"\/Naby_Keita\" title=\"Naby Keita\">Naby Keita<\/a> &#8211; <a href=\"\/Valentino_Lazaro\" title=\"Valentino Lazaro\">Valentino Lazaro<\/a> &#8211; <a href=\"\/Valon_Berisha\" title=\"Valon Berisha\">Valon Berisha<\/a>\n<\/th>\n<\/tr>\n<tr>\n<th style=\"text-align:left;\"><b>Sturm<\/b>\n<\/th>\n<th><a href=\"\/Marcel_Sabitzer\" title=\"Marcel Sabitzer\">Marcel Sabitzer<\/a> &#8211; <a href=\"\/Jonatan_Soriano\" title=\"Jonatan Soriano\">Jonatan Soriano<\/a>\n<\/th>\n<\/tr>\n<tr>\n<td colspan=\"2\" style=\"text-align:center;\" bgcolor=\"lightgray\"><b>Wechsel<\/b>\n<\/td>\n<\/tr>\n<tr>\n<th style=\"text-align:left;\"><b>Wechsel<\/b>\n<\/th>\n<th style=\"text-align:left;\"><a href=\"\/Lukas_Gugganig\" title=\"Lukas Gugganig\">Lukas Gugganig<\/a> f\u00fcr Ilsanker (66.), <a href=\"\/Massimo_Bruno\" title=\"Massimo Bruno\">Massimo Bruno<\/a> f\u00fcr Berisha (72.), <a href=\"\/Nils_Quaschner\" title=\"Nils Quaschner\">Nils Quaschner<\/a> f\u00fcr Soriano (\n<\/th>\n<\/tr>\n<tr>\n<td colspan=\"2\" style=\"text-align:center;\" bgcolor=\"lightgray\"><b>Statistik<\/b>\n<\/td>\n<\/tr>\n<tr>\n<th style=\"text-align:left;\"><b>Endstand<\/b>\n<\/th>\n<th style=\"text-align:left;\">3:3 (0:3)\n<\/th>\n<\/tr>\n<tr>\n<th style=\"text-align:left;\"><b>Torsch\u00fctzen<\/b>\n<\/th>\n<th style=\"text-align:left;\">Beric (51.), Schobesberger (59.), Prosenik (92.); Berisha (3.), Soriano (18.), Sabitzer (32.)\n<\/th>\n<\/tr>\n<tr>\n<th style=\"text-align:left;\"><b>Gelbe Karten<\/b>\n<\/th>\n<th style=\"text-align:left;\">Pavelic (42.); Sabitzer (68.), Lazaro (70.), Keita (72.), Gulacsi (90.)\n<\/th>\n<\/tr>\n<tr>\n<th style=\"text-align:left;\"><b>Rote Karten<\/b>\n<\/th>\n<th style=\"text-align:left;\">Ulmer (43.); Pavlevic (80. gelb-rot)\n<\/th>\n<\/tr>\n<tr>\n<th style=\"text-align:left;\"><b>Schiedsrichter<\/b>\n<\/th>\n<th style=\"text-align:left;\">Rene Eisner\n<\/th>\n<\/tr>\n<tr>\n<th style=\"text-align:left;\"><b>Stadion<\/b>\n<\/th>\n<th style=\"text-align:left;\">Ernst-Happel-Stadion, Wien\n<\/th>\n<\/tr>\n<tr>\n<th style=\"text-align:left;\"><b>Zuschauer<\/b>\n<\/th>\n<th style=\"text-align:left;\">27 000\n<\/th>\n<\/tr>\n<\/tbody>\n<\/table>\n<ul>\n<li><a href=\"\/Lukas_Gugganig\" title=\"Lukas Gugganig\">Lukas Gugganig<\/a> feierte sein Deb\u00fct in der Bundesliga. Da Duje Caleta-Car ebenfalls spielte wurde in der letzten halben Stunde die etatm\u00e4\u00dfige Innenverteidigung des <a href=\"\/FC_Liefering\" title=\"FC Liefering\">FC Lieferings<\/a> aufgeboten.<\/li>\n<\/ul>\n<h2><span class=\"mw-headline\" id=\"Weblinks\">Weblinks<\/span><a href=\"\/index.php?title=28._Runde,_Saison_2014\/15,_SK_Rapid_Wien_gegen_FC_Red_Bull_Salzburg&amp;action=edit&amp;section=2\" title=\"Abschnitt bearbeiten: Weblinks\">Bearbeiten<\/a><span class=\"mw-editsection-bracket\">]<\/span><\/span><\/h2>\n<ul>\n<li><a rel=\"nofollow\" class=\"external text\" href=\"http:\/\/www.redbulls.com\/de\/fc-red-bull-salzburg\/news\/saison_2014_15\/rote-bullen-nach-3-0-nur-3-3.html\">Spielbericht Vereinshomepage<\/a><\/li>\n<\/ul>\n<p>&lt;youtube&gt;622gClXBWIc&lt;\/youtube&gt;\n<\/p>\n<h2><span class=\"mw-headline\" id=\"Stimmen_zum_Spiel\">Stimmen zum Spiel<\/span><a href=\"\/index.php?title=28._Runde,_Saison_2014\/15,_SK_Rapid_Wien_gegen_FC_Red_Bull_Salzburg&amp;action=edit&amp;section=3\" title=\"Abschnitt bearbeiten: Stimmen zum Spiel\">Bearbeiten<\/a><span class=\"mw-editsection-bracket\">]<\/span><\/span><\/h2>\n<p><b>Adi H\u00fctter:<\/b> \u201eDas war Werbung f\u00fcr den Fu\u00dfball, die Zuschauer haben ein sehr gutes Spiel gesehen. Mit der ersten Halbzeit bin ich sehr zufrieden, nach der Pause waren wir mit einem Mann weniger nicht mehr so gut. Unter dem Strich ist es nat\u00fcrlich \u00e4rgerlich, wenn man ein 3:0 aus der Hand gibt. Aber der Punkt kann noch sehr wichtig werden.\u201c\n<\/p>\n<p><b>Marcel Sabitzer:<\/b> \u201eIn diesem Spiel war heute alles dabei. Wir waren vor der Pause klar besser, nach dem Wechsel sind wir mit einem Mann weniger nicht mehr ins Spiel gekommen. So gesehen, muss man mit dem Punkt leben k\u00f6nnen. Auch wenn es sehr bitter ist, wenn man zur Halbzeit 3:0 f\u00fchrt.\u201c\n<\/p>\n<\/div>\n","protected":false},"excerpt":{"rendered":"<p>FaktenBearbeiten] SK Rapid Wien gegen FC Red Bull Salzburg, 3:3 Spieltag Bundesliga &#8211; 28. Spieltag Datum 12. April 2015 Anpfiff 18 Uhr Aufstellung Tor Peter Gulacsi Verteidigung Benno Schmitz &#8211; Duje Caleta-Car &#8211; Stefan Ilsanker &#8211; Andreas Ulmer Mittelfeld Christoph Leitgeb &#8211; Naby Keita &#8211; Valentino Lazaro &#8211; Valon Berisha Sturm Marcel Sabitzer &#8211; Jonatan [&hellip;]<\/p>\n","protected":false},"author":1,"featured_media":0,"comment_status":"open","ping_status":"open","sticky":false,"template":"","format":"standard","meta":{"footnotes":""},"categories":[1365],"tags":[],"class_list":["post-1726","post","type-post","status-publish","format-standard","hentry","category-28-runde-saison-2014"],"_links":{"self":[{"href":"https:\/\/wiki.s12.at\/index.php\/wp-json\/wp\/v2\/posts\/1726","targetHints":{"allow":["GET"]}}],"collection":[{"href":"https:\/\/wiki.s12.at\/index.php\/wp-json\/wp\/v2\/posts"}],"about":[{"href":"https:\/\/wiki.s12.at\/index.php\/wp-json\/wp\/v2\/types\/post"}],"author":[{"embeddable":true,"href":"https:\/\/wiki.s12.at\/index.php\/wp-json\/wp\/v2\/users\/1"}],"replies":[{"embeddable":true,"href":"https:\/\/wiki.s12.at\/index.php\/wp-json\/wp\/v2\/comments?post=1726"}],"version-history":[{"count":0,"href":"https:\/\/wiki.s12.at\/index.php\/wp-json\/wp\/v2\/posts\/1726\/revisions"}],"wp:attachment":[{"href":"https:\/\/wiki.s12.at\/index.php\/wp-json\/wp\/v2\/media?parent=1726"}],"wp:term":[{"taxonomy":"category","embeddable":true,"href":"https:\/\/wiki.s12.at\/index.php\/wp-json\/wp\/v2\/categories?post=1726"},{"taxonomy":"post_tag","embeddable":true,"href":"https:\/\/wiki.s12.at\/index.php\/wp-json\/wp\/v2\/tags?post=1726"}],"curies":[{"name":"wp","href":"https:\/\/api.w.org\/{rel}","templated":true}]}}