{"id":1724,"date":"2026-05-06T14:03:48","date_gmt":"2026-05-06T12:03:48","guid":{"rendered":"https:\/\/wiki.s12.at\/index.php\/2026\/05\/06\/28-runde-saison-2013-14-fc-red-bull-salzburg-gegen-sc-wiener-neustadt\/"},"modified":"2026-05-06T14:03:48","modified_gmt":"2026-05-06T12:03:48","slug":"28-runde-saison-2013-14-fc-red-bull-salzburg-gegen-sc-wiener-neustadt","status":"publish","type":"post","link":"https:\/\/wiki.s12.at\/index.php\/2026\/05\/06\/28-runde-saison-2013-14-fc-red-bull-salzburg-gegen-sc-wiener-neustadt\/","title":{"rendered":"14, FC Red Bull Salzburg gegen SC Wiener Neustadt"},"content":{"rendered":"<div class=\"mw-parser-output\">\n<h2><span class=\"mw-headline\" id=\"Fakten\">Fakten<\/span><a href=\"\/index.php?title=28._Runde,_Saison_2013\/14,_FC_Red_Bull_Salzburg_gegen_SC_Wiener_Neustadt&amp;action=edit&amp;section=1\" title=\"Abschnitt bearbeiten: Fakten\">Bearbeiten<\/a><span class=\"mw-editsection-bracket\">]<\/span><\/span><\/h2>\n<table class=\"toptextcells toccolours\">\n<tbody>\n<tr>\n<th colspan=\"2\" style=\"text-align: center; vertical-align: top; padding: 0.3em 0.8em; font-size: 125%; background-color: lightsteelblue;\">FC Red Bull Salzburg gegen SC Wiener Neustadt, 5:0\n<\/th>\n<\/tr>\n<tr>\n<th style=\"text-align:left;\"><b>Spieltag<\/b>\n<\/th>\n<th style=\"text-align:left;\">Bundesliga &#8211; 28. Spieltag\n<\/th>\n<\/tr>\n<tr>\n<th style=\"text-align:left;\"><b>Datum<\/b>\n<\/th>\n<th style=\"text-align:left;\">23. M\u00e4rz 2014\n<\/th>\n<\/tr>\n<tr>\n<th style=\"text-align:left;\"><b>Anpfiff<\/b>\n<\/th>\n<th style=\"text-align:left;\">16.30 Uhr\n<\/th>\n<\/tr>\n<tr>\n<td colspan=\"2\" style=\"text-align:center;\" bgcolor=\"lightgray\"><b>Aufstellung<\/b>\n<\/td>\n<\/tr>\n<tr>\n<th style=\"text-align:left;\"><b>Tor<\/b>\n<\/th>\n<th><a href=\"\/Peter_Gulacsi\" class=\"mw-redirect\" title=\"Peter Gulacsi\">Peter Gulacsi<\/a>\n<\/th>\n<\/tr>\n<tr>\n<th style=\"text-align:left;\"><b>Verteidigung<\/b>\n<\/th>\n<th><a href=\"\/Florian_Klein\" title=\"Florian Klein\">Florian Klein<\/a> <a href=\"\/Martin_Hinteregger\" title=\"Martin Hinteregger\">Martin Hinteregger<\/a> <a href=\"\/Andre_Ramalho\" class=\"mw-redirect\" title=\"Andre Ramalho\">Andre Ramalho<\/a> <a href=\"\/Dusan_Svento\" class=\"mw-redirect\" title=\"Dusan Svento\">Dusan Svento<\/a>\n<\/th>\n<\/tr>\n<tr>\n<th style=\"text-align:left;\"><b>Mittelfeld<\/b>\n<\/th>\n<th><a href=\"\/Stefan_Ilsanker\" title=\"Stefan Ilsanker\">Stefan Ilsanker<\/a> <a href=\"\/Christoph_Leitgeb\" title=\"Christoph Leitgeb\">Christoph Leitgeb<\/a> <a href=\"\/Sadio_Man%C3%A9\" title=\"Sadio Man\u00e9\">Sadio Man\u00e9<\/a> <a href=\"\/Kevin_Kampl\" title=\"Kevin Kampl\">Kevin Kampl<\/a>\n<\/th>\n<\/tr>\n<tr>\n<th style=\"text-align:left;\"><b>Sturm<\/b>\n<\/th>\n<th><a href=\"\/Jonatan_Soriano\" title=\"Jonatan Soriano\">Jonatan Soriano<\/a>  <a href=\"\/Alan\" title=\"Alan\">Alan<\/a>\n<\/th>\n<\/tr>\n<tr>\n<td colspan=\"2\" style=\"text-align:center;\" bgcolor=\"lightgray\"><b>Wechsel<\/b>\n<\/td>\n<\/tr>\n<tr>\n<th style=\"text-align:left;\"><b>Wechsel<\/b>\n<\/th>\n<th style=\"text-align:left;\"><a href=\"\/Franz_Schiemer\" title=\"Franz Schiemer\">Franz Schiemer<\/a> f\u00fcr Svento (74.) <a href=\"\/Valon_Berisha\" title=\"Valon Berisha\">Valon Berisha<\/a> f\u00fcr Leitgeb (74.) <a href=\"\/Valentino_Lazaro\" title=\"Valentino Lazaro\">Valentino Lazaro<\/a> f\u00fcr Ramalho (86.)\n<\/th>\n<\/tr>\n<tr>\n<td colspan=\"2\" style=\"text-align:center;\" bgcolor=\"lightgray\"><b>Statistik<\/b>\n<\/td>\n<\/tr>\n<tr>\n<th style=\"text-align:left;\"><b>Endstand<\/b>\n<\/th>\n<th style=\"text-align:left;\">5:0 (2:0)\n<\/th>\n<\/tr>\n<tr>\n<th style=\"text-align:left;\"><b>Torsch\u00fctzen<\/b>\n<\/th>\n<th style=\"text-align:left;\">Alan (23., 57., 87.), Soriano (45.+1), Mane (70.)\n<\/th>\n<\/tr>\n<tr>\n<th style=\"text-align:left;\"><b>Gelbe Karten<\/b>\n<\/th>\n<th style=\"text-align:left;\">Mane (39.), Ramalho (43.); Wallner (73.)\n<\/th>\n<\/tr>\n<tr>\n<th style=\"text-align:left;\"><b>Rote Karten<\/b>\n<\/th>\n<th style=\"text-align:left;\">\n<\/th>\n<\/tr>\n<tr>\n<th style=\"text-align:left;\"><b>Schiedsrichter<\/b>\n<\/th>\n<th style=\"text-align:left;\">Dieter Muckenhammer\n<\/th>\n<\/tr>\n<tr>\n<th style=\"text-align:left;\"><b>Stadion<\/b>\n<\/th>\n<th style=\"text-align:left;\"><a href=\"\/index.php?title=Red_Bull_Arena&amp;action=edit&amp;redlink=1\" class=\"new\" title=\"Red Bull Arena (Seite nicht vorhanden)\">Red Bull Arena<\/a>, Salzburg\n<\/th>\n<\/tr>\n<tr>\n<th style=\"text-align:left;\"><b>Zuschauer<\/b>\n<\/th>\n<th style=\"text-align:left;\">7 074\n<\/th>\n<\/tr>\n<\/tbody>\n<\/table>\n<p>\n<\/p>\n<h2><span class=\"mw-headline\" id=\"Weblinks\">Weblinks<\/span><a href=\"\/index.php?title=28._Runde,_Saison_2013\/14,_FC_Red_Bull_Salzburg_gegen_SC_Wiener_Neustadt&amp;action=edit&amp;section=2\" title=\"Abschnitt bearbeiten: Weblinks\">Bearbeiten<\/a><span class=\"mw-editsection-bracket\">]<\/span><\/span><\/h2>\n<ul>\n<li><a rel=\"nofollow\" class=\"external text\" href=\"http:\/\/www.redbulls.com\/de\/fc-red-bull-salzburg\/news\/saison_2013_14\/das-meisterstueck-der-roten-bullen.html\">Spielbericht Vereinshomepage<\/a><\/li>\n<\/ul>\n<h2><span class=\"mw-headline\" id=\"Bilder\">Bilder<\/span><a href=\"\/index.php?title=28._Runde,_Saison_2013\/14,_FC_Red_Bull_Salzburg_gegen_SC_Wiener_Neustadt&amp;action=edit&amp;section=3\" title=\"Abschnitt bearbeiten: Bilder\">Bearbeiten<\/a><span class=\"mw-editsection-bracket\">]<\/span><\/span><\/h2>\n<p><img alt=\"\" src=\"\/images\/thumb\/4\/4a\/Commons-logo.svg\/langde-20px-Commons-logo.svg.png%3Futm_source%3Dcommons.wikimedia.org%26utm_campaign%3Dimageinfo%26utm_content%3Dthumbnail\" decoding=\"async\" title=\"Commons\" width=\"12\" height=\"16\" srcset=\"\/images\/thumb\/4\/4a\/Commons-logo.svg\/langde-40px-Commons-logo.svg.png%3Futm_source%3Dcommons.wikimedia.org%26utm_campaign%3Dimageinfo%26utm_content%3Dthumbnail 2x\" \/>&#160;<b><a href=\"http:\/\/commons.wikimedia.org\/wiki\/Category:FC_Red_Bull_Salzburg_gegen_SC_Wiener_Neustadt_(23._M%C3%A4rz_2014)\" class=\"extiw\" title=\"commons:Category:FC Red Bull Salzburg gegen SC Wiener Neustadt (23. M\u00e4rz 2014)\">28. Runde, Saison 2013\/14, FC Red Bull Salzburg gegen SC Wiener Neustadt<\/a><\/b>&#160;\u2013 Sammlung von Bildern, Videos und Audiodateien auf <a href=\"\/Wikimedia_Commons\" title=\"Wikimedia Commons\">Wikimedia Commons<\/a>\n<\/p>\n<h2><span class=\"mw-headline\" id=\"Stimmen_zum_Spiel\">Stimmen zum Spiel<\/span><a href=\"\/index.php?title=28._Runde,_Saison_2013\/14,_FC_Red_Bull_Salzburg_gegen_SC_Wiener_Neustadt&amp;action=edit&amp;section=4\" title=\"Abschnitt bearbeiten: Stimmen zum Spiel\">Bearbeiten<\/a><span class=\"mw-editsection-bracket\">]<\/span><\/span><\/h2>\n<p><b>Roger Schmidt:<\/b> &#8222;Ich bin sehr gl\u00fccklich, dass wir es heute zu Ende gebracht haben. Gratulation an die Mannschaft, sie hat eine tolle Saison gespielt. Die Art und Weise, wie wir es geschafft haben, ist schon eindrucksvoll. Deshalb freue ich mich pers\u00f6nlich auch sehr dar\u00fcber. Heute hat der Mannschaft vor der Pause etwas der Schwung gefehlt, aber nach der Pause war das sehr gut. Wir haben noch viele Chancen gehabt, h\u00e4tten noch einige Tore mehr erzielen k\u00f6nnen. Jetzt haben wir die Motivation, noch weitere Rekorde zu brechen.&#8220;\n<\/p>\n<p><b>Martin Hinteregger:<\/b> &#8222;Die Freude ist riesengro\u00df, jetzt wird einmal gefeiert. Wie die heurige Saison gezeigt hat, verleiht Red Bull Fl\u00fcgel &#8211; und das haben wir auch heute wieder gezeigt. Aber unsere Saison ist noch nicht zu Ende, wir wollen schlie\u00dflich auch noch den Cup holen. Und daf\u00fcr werden wir alles geben. Gro\u00dfen Dank auch an den Trainer.&#8220;\n<\/p>\n<p><b>Stefan Ilsanker:<\/b> &#8222;Unglaublich. Wir haben die ganze Saison darauf hingearbeitet, jetzt ist es soweit. Wir haben so eine geile Saison gespielt, uns diesen Titel redlich verdient. Wir freuen uns sehr, dass wir diese Meisterschaft holen konnten.&#8220;\n<\/p>\n<p><b>Kevin Kampl:<\/b> &#8222;Ich bin \u00fcbergl\u00fccklich. Auch deshalb, weil es mein erster Titel \u00fcberhaupt ist. Der hat eine ganz besondere Bedeutung. Daran wird man einfach immer erinnert. Trotz des Ausscheidens gegen Basel bin ich mit der Saison sehr zufrieden. Die Erfahrungen, die wir damit gemacht haben werden helfen, dass wir reifen und unseren Weg weiter gehen. Vielen Dank an die Fans, die uns gro\u00dfartig unterst\u00fctzt haben.&#8220;\n<\/p>\n<p><b>Fr\u00e4nky Schiemer:<\/b> &#8222;Dieser Titel ist gro\u00dfartig und mit einem tollen Rekord verbunden. Vor allem die Art und Weise, wie wir ihn geholt haben, spiegelt die Leistung des ganzen Jahres wider.&#8220;\n<\/p>\n<p><b>Ralf Rangnick<\/b>: &#8222;Mit dieser Mannschaft Meister zu werden in \u00d6sterreich ist jetzt nicht so etwas ganz besonderes, aber in der Art und Weise mit diesem Fu\u00dfball schon. Die Mannschaft hat das zw\u00f6lfte Spiel in Serie gewonnen und spielt im Vergleich zur Vorsaison nochmal einen anderen Fu\u00dfball, das war eine deutliche Steigerung. Wenn man sich den internationalen Fu\u00dfball anschaut, sind es wenige Teams, die so spielen (wie Salzburg, Anm.), aber die, die es so spielen, sind erfolgreich. Aber es geht nat\u00fcrlich darum, immer etwas zu verbessern. Denn auf Knopfdruck geht das nicht, das haben wir heute in der ersten H\u00e4lfte gesehen. Der Donnerstag (EL-Aus gegen Basel, Anm.) war brutal. Das kann der Meistertitel nicht wettmachen. Jetzt geht es darum, dass wir es im Sommer schaffen, uns erstmals f\u00fcr die Champions League zu qualifizieren. Wenn die Mannschaft so zusammenbleibt, braucht es nur ein paar punktuelle Verst\u00e4rkungen.&#8220;\n<\/p>\n<p><b>Jonatan Soriano<\/b>: &#8222;Es war eine au\u00dfergew\u00f6hnliche Saison, mit konstant guten Spielen. Die Feier wird nur kurz, da am Mittwoch schon Austria wartet.&#8220;\n<\/p>\n<p><b>Heimo Pfeifenberger&#160;:<\/b> &#8222;In der ersten Halbzeit hatten wir unsere M\u00f6glichkeiten, aber die leider nicht genutzt. In der zweiten Halbzeit hat Salzburg ein Feuerwerk abgeliefert. Da war meine Mannschaft \u00fcberfordert, obwohl sie wollte, nur sie konnte nicht. Salzburg hat eine Mannschaft, wie es sie wahrscheinlich in \u00d6sterreich noch nicht gegeben hat. Ein Vorbild, von dem man nur lernen kann. Vor allem die Qualit\u00e4t in der Offensive ist unglaublich. Unglaublich ist auch, was Roger Schmidt hier geleistet hat. Vor allem das Verh\u00e4ltnis mit der Mannschaft ist gro\u00dfartig. Unverst\u00e4ndlich, dass heute nicht mehr Fans gekommen sind. Ich wei\u00df nicht wieso, die spielen seit eineinhalb Jahren einen unglaublichen Fu\u00dfball, aber irgendwann wird das auch honoriert.&#8220;\n<\/p>\n<\/div>\n","protected":false},"excerpt":{"rendered":"<p>FaktenBearbeiten] FC Red Bull Salzburg gegen SC Wiener Neustadt, 5:0 Spieltag Bundesliga &#8211; 28. Spieltag Datum 23. M\u00e4rz 2014 Anpfiff 16.30 Uhr Aufstellung Tor Peter Gulacsi Verteidigung Florian Klein Martin Hinteregger Andre Ramalho Dusan Svento Mittelfeld Stefan Ilsanker Christoph Leitgeb Sadio Man\u00e9 Kevin Kampl Sturm Jonatan Soriano Alan Wechsel Wechsel Franz Schiemer f\u00fcr Svento (74.) [&hellip;]<\/p>\n","protected":false},"author":1,"featured_media":0,"comment_status":"open","ping_status":"open","sticky":false,"template":"","format":"standard","meta":{"footnotes":""},"categories":[1364],"tags":[],"class_list":["post-1724","post","type-post","status-publish","format-standard","hentry","category-28-runde-saison-2013"],"_links":{"self":[{"href":"https:\/\/wiki.s12.at\/index.php\/wp-json\/wp\/v2\/posts\/1724","targetHints":{"allow":["GET"]}}],"collection":[{"href":"https:\/\/wiki.s12.at\/index.php\/wp-json\/wp\/v2\/posts"}],"about":[{"href":"https:\/\/wiki.s12.at\/index.php\/wp-json\/wp\/v2\/types\/post"}],"author":[{"embeddable":true,"href":"https:\/\/wiki.s12.at\/index.php\/wp-json\/wp\/v2\/users\/1"}],"replies":[{"embeddable":true,"href":"https:\/\/wiki.s12.at\/index.php\/wp-json\/wp\/v2\/comments?post=1724"}],"version-history":[{"count":0,"href":"https:\/\/wiki.s12.at\/index.php\/wp-json\/wp\/v2\/posts\/1724\/revisions"}],"wp:attachment":[{"href":"https:\/\/wiki.s12.at\/index.php\/wp-json\/wp\/v2\/media?parent=1724"}],"wp:term":[{"taxonomy":"category","embeddable":true,"href":"https:\/\/wiki.s12.at\/index.php\/wp-json\/wp\/v2\/categories?post=1724"},{"taxonomy":"post_tag","embeddable":true,"href":"https:\/\/wiki.s12.at\/index.php\/wp-json\/wp\/v2\/tags?post=1724"}],"curies":[{"name":"wp","href":"https:\/\/api.w.org\/{rel}","templated":true}]}}