{"id":1722,"date":"2026-05-06T14:03:45","date_gmt":"2026-05-06T12:03:45","guid":{"rendered":"https:\/\/wiki.s12.at\/index.php\/2026\/05\/06\/28-runde-saison-2012-13-rbs-vs-stu\/"},"modified":"2026-05-06T14:03:45","modified_gmt":"2026-05-06T12:03:45","slug":"28-runde-saison-2012-13-rbs-vs-stu","status":"publish","type":"post","link":"https:\/\/wiki.s12.at\/index.php\/2026\/05\/06\/28-runde-saison-2012-13-rbs-vs-stu\/","title":{"rendered":"13, RBS vs STU"},"content":{"rendered":"<div class=\"mw-parser-output\">\n<h3><span class=\"mw-headline\" id=\"Fakten\">Fakten<\/span><a href=\"\/index.php?title=28._Runde,_Saison_2012\/13,_RBS_vs_STU&amp;action=edit&amp;section=1\" title=\"Abschnitt bearbeiten: Fakten\">Bearbeiten<\/a><span class=\"mw-editsection-bracket\">]<\/span><\/span><\/h3>\n<p><b>Bundesliga &#8211; 28. Spieltag: 7. April 2013, 16 Uhr<\/b><br \/>\n\n<\/p>\n<table class=\"wikitable\">\n<caption><b><big>FC Red Bull Salzburg gegen SK Sturm Graz, 3:0 <\/big><\/b><br \/>\n<\/caption>\n<tbody>\n<tr>\n<td>Aufstellung:<\/td>\n<td><a href=\"\/Alexander_Walke\" title=\"Alexander Walke\">Alexander Walke<\/a>\n<\/td>\n<\/tr>\n<tr>\n<td><\/td>\n<td><a href=\"\/Christian_Schwegler\" title=\"Christian Schwegler\">Christian Schwegler<\/a> <a href=\"\/Rodnei\" title=\"Rodnei\">Rodnei<\/a> <a href=\"\/Franz_Schiemer\" title=\"Franz Schiemer\">Franz Schiemer<\/a> <a href=\"\/Dusan_Svento\" class=\"mw-redirect\" title=\"Dusan Svento\">Dusan Svento<\/a>\n<\/td>\n<\/tr>\n<tr>\n<td><\/td>\n<td><a href=\"\/Stefan_Ilsanker\" title=\"Stefan Ilsanker\">Stefan Ilsanker<\/a> <a href=\"\/Valon_Berisha\" title=\"Valon Berisha\">Valon Berisha<\/a> <a href=\"\/Stefan_Hierl%C3%A4nder\" title=\"Stefan Hierl\u00e4nder\">Stefan Hierl\u00e4nder<\/a> <a href=\"\/Kevin_Kampl\" title=\"Kevin Kampl\">Kevin Kampl<\/a> <a href=\"\/Sadio_Man%C3%A9\" title=\"Sadio Man\u00e9\">Sadio Man\u00e9<\/a>\n<\/td>\n<\/tr>\n<tr>\n<td><\/td>\n<td><a href=\"\/Jonatan_Soriano\" title=\"Jonatan Soriano\">Jonatan Soriano<\/a>\n<\/td>\n<\/tr>\n<tr>\n<td>Wechsel:<\/td>\n<td><a href=\"\/Ibrahim_Sekagya\" title=\"Ibrahim Sekagya\">Ibrahim Sekagya<\/a> f\u00fcr Schiemer (45.), <a href=\"\/Georg_Teigl\" title=\"Georg Teigl\">Georg Teigl<\/a> f\u00fcr Kampl (81.), <a href=\"\/Alan\" title=\"Alan\">Alan<\/a> f\u00fcr Soriano (88.)\n<\/td>\n<\/tr>\n<tr>\n<td>Endstand:<\/td>\n<td>3:0 (0:0)\n<\/td>\n<\/tr>\n<tr>\n<td>Torsch\u00fctzen:<\/td>\n<td>Soriano (51., 77.), Man\u00e9 (80.)\n<\/td>\n<\/tr>\n<tr>\n<td>Gelbe Karten:<\/td>\n<td>Ilsanker (18.), Kampl (38.), Rodnei (56.); S\u00e4umel (41.), Kainz (50.)\n<\/td>\n<\/tr>\n<tr>\n<td>Gelb-rote Karten:<\/td>\n<td>\n<\/td>\n<\/tr>\n<tr>\n<td>Rote Karten:<\/td>\n<td>\n<\/td>\n<\/tr>\n<tr>\n<td>Schiedsrichter:<\/td>\n<td>Harald Lechner\n<\/td>\n<\/tr>\n<tr>\n<td>Stadion:<\/td>\n<td>EM Stadion Wals-Siezenheim, Salzburg\n<\/td>\n<\/tr>\n<tr>\n<td>Zuschauer:<\/td>\n<td>7 670\n<\/td>\n<\/tr>\n<tr>\n<td>Statistisches:<\/td>\n<td>In 90 Minuten kam der SK Sturm Graz nicht zu einem einzigen Torschuss.\n<\/td>\n<\/tr>\n<\/tbody>\n<\/table>\n<h2><span class=\"mw-headline\" id=\"Stimmen_zum_Spiel\">Stimmen zum Spiel<\/span><a href=\"\/index.php?title=28._Runde,_Saison_2012\/13,_RBS_vs_STU&amp;action=edit&amp;section=2\" title=\"Abschnitt bearbeiten: Stimmen zum Spiel\">Bearbeiten<\/a><span class=\"mw-editsection-bracket\">]<\/span><\/span><\/h2>\n<ul>\n<li><b>Roger Schmidt:<\/b> \u201eWir haben jetzt 12 Punkte Vorsprung auf Rapid und Sturm. Das war heute ein wichtiger Schritt in Richtung Champions League-Qualifikation. Wir haben heute ein sehr gutes Spiel gemacht, toll kombiniert, haben als Mannschaft sehr gut gegen den Ball gearbeitet und hinten gar nichts zugelassen.\u201c<\/li>\n<\/ul>\n<ul>\n<li><b>Sadio Mane:<\/b> \u201eIch bin heute sehr zufrieden. Nicht nur mit meinem Treffer, sondern auch mit dem wichtigen Sieg. Es war auch ganz wichtig, dass wir heute kein Gegentor erhalten haben. Das gibt viel Selbstvertrauen. Wir denken weiter von Spiel zu Spiel.\u201c<\/li>\n<\/ul>\n<ul>\n<li><b>Alexander Walke:<\/b> \u201eMan heute ein sehr gutes Spiel von uns gesehen. Wir waren sehr dominant und haben in der zweiten Halbzeit auch die n\u00f6tigen Tore erzielt.\u201c<\/li>\n<\/ul>\n<ul>\n<li><b>Peter Hyballa:<\/b> &#8222;Wir haben heute vieles vermissen lassen. Man muss fairerweise Gl\u00fcckwunsch zu Salzburg sagen. Irgendwann war es eine Frage der Zeit, wann das 0:1 f\u00e4llt. Das war heute nicht gut.&#8220;<\/li>\n<\/ul>\n<ul>\n<li><b>Martin Ehrenreich:<\/b> &#8222;Tatsache ist, dass wir uns mehr vorgenommen hatten. Wir haben zwar phasenweise gek\u00e4mpft und Leidenschaft gezeigt, aber wie gesagt nur phasenweise. Nach vorne war das viel zu wenig. Wir haben gewusst, dass Salzburg in der Offensive stark ist und waren eigentlich darauf eingestellt. Aber wenn man den Gro\u00dfteil des Spiels nur verteidigt, kommen nat\u00fcrlich Fehler zustande. Wir haben uns viel zu wenig zugetraut. Wir haben uns vorgenommen, mit Mut nach vorne zu spielen, aber das ist uns gar nicht gelungen.&#8220;<\/li>\n<\/ul>\n<ul>\n<li><b>Walter Schachner (Sky-Experte):<\/b> &#8222;Der Trainer kann mit der Mannschaft zufrieden sein, aber die Tore wurden durch die individuelle Klasse erspielt. Acht Runden sind 24 Punkte. Wenn die Salzburger einen Lauf bekommen, ist alles m\u00f6glich.&#8220;<\/li>\n<\/ul>\n<h2><span class=\"mw-headline\" id=\"Weblinks\">Weblinks<\/span><a href=\"\/index.php?title=28._Runde,_Saison_2012\/13,_RBS_vs_STU&amp;action=edit&amp;section=3\" title=\"Abschnitt bearbeiten: Weblinks\">Bearbeiten<\/a><span class=\"mw-editsection-bracket\">]<\/span><\/span><\/h2>\n<ul>\n<li><a rel=\"nofollow\" class=\"external text\" href=\"http:\/\/redbulls.com\/soccer\/salzburg\/de\/red-bull-salzburg-news-detail_8967.html\">Spielbericht auf der Vereinshomepage<\/a><\/li>\n<li><a rel=\"nofollow\" class=\"external text\" href=\"http:\/\/www.salzburg12.at\/2013\/04\/drei-volltreffer-salzburg-seziert-sturm\/\">Spielbericht Salzburg12.at<\/a><\/li>\n<li><a rel=\"nofollow\" class=\"external text\" href=\"http:\/\/www.salzburg.com\/nachrichten\/salzburg\/sport\/fussball\/fc-red-bull-salzburg\/sn\/artikel\/bullen-kamen-austria-mit-sieg-gegen-sturm-naeher-53911\/\">Spielbericht Salzburger Nachrichten online<\/a><\/li>\n<li><a rel=\"nofollow\" class=\"external text\" href=\"http:\/\/www.youtube.com\/watch?v=y4ilOUFlZYk\">Tor von Jonatan Soriano zum 2:0<\/a><\/li>\n<li><a rel=\"nofollow\" class=\"external text\" href=\"http:\/\/www.redbullsfan.tv\/spiele\/bundesliga\/red-bull-salzburg-vs-sturm-graz\/page\/view=1450\">Video auf redbullsfan.tv<\/a><\/li>\n<li><a rel=\"nofollow\" class=\"external text\" href=\"http:\/\/www.salzburg24.at\/der-bullen-fanblog-souveraener-heimsieg\/3539720\">Der Bullen-Fanblog auf salzburg24<\/a><\/li>\n<\/ul>\n<\/div>\n","protected":false},"excerpt":{"rendered":"<p>FaktenBearbeiten] Bundesliga &#8211; 28. Spieltag: 7. April 2013, 16 Uhr FC Red Bull Salzburg gegen SK Sturm Graz, 3:0 Aufstellung: Alexander Walke Christian Schwegler Rodnei Franz Schiemer Dusan Svento Stefan Ilsanker Valon Berisha Stefan Hierl\u00e4nder Kevin Kampl Sadio Man\u00e9 Jonatan Soriano Wechsel: Ibrahim Sekagya f\u00fcr Schiemer (45.), Georg Teigl f\u00fcr Kampl (81.), Alan f\u00fcr Soriano [&hellip;]<\/p>\n","protected":false},"author":1,"featured_media":0,"comment_status":"open","ping_status":"open","sticky":false,"template":"","format":"standard","meta":{"footnotes":""},"categories":[1363],"tags":[],"class_list":["post-1722","post","type-post","status-publish","format-standard","hentry","category-28-runde-saison-2012"],"_links":{"self":[{"href":"https:\/\/wiki.s12.at\/index.php\/wp-json\/wp\/v2\/posts\/1722","targetHints":{"allow":["GET"]}}],"collection":[{"href":"https:\/\/wiki.s12.at\/index.php\/wp-json\/wp\/v2\/posts"}],"about":[{"href":"https:\/\/wiki.s12.at\/index.php\/wp-json\/wp\/v2\/types\/post"}],"author":[{"embeddable":true,"href":"https:\/\/wiki.s12.at\/index.php\/wp-json\/wp\/v2\/users\/1"}],"replies":[{"embeddable":true,"href":"https:\/\/wiki.s12.at\/index.php\/wp-json\/wp\/v2\/comments?post=1722"}],"version-history":[{"count":0,"href":"https:\/\/wiki.s12.at\/index.php\/wp-json\/wp\/v2\/posts\/1722\/revisions"}],"wp:attachment":[{"href":"https:\/\/wiki.s12.at\/index.php\/wp-json\/wp\/v2\/media?parent=1722"}],"wp:term":[{"taxonomy":"category","embeddable":true,"href":"https:\/\/wiki.s12.at\/index.php\/wp-json\/wp\/v2\/categories?post=1722"},{"taxonomy":"post_tag","embeddable":true,"href":"https:\/\/wiki.s12.at\/index.php\/wp-json\/wp\/v2\/tags?post=1722"}],"curies":[{"name":"wp","href":"https:\/\/api.w.org\/{rel}","templated":true}]}}