{"id":1721,"date":"2026-05-06T14:03:45","date_gmt":"2026-05-06T12:03:45","guid":{"rendered":"https:\/\/wiki.s12.at\/index.php\/2026\/05\/06\/28-runde-saison-2011-12-fak-vs-rbs\/"},"modified":"2026-05-06T14:03:45","modified_gmt":"2026-05-06T12:03:45","slug":"28-runde-saison-2011-12-fak-vs-rbs","status":"publish","type":"post","link":"https:\/\/wiki.s12.at\/index.php\/2026\/05\/06\/28-runde-saison-2011-12-fak-vs-rbs\/","title":{"rendered":"12, FAK vs RBS"},"content":{"rendered":"<div class=\"mw-parser-output\">\n<h3><span class=\"mw-headline\" id=\"Fakten\">Fakten<\/span><a href=\"\/index.php?title=28._Runde,_Saison_2011\/12,_FAK_vs_RBS&amp;action=edit&amp;section=1\" title=\"Abschnitt bearbeiten: Fakten\">Bearbeiten<\/a><span class=\"mw-editsection-bracket\">]<\/span><\/span><\/h3>\n<p><b>Bundesliga &#8211; 28. Spieltag: 1. April 2012, 16 Uhr<\/b><br \/>\n\n<\/p>\n<table class=\"wikitable\">\n<caption><big>FK Austria Wien gegen FC Red Bull Salzburg, 1:1<\/big><br \/>\n<\/caption>\n<tbody>\n<tr>\n<td>Aufstellung:<\/td>\n<td><a href=\"\/Alexander_Walke\" title=\"Alexander Walke\">Alexander Walke<\/a>\n<\/td>\n<\/tr>\n<tr>\n<td><\/td>\n<td><a href=\"\/Christian_Schwegler\" title=\"Christian Schwegler\">Christian Schwegler<\/a>, <a href=\"\/Rasmus_Lindgren\" title=\"Rasmus Lindgren\">Rasmus Lindgren<\/a>, <a href=\"\/Ibrahim_Sekagya\" title=\"Ibrahim Sekagya\">Ibrahim Sekagya<\/a>, <a href=\"\/Andreas_Ulmer\" title=\"Andreas Ulmer\">Andreas Ulmer<\/a>\n<\/td>\n<\/tr>\n<tr>\n<td><\/td>\n<td><a href=\"\/David_Mendes\" title=\"David Mendes\">David Mendes<\/a>, <a href=\"\/Cristiano\" class=\"mw-redirect\" title=\"Cristiano\">Cristiano<\/a>,  <a href=\"\/Gonzalo_Zarate\" title=\"Gonzalo Zarate\">Gonzalo Zarate<\/a>, <a href=\"\/Dusan_Svento\" class=\"mw-redirect\" title=\"Dusan Svento\">Dusan Svento<\/a>\n<\/td>\n<\/tr>\n<tr>\n<td><\/td>\n<td><a href=\"\/Jonathan_Soriano\" class=\"mw-redirect\" title=\"Jonathan Soriano\">Jonathan Soriano<\/a>, <a href=\"\/Stefan_Maierhofer\" title=\"Stefan Maierhofer\">Stefan Maierhofer<\/a>\n<\/td>\n<\/tr>\n<tr>\n<td>Wechsel:<\/td>\n<td>Petri Pasanen f\u00fcr Lindgren (45.), Leonardo f\u00fcr Soriano ( ), Georg Teigl f\u00fcr Zarate ()\n<\/td>\n<\/tr>\n<tr>\n<td>Endstand:<\/td>\n<td>1:1 (1:0)\n<\/td>\n<\/tr>\n<tr>\n<td>Torsch\u00fctzen:<\/td>\n<td>Jun (33.), Leonardo (91.)\n<\/td>\n<\/tr>\n<tr>\n<td>Gelbe Karten:<\/td>\n<td>Mendes, Maierhofer (90.); Linz\n<\/td>\n<\/tr>\n<tr>\n<td>Gelb-rote Karten:<\/td>\n<td>\n<\/td>\n<\/tr>\n<tr>\n<td>Rote Karten:<\/td>\n<td>\n<\/td>\n<\/tr>\n<tr>\n<td>Schiedsrichter:<\/td>\n<td>Alain Bieri (SUI)\n<\/td>\n<\/tr>\n<tr>\n<td>Stadion:<\/td>\n<td>Generali-Arena\n<\/td>\n<\/tr>\n<tr>\n<td>Zuschauer:<\/td>\n<td>\n<\/td>\n<\/tr>\n<\/tbody>\n<\/table>\n<h2><span class=\"mw-headline\" id=\"Stimmen_zum_Spiel\">Stimmen zum Spiel<\/span><a href=\"\/index.php?title=28._Runde,_Saison_2011\/12,_FAK_vs_RBS&amp;action=edit&amp;section=2\" title=\"Abschnitt bearbeiten: Stimmen zum Spiel\">Bearbeiten<\/a><span class=\"mw-editsection-bracket\">]<\/span><\/span><\/h2>\n<p><b>Ricardo Moniz (Salzburg-Trainer):<\/b> &#8222;Ich denke, wir haben unn\u00f6tig das 0:1 bekommen und damit den Gegner erst ins Spiel gebracht. Am Ende haben wir einen gl\u00fccklichen Punkt gemacht. Wir sind aber Tabellenf\u00fchrer geblieben und m\u00fcssen dieses Spiel abhaken.&#8220;\n<\/p>\n<p><b>Stefan Maierhofer (Salzburg-St\u00fcrmer):<\/b> &#8222;Es geh\u00f6rt ein bisserl Gl\u00fcck dazu. Das Unentschieden geht in Ordnung. Wir h\u00e4tten vielleicht schon fr\u00fcher mit den langen B\u00e4llen anfangen sollen. Aber im Endeffekt sind wir Tabellenf\u00fchrer, und das ist unser Ziel.&#8220;\n<\/p>\n<h2><span class=\"mw-headline\" id=\"Weblinks\">Weblinks<\/span><a href=\"\/index.php?title=28._Runde,_Saison_2011\/12,_FAK_vs_RBS&amp;action=edit&amp;section=3\" title=\"Abschnitt bearbeiten: Weblinks\">Bearbeiten<\/a><span class=\"mw-editsection-bracket\">]<\/span><\/span><\/h2>\n<ul>\n<li><a rel=\"nofollow\" class=\"external text\" href=\"https:\/\/www.facebook.com\/media\/set\/?set=a.10150624634315563.379494.15871855562&amp;type=1\">Fanfotos<\/a><\/li>\n<li><a rel=\"nofollow\" class=\"external text\" href=\"http:\/\/www.facebook.com\/media\/set\/?set=a.10150624882270563.379538.15871855562&amp;type=1\">Alben auf FC Red Bull Salzburg<\/a><\/li>\n<li><a rel=\"nofollow\" class=\"external text\" href=\"http:\/\/www.redbullsfan.tv\/spiele\/bundesliga\/austria-wien-vs-red-bull-salzburg\/page\/view=1069\">Video auf redbullsfan.tv<\/a><\/li>\n<li>&lt;youtube&gt;Hmx4Xbh5tRk&lt;\/youtube&gt;<\/li>\n<\/ul>\n<\/div>\n","protected":false},"excerpt":{"rendered":"<p>FaktenBearbeiten] Bundesliga &#8211; 28. Spieltag: 1. April 2012, 16 Uhr FK Austria Wien gegen FC Red Bull Salzburg, 1:1 Aufstellung: Alexander Walke Christian Schwegler, Rasmus Lindgren, Ibrahim Sekagya, Andreas Ulmer David Mendes, Cristiano, Gonzalo Zarate, Dusan Svento Jonathan Soriano, Stefan Maierhofer Wechsel: Petri Pasanen f\u00fcr Lindgren (45.), Leonardo f\u00fcr Soriano ( ), Georg Teigl f\u00fcr [&hellip;]<\/p>\n","protected":false},"author":1,"featured_media":0,"comment_status":"open","ping_status":"open","sticky":false,"template":"","format":"standard","meta":{"footnotes":""},"categories":[1362],"tags":[],"class_list":["post-1721","post","type-post","status-publish","format-standard","hentry","category-28-runde-saison-2011"],"_links":{"self":[{"href":"https:\/\/wiki.s12.at\/index.php\/wp-json\/wp\/v2\/posts\/1721","targetHints":{"allow":["GET"]}}],"collection":[{"href":"https:\/\/wiki.s12.at\/index.php\/wp-json\/wp\/v2\/posts"}],"about":[{"href":"https:\/\/wiki.s12.at\/index.php\/wp-json\/wp\/v2\/types\/post"}],"author":[{"embeddable":true,"href":"https:\/\/wiki.s12.at\/index.php\/wp-json\/wp\/v2\/users\/1"}],"replies":[{"embeddable":true,"href":"https:\/\/wiki.s12.at\/index.php\/wp-json\/wp\/v2\/comments?post=1721"}],"version-history":[{"count":0,"href":"https:\/\/wiki.s12.at\/index.php\/wp-json\/wp\/v2\/posts\/1721\/revisions"}],"wp:attachment":[{"href":"https:\/\/wiki.s12.at\/index.php\/wp-json\/wp\/v2\/media?parent=1721"}],"wp:term":[{"taxonomy":"category","embeddable":true,"href":"https:\/\/wiki.s12.at\/index.php\/wp-json\/wp\/v2\/categories?post=1721"},{"taxonomy":"post_tag","embeddable":true,"href":"https:\/\/wiki.s12.at\/index.php\/wp-json\/wp\/v2\/tags?post=1721"}],"curies":[{"name":"wp","href":"https:\/\/api.w.org\/{rel}","templated":true}]}}