{"id":1682,"date":"2026-05-06T14:02:55","date_gmt":"2026-05-06T12:02:55","guid":{"rendered":"https:\/\/wiki.s12.at\/index.php\/2026\/05\/06\/28-runde-regionalliga-west-saison-2012-13-fc-dornbirn-gegen-fc-liefering\/"},"modified":"2026-05-06T14:02:55","modified_gmt":"2026-05-06T12:02:55","slug":"28-runde-regionalliga-west-saison-2012-13-fc-dornbirn-gegen-fc-liefering","status":"publish","type":"post","link":"https:\/\/wiki.s12.at\/index.php\/2026\/05\/06\/28-runde-regionalliga-west-saison-2012-13-fc-dornbirn-gegen-fc-liefering\/","title":{"rendered":"13, FC Dornbirn gegen FC Liefering"},"content":{"rendered":"<div class=\"mw-parser-output\">\n<p><b>Regionalliga West &#8211; 28. Spieltag, 29. Mai 2013, 19 Uhr<\/b><br \/>\n\n<\/p>\n<table class=\"wikitable\">\n<caption><b><big>FC Dornbirn gegen FC Liefering, 0:5<\/big><\/b><br \/>\n<\/caption>\n<tbody>\n<tr>\n<td>Aufstellung:<\/td>\n<td><a href=\"\/Thomas_D%C3%A4hne\" title=\"Thomas D\u00e4hne\">Thomas D\u00e4hne<\/a> <a href=\"\/Rene_Aufhauser\" class=\"mw-redirect\" title=\"Rene Aufhauser\">Rene Aufhauser<\/a> <a href=\"\/Stefan_Lainer\" title=\"Stefan Lainer\">Stefan Lainer<\/a> <a href=\"\/Sandro_Djuric\" title=\"Sandro Djuric\">Sandro Djuric<\/a> <a href=\"\/Stefan_Savic\" title=\"Stefan Savic\">Stefan Savic<\/a> <a href=\"\/Robert_V%C3%B6lkl\" title=\"Robert V\u00f6lkl\">Robert V\u00f6lkl<\/a> <a href=\"\/Josip_Coric\" class=\"mw-redirect\" title=\"Josip Coric\">Josip Coric<\/a> <a href=\"\/Felix_Adjei\" title=\"Felix Adjei\">Felix Adjei<\/a>  <a href=\"\/Wolfgang_Mair\" title=\"Wolfgang Mair\">Wolfgang Mair<\/a> <a href=\"\/Andreas_Schrott\" title=\"Andreas Schrott\">Andreas Schrott<\/a> <a href=\"\/Mario_Konrad\" title=\"Mario Konrad\">Mario Konrad<\/a>\n<\/td>\n<\/tr>\n<tr>\n<td>Wechsel:<\/td>\n<td><a href=\"\/Bright_Edomwonyi\" title=\"Bright Edomwonyi\">Bright Edomwonyi<\/a> f\u00fcr Mair (46.), <a href=\"\/Florian_Metz\" title=\"Florian Metz\">Florian Metz<\/a> f\u00fcr Konrad (68.), <a href=\"\/Andreas_Bammer\" title=\"Andreas Bammer\">Andreas Bammer<\/a> f\u00fcr Konrad (68.)\n<\/td>\n<\/tr>\n<tr>\n<td>Endstand:<\/td>\n<td>0:5 (0:3)\n<\/td>\n<\/tr>\n<tr>\n<td>Torsch\u00fctzen:<\/td>\n<td>Konrad (23., 28., 33.), Edomwonyi (48., 53.)\n<\/td>\n<\/tr>\n<tr>\n<td>Gelbe Karten:<\/td>\n<td>Pircher (27.), Mujic  (76.)\n<\/td>\n<\/tr>\n<tr>\n<td>Gelb-rote Karten:<\/td>\n<td>\n<\/td>\n<\/tr>\n<tr>\n<td>Rote Karten:<\/td>\n<td>\n<\/td>\n<\/tr>\n<tr>\n<td>Schiedsrichter:<\/td>\n<td>Gregor Danler\n<\/td>\n<\/tr>\n<tr>\n<td>Stadion:<\/td>\n<td>Stadion Birkenwiese, Dornbirn\n<\/td>\n<\/tr>\n<tr>\n<td>Zuschauer:<\/td>\n<td>500\n<\/td>\n<\/tr>\n<\/tbody>\n<\/table>\n<h2><span class=\"mw-headline\" id=\"Weblinks\">Weblinks<\/span><a href=\"\/index.php?title=28.Runde,_Regionalliga_West,_Saison_2012\/13,_FC_Dornbirn_gegen_FC_Liefering&amp;action=edit&amp;section=1\" title=\"Abschnitt bearbeiten: Weblinks\">Bearbeiten<\/a><span class=\"mw-editsection-bracket\">]<\/span><\/span><\/h2>\n<ul>\n<li><a rel=\"nofollow\" class=\"external text\" href=\"http:\/\/www.regionalliga.at\/west\/spielbericht\/2012_2013\/2684\/fc-dornbirn---fc-liefering\/\">Spielbericht auf rlw.at<\/a><\/li>\n<\/ul>\n<\/div>\n","protected":false},"excerpt":{"rendered":"<p>Regionalliga West &#8211; 28. Spieltag, 29. Mai 2013, 19 Uhr FC Dornbirn gegen FC Liefering, 0:5 Aufstellung: Thomas D\u00e4hne Rene Aufhauser Stefan Lainer Sandro Djuric Stefan Savic Robert V\u00f6lkl Josip Coric Felix Adjei Wolfgang Mair Andreas Schrott Mario Konrad Wechsel: Bright Edomwonyi f\u00fcr Mair (46.), Florian Metz f\u00fcr Konrad (68.), Andreas Bammer f\u00fcr Konrad (68.) [&hellip;]<\/p>\n","protected":false},"author":1,"featured_media":0,"comment_status":"open","ping_status":"open","sticky":false,"template":"","format":"standard","meta":{"footnotes":""},"categories":[1324],"tags":[],"class_list":["post-1682","post","type-post","status-publish","format-standard","hentry","category-28-runde-regionalliga-west-saison-2012"],"_links":{"self":[{"href":"https:\/\/wiki.s12.at\/index.php\/wp-json\/wp\/v2\/posts\/1682","targetHints":{"allow":["GET"]}}],"collection":[{"href":"https:\/\/wiki.s12.at\/index.php\/wp-json\/wp\/v2\/posts"}],"about":[{"href":"https:\/\/wiki.s12.at\/index.php\/wp-json\/wp\/v2\/types\/post"}],"author":[{"embeddable":true,"href":"https:\/\/wiki.s12.at\/index.php\/wp-json\/wp\/v2\/users\/1"}],"replies":[{"embeddable":true,"href":"https:\/\/wiki.s12.at\/index.php\/wp-json\/wp\/v2\/comments?post=1682"}],"version-history":[{"count":0,"href":"https:\/\/wiki.s12.at\/index.php\/wp-json\/wp\/v2\/posts\/1682\/revisions"}],"wp:attachment":[{"href":"https:\/\/wiki.s12.at\/index.php\/wp-json\/wp\/v2\/media?parent=1682"}],"wp:term":[{"taxonomy":"category","embeddable":true,"href":"https:\/\/wiki.s12.at\/index.php\/wp-json\/wp\/v2\/categories?post=1682"},{"taxonomy":"post_tag","embeddable":true,"href":"https:\/\/wiki.s12.at\/index.php\/wp-json\/wp\/v2\/tags?post=1682"}],"curies":[{"name":"wp","href":"https:\/\/api.w.org\/{rel}","templated":true}]}}