{"id":1678,"date":"2026-05-06T14:02:53","date_gmt":"2026-05-06T12:02:53","guid":{"rendered":"https:\/\/wiki.s12.at\/index.php\/2026\/05\/06\/27-runde-saison-2024-25-fc-liefering-gegen-ask-voitsberg\/"},"modified":"2026-05-06T14:02:53","modified_gmt":"2026-05-06T12:02:53","slug":"27-runde-saison-2024-25-fc-liefering-gegen-ask-voitsberg","status":"publish","type":"post","link":"https:\/\/wiki.s12.at\/index.php\/2026\/05\/06\/27-runde-saison-2024-25-fc-liefering-gegen-ask-voitsberg\/","title":{"rendered":"25, FC Liefering gegen ASK Voitsberg"},"content":{"rendered":"<div class=\"mw-parser-output\">\n<table class=\"toptextcells toccolours\">\n<tbody>\n<tr>\n<th colspan=\"2\" style=\"text-align: center; vertical-align: top; padding: 0.3em 0.8em; font-size: 125%; background-color: lightsteelblue;\">FC Liefering gegen ASK Voitsberg, 1:2\n<\/th>\n<\/tr>\n<tr>\n<th style=\"text-align:left;\"><b>Spieltag<\/b>\n<\/th>\n<th style=\"text-align:left;\">2. Liga &#8211; 27. Runde\n<\/th>\n<\/tr>\n<tr>\n<th style=\"text-align:left;\"><b>Datum<\/b>\n<\/th>\n<th style=\"text-align:left;\">2. Mai 2025\n<\/th>\n<\/tr>\n<tr>\n<th style=\"text-align:left;\"><b>Anpfiff<\/b>\n<\/th>\n<th style=\"text-align:left;\">18 Uhr\n<\/th>\n<\/tr>\n<tr>\n<td colspan=\"2\" style=\"text-align:center;\" bgcolor=\"lightgray\"><b>Aufstellung<\/b>\n<\/td>\n<\/tr>\n<tr>\n<th style=\"text-align:left;\"><b>Tor<\/b>\n<\/th>\n<th><a href=\"\/Salko_Hamzic\" title=\"Salko Hamzic\">Salko Hamzic<\/a>\n<\/th>\n<\/tr>\n<tr>\n<th style=\"text-align:left;\"><b>Verteidigung<\/b>\n<\/th>\n<th><a href=\"\/Julian_Hussauf\" title=\"Julian Hussauf\">Julian Hussauf<\/a>  &#8211;    <a href=\"\/Marcel_Moswitzer\" title=\"Marcel Moswitzer\">Marcel Moswitzer<\/a> &#8211; <a href=\"\/Jannik_Schuster\" title=\"Jannik Schuster\">Jannik Schuster<\/a> &#8211;  <a href=\"\/Lassina_Traore\" title=\"Lassina Traore\">Lassina Traore<\/a>\n<\/th>\n<\/tr>\n<tr>\n<th style=\"text-align:left;\"><b>Mittelfeld<\/b>\n<\/th>\n<th><a href=\"\/Rocco_Zikovic\" title=\"Rocco Zikovic\">Rocco Zikovic<\/a> &#8211;   <a href=\"\/Kristjan_Bendra\" title=\"Kristjan Bendra\">Kristjan Bendra<\/a> &#8211;  <a href=\"\/Oliver_Lukic\" title=\"Oliver Lukic\">Oliver Lukic<\/a> &#8211; <a href=\"\/Tolgahan_Sahin\" title=\"Tolgahan Sahin\">Tolgahan Sahin<\/a>\n<\/th>\n<\/tr>\n<tr>\n<th style=\"text-align:left;\"><b>Sturm<\/b>\n<\/th>\n<th><a href=\"\/Gaoussou_Diakite\" title=\"Gaoussou Diakite\">Gaoussou Diakite<\/a> &#8211;  <a href=\"\/Alexander_Murillo\" title=\"Alexander Murillo\">Alexander Murillo<\/a>\n<\/th>\n<\/tr>\n<tr>\n<td colspan=\"2\" style=\"text-align:center;\" bgcolor=\"lightgray\"><b>Wechsel<\/b>\n<\/td>\n<\/tr>\n<tr>\n<th style=\"text-align:left;\"><b>Wechsel<\/b>\n<\/th>\n<th style=\"text-align:left;\"><a href=\"\/Jakob_Brandtner\" title=\"Jakob Brandtner\">Jakob Brandtner<\/a> f\u00fcr Traore (46.),<a href=\"\/Bryan_Okoh\" title=\"Bryan Okoh\">Bryan Okoh<\/a> f\u00fcr Schuster (46.), <a href=\"\/Tim_Paumgartner\" title=\"Tim Paumgartner\">Tim Paumgartner<\/a>  f\u00fcr Sahin (46.), <br \/><a href=\"\/Aboubacar_Camara\" class=\"mw-redirect\" title=\"Aboubacar Camara\">Aboubacar Camara<\/a> f\u00fcr Murillo (46.), <a href=\"\/Johannes_Moser\" title=\"Johannes Moser\">Johannes Moser<\/a> f\u00fcr Bendra (76.)\n<\/th>\n<\/tr>\n<tr>\n<td colspan=\"2\" style=\"text-align:center;\" bgcolor=\"lightgray\"><b>Statistik<\/b>\n<\/td>\n<\/tr>\n<tr>\n<th style=\"text-align:left;\"><b>Endstand<\/b>\n<\/th>\n<th style=\"text-align:left;\">1:2 (0:2)\n<\/th>\n<\/tr>\n<tr>\n<th style=\"text-align:left;\"><b>Torsch\u00fctzen<\/b>\n<\/th>\n<th style=\"text-align:left;\">Paumgartner (68.); Krienzer  (35.), Jandrisevits (43.)\n<\/th>\n<\/tr>\n<tr>\n<th style=\"text-align:left;\"><b>Gelbe Karten<\/b>\n<\/th>\n<th style=\"text-align:left;\">Bendra  (62.), Beichler (89.)&#160;; St\u00fcckler  (15.), Zaizen (46.), Kirnbauer (67.), Seidl (78.)\n<\/th>\n<\/tr>\n<tr>\n<th style=\"text-align:left;\"><b>Rote Karten<\/b>\n<\/th>\n<th style=\"text-align:left;\">\n<\/th>\n<\/tr>\n<tr>\n<th style=\"text-align:left;\"><b>Schiedsrichter<\/b>\n<\/th>\n<th style=\"text-align:left;\">Stjepan Bosnjak\n<\/th>\n<\/tr>\n<tr>\n<th style=\"text-align:left;\"><b>Stadion<\/b>\n<\/th>\n<th style=\"text-align:left;\">Untersbergarena, Ge\u00f6dig\n<\/th>\n<\/tr>\n<tr>\n<th style=\"text-align:left;\"><b>Zuschauer<\/b>\n<\/th>\n<th style=\"text-align:left;\">307\n<\/th>\n<\/tr>\n<\/tbody>\n<\/table>\n<h2><span class=\"mw-headline\" id=\"Spielbericht\">Spielbericht<\/span><a href=\"\/index.php?title=27._Runde,_Saison_2024\/25,_FC_Liefering_gegen_ASK_Voitsberg&amp;action=edit&amp;section=1\" title=\"Abschnitt bearbeiten: Spielbericht\">Bearbeiten<\/a><span class=\"mw-editsection-bracket\">]<\/span><\/span><\/h2>\n<p><a rel=\"nofollow\" class=\"external text\" href=\"https:\/\/www.fc-liefering.at\/de\/fc-liefering\/news\/saison_2024_25\/ligaspiel-voitsberg-runde-26.html\">Spielbericht Vereinshomepage<\/a>\n<\/p>\n<h2><span class=\"mw-headline\" id=\"Stimmen_zum_Spiel\">Stimmen zum Spiel<\/span><a href=\"\/index.php?title=27._Runde,_Saison_2024\/25,_FC_Liefering_gegen_ASK_Voitsberg&amp;action=edit&amp;section=2\" title=\"Abschnitt bearbeiten: Stimmen zum Spiel\">Bearbeiten<\/a><span class=\"mw-editsection-bracket\">]<\/span><\/span><\/h2>\n<p><b>Daniel Beichler:<\/b> Eine brutal verdiente Niederlage. Wir waren \u2013 \u00e4hnlich wie gegen Sturm II \u2013 in der ersten Halbzeit nicht existent und haben sehr viele Chancen zugelassen. Da waren wir mit dem 0:2 noch richtig gut bedient, ein total inakzeptabler erster Durchgang. Auch nach dem Seitenwechsel hat es mit Fu\u00dfball relativ wenig zu tun gehabt, nur vom Engagement her war es das, was ich mir Minimum erwarte. Aber am Ende haben wir es uns in keinster Weise verdient, auch nur irgendetwas mitzunehmen \u2013 dementsprechend Gratulation an Voitsberg! Sie haben es mehr gewollt, und das ist der gr\u00f6\u00dfte Vorwurf, den wir uns gefallen lassen m\u00fcssen.\n<\/p>\n<\/div>\n","protected":false},"excerpt":{"rendered":"<p>FC Liefering gegen ASK Voitsberg, 1:2 Spieltag 2. Liga &#8211; 27. Runde Datum 2. Mai 2025 Anpfiff 18 Uhr Aufstellung Tor Salko Hamzic Verteidigung Julian Hussauf &#8211; Marcel Moswitzer &#8211; Jannik Schuster &#8211; Lassina Traore Mittelfeld Rocco Zikovic &#8211; Kristjan Bendra &#8211; Oliver Lukic &#8211; Tolgahan Sahin Sturm Gaoussou Diakite &#8211; Alexander Murillo Wechsel Wechsel [&hellip;]<\/p>\n","protected":false},"author":1,"featured_media":0,"comment_status":"open","ping_status":"open","sticky":false,"template":"","format":"standard","meta":{"footnotes":""},"categories":[1285],"tags":[],"class_list":["post-1678","post","type-post","status-publish","format-standard","hentry","category-27-runde-saison-2024"],"_links":{"self":[{"href":"https:\/\/wiki.s12.at\/index.php\/wp-json\/wp\/v2\/posts\/1678","targetHints":{"allow":["GET"]}}],"collection":[{"href":"https:\/\/wiki.s12.at\/index.php\/wp-json\/wp\/v2\/posts"}],"about":[{"href":"https:\/\/wiki.s12.at\/index.php\/wp-json\/wp\/v2\/types\/post"}],"author":[{"embeddable":true,"href":"https:\/\/wiki.s12.at\/index.php\/wp-json\/wp\/v2\/users\/1"}],"replies":[{"embeddable":true,"href":"https:\/\/wiki.s12.at\/index.php\/wp-json\/wp\/v2\/comments?post=1678"}],"version-history":[{"count":0,"href":"https:\/\/wiki.s12.at\/index.php\/wp-json\/wp\/v2\/posts\/1678\/revisions"}],"wp:attachment":[{"href":"https:\/\/wiki.s12.at\/index.php\/wp-json\/wp\/v2\/media?parent=1678"}],"wp:term":[{"taxonomy":"category","embeddable":true,"href":"https:\/\/wiki.s12.at\/index.php\/wp-json\/wp\/v2\/categories?post=1678"},{"taxonomy":"post_tag","embeddable":true,"href":"https:\/\/wiki.s12.at\/index.php\/wp-json\/wp\/v2\/tags?post=1678"}],"curies":[{"name":"wp","href":"https:\/\/api.w.org\/{rel}","templated":true}]}}