{"id":1677,"date":"2026-05-06T14:02:52","date_gmt":"2026-05-06T12:02:52","guid":{"rendered":"https:\/\/wiki.s12.at\/index.php\/2026\/05\/06\/27-runde-saison-2023-24-fc-red-bull-salzburg-gegen-sk-austria-klagenfurt\/"},"modified":"2026-05-06T14:02:52","modified_gmt":"2026-05-06T12:02:52","slug":"27-runde-saison-2023-24-fc-red-bull-salzburg-gegen-sk-austria-klagenfurt","status":"publish","type":"post","link":"https:\/\/wiki.s12.at\/index.php\/2026\/05\/06\/27-runde-saison-2023-24-fc-red-bull-salzburg-gegen-sk-austria-klagenfurt\/","title":{"rendered":"24, FC Red Bull Salzburg gegen SK Austria Klagenfurt"},"content":{"rendered":"<div class=\"mw-parser-output\">\n<table class=\"toptextcells toccolours\">\n<tbody>\n<tr>\n<th colspan=\"2\" style=\"text-align: center; vertical-align: top; padding: 0.3em 0.8em; font-size: 125%; background-color: lightsteelblue;\">FC Red Bull Salzburg gegen SK Austria Klagenfurt, 4:2\n<\/th>\n<\/tr>\n<tr>\n<th style=\"text-align:left;\"><b>Spieltag<\/b>\n<\/th>\n<th style=\"text-align:left;\">Bundesliga-27.Runde\n<\/th>\n<\/tr>\n<tr>\n<th style=\"text-align:left;\"><b>Datum<\/b>\n<\/th>\n<th style=\"text-align:left;\">21 April 2024\n<\/th>\n<\/tr>\n<tr>\n<th style=\"text-align:left;\"><b>Anpfiff<\/b>\n<\/th>\n<th style=\"text-align:left;\">17 Uhr\n<\/th>\n<\/tr>\n<tr>\n<td colspan=\"2\" style=\"text-align:center;\" bgcolor=\"lightgray\"><b>Aufstellung<\/b>\n<\/td>\n<\/tr>\n<tr>\n<th style=\"text-align:left;\"><b>Tor<\/b>\n<\/th>\n<th><a href=\"\/Alexander_Schlager\" title=\"Alexander Schlager\">Alexander Schlager<\/a>\n<\/th>\n<\/tr>\n<tr>\n<th style=\"text-align:left;\"><b>Verteidigung<\/b>\n<\/th>\n<th><a href=\"\/Flavius_Daniliuc\" title=\"Flavius Daniliuc\">Flavius Daniliuc<\/a> &#8211; <a href=\"\/Oumar_Solet\" title=\"Oumar Solet\">Oumar Solet<\/a>  &#8211;<a href=\"\/Strahinja_Pavlovic\" title=\"Strahinja Pavlovic\">Strahinja Pavlovic<\/a>  &#8211;  <a href=\"\/Andreas_Ulmer\" title=\"Andreas Ulmer\">Andreas Ulmer<\/a>\n<\/th>\n<\/tr>\n<tr>\n<th style=\"text-align:left;\"><b>Mittelfeld<\/b>\n<\/th>\n<th><a href=\"\/Mamady_Diambou\" title=\"Mamady Diambou\">Mamady Diambou<\/a> &#8211; <a href=\"\/Amankwah_Forson\" title=\"Amankwah Forson\">Amankwah Forson<\/a>  &#8211;  <a href=\"\/Oscar_Gloukh\" title=\"Oscar Gloukh\">Oscar Gloukh<\/a>&#8211; <a href=\"\/Luka_Sucic\" title=\"Luka Sucic\">Luka Sucic<\/a>\n<\/th>\n<\/tr>\n<tr>\n<th style=\"text-align:left;\"><b>Sturm<\/b>\n<\/th>\n<th><a href=\"\/Roko_Simic\" title=\"Roko Simic\">Roko Simic<\/a> &#8211; <a href=\"\/Karim_Konate\" title=\"Karim Konate\">Karim Konate<\/a>\n<\/th>\n<\/tr>\n<tr>\n<td colspan=\"2\" style=\"text-align:center;\" bgcolor=\"lightgray\"><b>Wechsel<\/b>\n<\/td>\n<\/tr>\n<tr>\n<th style=\"text-align:left;\"><b>Wechsel<\/b>\n<\/th>\n<th style=\"text-align:left;\"><a href=\"\/Daouda_Guindo\" title=\"Daouda Guindo\">Daouda Guindo<\/a> f\u00fcr Ulmer (30.),<a href=\"\/Petar_Ratkov\" title=\"Petar Ratkov\">Petar Ratkov<\/a> f\u00fcr Simic (68.), <a href=\"\/Lucas_Gourna-Douath\" title=\"Lucas Gourna-Douath\">Lucas Gourna-Douath<\/a> f\u00fcr Forson (68.), <br \/> <a href=\"\/Dorgeles_Nene\" class=\"mw-redirect\" title=\"Dorgeles Nene\">Dorgeles Nene<\/a> f\u00fcr Konate (83.), <a href=\"\/Sekou_Koita\" title=\"Sekou Koita\">Sekou Koita<\/a> f\u00fcr Gloukh (83.)\n<\/th>\n<\/tr>\n<tr>\n<td colspan=\"2\" style=\"text-align:center;\" bgcolor=\"lightgray\"><b>Statistik<\/b>\n<\/td>\n<\/tr>\n<tr>\n<th style=\"text-align:left;\"><b>Endstand<\/b>\n<\/th>\n<th style=\"text-align:left;\">4:2 (4:1)\n<\/th>\n<\/tr>\n<tr>\n<th style=\"text-align:left;\"><b>Torsch\u00fctzen<\/b>\n<\/th>\n<th style=\"text-align:left;\">Sucic (5.), Gloukh (32.),  Konate (35., 44.); Irving  (31., E.), Besuschkow  (52.)\n<\/th>\n<\/tr>\n<tr>\n<th style=\"text-align:left;\"><b>Gelbe Karten<\/b>\n<\/th>\n<th style=\"text-align:left;\">Pavlovic (7.), Simic (40.), Diambou (74.);Jaritz  (71.), Arweiler  (85.), Mahrer (94.)\n<\/th>\n<\/tr>\n<tr>\n<th style=\"text-align:left;\"><b>Rote Karten<\/b>\n<\/th>\n<th style=\"text-align:left;\">\n<\/th>\n<\/tr>\n<tr>\n<th style=\"text-align:left;\"><b>Schiedsrichter<\/b>\n<\/th>\n<th style=\"text-align:left;\">Julian Weinberger\n<\/th>\n<\/tr>\n<tr>\n<th style=\"text-align:left;\"><b>Stadion<\/b>\n<\/th>\n<th style=\"text-align:left;\">EM Stadion Wals-Siezenheim, Salzburg\n<\/th>\n<\/tr>\n<tr>\n<th style=\"text-align:left;\"><b>Zuschauer<\/b>\n<\/th>\n<th style=\"text-align:left;\">9. 555\n<\/th>\n<\/tr>\n<\/tbody>\n<\/table>\n<h2><span class=\"mw-headline\" id=\"Spielbericht\">Spielbericht<\/span><a href=\"\/index.php?title=27._Runde,_Saison_2023\/24,_FC_Red_Bull_Salzburg_gegen_SK_Austria_Klagenfurt&amp;action=edit&amp;section=1\" title=\"Abschnitt bearbeiten: Spielbericht\">Bearbeiten<\/a><span class=\"mw-editsection-bracket\">]<\/span><\/span><\/h2>\n<p><a rel=\"nofollow\" class=\"external text\" href=\"https:\/\/www.redbullsalzburg.at\/de\/2023-2024\/spielplan\/bundesliga-runde-27-fc-red-bull-salzburg-vs-sk-austria-klagenfurt#spielbericht\">Spielbericht Vereinshomepage<\/a>\n<\/p>\n<h2><span class=\"mw-headline\" id=\"Stimmen_zum_Spiel\">Stimmen zum Spiel<\/span><a href=\"\/index.php?title=27._Runde,_Saison_2023\/24,_FC_Red_Bull_Salzburg_gegen_SK_Austria_Klagenfurt&amp;action=edit&amp;section=2\" title=\"Abschnitt bearbeiten: Stimmen zum Spiel\">Bearbeiten<\/a><span class=\"mw-editsection-bracket\">]<\/span><\/span><\/h2>\n<p><b>Ounur Cinel:<\/b> Die Trainingswoche war intensiv mit einer echt coolen Atmosph\u00e4re. Ich habe eine Mannschaft erlebt, die gemeinsam ein Ziel verfolgt, wo alle anpacken. Heute haben wir vieles von dem auch gesehen, was wir uns in den letzten f\u00fcnf Tagen vorgenommen hatten \u2013 vor allem die Sch\u00e4rfe nach vorne. Im Detail ist da aber noch Luft nach oben. Wir haben es in der eigenen Hand, dementsprechend sind wir heute mit den drei Punkten sehr gl\u00fccklich.\n<\/p>\n<p><b>Flavius Daniliuc:<\/b>  Sehr erleichternd. F\u00fcr uns war klar, dass wir heute drei Punkte zu Hause holen m\u00fcssen, damit wir wieder Tabellenf\u00fchrer sind \u2013 Ziel erreicht. Wir hatten eine Woche Zeit, um neue Automatismen einzustudieren, das hat Onur sehr gut gemacht. Ich glaube, man sieht es auch von der Art und Weise, wie wir spielen, dass es einen Impuls gegeben hat. Wir sind motiviert, jeder von uns hat dasselbe Ziel. Ich pers\u00f6nlich bin nat\u00fcrlich \u00fcber jede Spielminute sehr gl\u00fccklich. Wir m\u00fcssen jetzt am Mittwoch nachlegen und n\u00e4chsten Sonntag gibt\u2018s dann den Showdown daheim gegen Sturm, wo wir alles daran setzen werden, um dieses Duell f\u00fcr uns zu entscheiden.\n<\/p>\n<\/div>\n","protected":false},"excerpt":{"rendered":"<p>FC Red Bull Salzburg gegen SK Austria Klagenfurt, 4:2 Spieltag Bundesliga-27.Runde Datum 21 April 2024 Anpfiff 17 Uhr Aufstellung Tor Alexander Schlager Verteidigung Flavius Daniliuc &#8211; Oumar Solet &#8211;Strahinja Pavlovic &#8211; Andreas Ulmer Mittelfeld Mamady Diambou &#8211; Amankwah Forson &#8211; Oscar Gloukh&#8211; Luka Sucic Sturm Roko Simic &#8211; Karim Konate Wechsel Wechsel Daouda Guindo f\u00fcr [&hellip;]<\/p>\n","protected":false},"author":1,"featured_media":0,"comment_status":"open","ping_status":"open","sticky":false,"template":"","format":"standard","meta":{"footnotes":""},"categories":[1321],"tags":[],"class_list":["post-1677","post","type-post","status-publish","format-standard","hentry","category-27-runde-saison-2023"],"_links":{"self":[{"href":"https:\/\/wiki.s12.at\/index.php\/wp-json\/wp\/v2\/posts\/1677","targetHints":{"allow":["GET"]}}],"collection":[{"href":"https:\/\/wiki.s12.at\/index.php\/wp-json\/wp\/v2\/posts"}],"about":[{"href":"https:\/\/wiki.s12.at\/index.php\/wp-json\/wp\/v2\/types\/post"}],"author":[{"embeddable":true,"href":"https:\/\/wiki.s12.at\/index.php\/wp-json\/wp\/v2\/users\/1"}],"replies":[{"embeddable":true,"href":"https:\/\/wiki.s12.at\/index.php\/wp-json\/wp\/v2\/comments?post=1677"}],"version-history":[{"count":0,"href":"https:\/\/wiki.s12.at\/index.php\/wp-json\/wp\/v2\/posts\/1677\/revisions"}],"wp:attachment":[{"href":"https:\/\/wiki.s12.at\/index.php\/wp-json\/wp\/v2\/media?parent=1677"}],"wp:term":[{"taxonomy":"category","embeddable":true,"href":"https:\/\/wiki.s12.at\/index.php\/wp-json\/wp\/v2\/categories?post=1677"},{"taxonomy":"post_tag","embeddable":true,"href":"https:\/\/wiki.s12.at\/index.php\/wp-json\/wp\/v2\/tags?post=1677"}],"curies":[{"name":"wp","href":"https:\/\/api.w.org\/{rel}","templated":true}]}}