{"id":1636,"date":"2026-05-06T13:57:59","date_gmt":"2026-05-06T11:57:59","guid":{"rendered":"https:\/\/wiki.s12.at\/index.php\/2026\/05\/06\/27-runde-regionalliga-west-saison-2012-13-fc-liefering-gegen-sv-wals-gruenau\/"},"modified":"2026-05-06T13:57:59","modified_gmt":"2026-05-06T11:57:59","slug":"27-runde-regionalliga-west-saison-2012-13-fc-liefering-gegen-sv-wals-gruenau","status":"publish","type":"post","link":"https:\/\/wiki.s12.at\/index.php\/2026\/05\/06\/27-runde-regionalliga-west-saison-2012-13-fc-liefering-gegen-sv-wals-gruenau\/","title":{"rendered":"13, FC Liefering gegen SV Wals Gr\u00fcnau"},"content":{"rendered":"<div class=\"mw-parser-output\">\n<p><b>Regionalliga West &#8211; 27. Spieltag, 24. Mai 2013, 19 Uhr<\/b><br \/>\n\n<\/p>\n<table class=\"wikitable\">\n<caption><b><big>FC Liefering gegen SV Wals-Gr\u00fcnau, 3:0 <\/big><\/b><br \/>\n<\/caption>\n<tbody>\n<tr>\n<td>Aufstellung:<\/td>\n<td><a href=\"\/Domenik_Schierl\" title=\"Domenik Schierl\">Domenik Schierl<\/a> <a href=\"\/Stefan_Lainer\" title=\"Stefan Lainer\">Stefan Lainer<\/a> <a href=\"\/Rene_Aufhauser\" class=\"mw-redirect\" title=\"Rene Aufhauser\">Rene Aufhauser<\/a> <a href=\"\/Sandro_Djuric\" title=\"Sandro Djuric\">Sandro Djuric<\/a> <a href=\"\/Stefan_Savic\" title=\"Stefan Savic\">Stefan Savic<\/a> <a href=\"\/Robert_V%C3%B6lkl\" title=\"Robert V\u00f6lkl\">Robert V\u00f6lkl<\/a> <a href=\"\/Felix_Adjei\" title=\"Felix Adjei\">Felix Adjei<\/a> <a href=\"\/Andreas_Schrott\" title=\"Andreas Schrott\">Andreas Schrott<\/a> <a href=\"\/Wolfgang_Mair\" title=\"Wolfgang Mair\">Wolfgang Mair<\/a> <a href=\"\/Andre_Ramalho\" class=\"mw-redirect\" title=\"Andre Ramalho\">Andre Ramalho<\/a> <a href=\"\/Andreas_Bammer\" title=\"Andreas Bammer\">Andreas Bammer<\/a>\n<\/td>\n<\/tr>\n<tr>\n<td>Wechsel:<\/td>\n<td><a href=\"\/Alexander_Aschauer\" title=\"Alexander Aschauer\">Alexander Aschauer<\/a> f\u00fcr Bammer (65.), <a href=\"\/Mario_Konrad\" title=\"Mario Konrad\">Mario  Konrad<\/a> f\u00fcr V\u00f6lkl (65.) <a href=\"\/Stefan_Schwendinger\" title=\"Stefan Schwendinger\">Stefan Schwendinger<\/a> f\u00fcr Mair (81.)\n<\/td>\n<\/tr>\n<tr>\n<td>Endstand:<\/td>\n<td>3:0 (1:0)\n<\/td>\n<\/tr>\n<tr>\n<td>Torsch\u00fctzen:<\/td>\n<td>Savic (27.), Konrad (67.), Mair (80.)\n<\/td>\n<\/tr>\n<tr>\n<td>Gelbe Karten:<\/td>\n<td>\n<\/td>\n<\/tr>\n<tr>\n<td>Gelb-rote Karten:<\/td>\n<td>\n<\/td>\n<\/tr>\n<tr>\n<td>Rote Karten:<\/td>\n<td>\n<\/td>\n<\/tr>\n<tr>\n<td>Schiedsrichter:<\/td>\n<td>Christian Struz\n<\/td>\n<\/tr>\n<tr>\n<td>Stadion:<\/td>\n<td>EM-Stadion Wals-Siezenheim\n<\/td>\n<\/tr>\n<tr>\n<td>Zuschauer:<\/td>\n<td>\n<\/td>\n<\/tr>\n<\/tbody>\n<\/table>\n<p>Mit dem Sieg fixierte der FC Liefering den Meistertitel in der Regionalliga West.\n<\/p>\n<h2><span class=\"mw-headline\" id=\"Weblinks\">Weblinks<\/span><a href=\"\/index.php?title=27.Runde,_Regionalliga_West,_Saison_2012\/13,_FC_Liefering_gegen_SV_Wals_Gr%C3%BCnau&amp;action=edit&amp;section=1\" title=\"Abschnitt bearbeiten: Weblinks\">Bearbeiten<\/a><span class=\"mw-editsection-bracket\">]<\/span><\/span><\/h2>\n<p>&lt;youtube&gt;3axXNaza8tQ&lt;\/youtube&gt;\n<\/p>\n<ul>\n<li><a rel=\"nofollow\" class=\"external text\" href=\"http:\/\/www.salzburg.com\/nachrichten\/salzburg\/sport\/fussball\/sv-austria-salzburg\/sn\/artikel\/liefering-sichert-sich-mit-heimsieg-den-meistertitel-60337\/\">Spielbericht SN<\/a><\/li>\n<li><a rel=\"nofollow\" class=\"external text\" href=\"http:\/\/redbulls.com\/soccer\/salzburg\/de\/juniors-news-detail_6638.html\">Spielbericht Vereinshomepage<\/a><\/li>\n<\/ul>\n<h2><span class=\"mw-headline\" id=\"Stimmen_zum_Spiel\">Stimmen zum Spiel<\/span><a href=\"\/index.php?title=27.Runde,_Regionalliga_West,_Saison_2012\/13,_FC_Liefering_gegen_SV_Wals_Gr%C3%BCnau&amp;action=edit&amp;section=2\" title=\"Abschnitt bearbeiten: Stimmen zum Spiel\">Bearbeiten<\/a><span class=\"mw-editsection-bracket\">]<\/span><\/span><\/h2>\n<ul>\n<li><b>Peter Zeidler<\/b> (vor dem Spiel): \u201eIch bin sehr froh, dass Ren\u00e9 zur\u00fcck ist und uns wieder voll zur Verf\u00fcgung steht. Ich glaube, \u00fcber seine Wichtigkeit innerhalb der Mannschaft muss man keine weiteren Worte verlieren! Wir wollen den Titel mit einem \u00fcberzeugenden Heimsieg am Freitag gegen Wals-Gr\u00fcnau fixieren, sodass wir unser Zwischenziel erreicht haben. Der Fokus liegt dann ganz klar auf der Vorbereitung auf die beiden Relegationsspiele! Wir m\u00fcssen unsere Leistungskurve ideal timen und an beiden Spieltagen in Topform agieren.\u201c<\/li>\n<\/ul>\n<ul>\n<li><b>Peter Zeidler<\/b>: \u201eEs ist eine kleine Befreiung f\u00fcr uns, wie wir das Spiel absolviert und wie konzentriert wir agiert haben. Jetzt gilt es, die letzten paar Prozente f\u00fcr die Relegation heraus zu kitzeln und dort als verschworene Mannschaft aufzutreten. Egal gegen welches Team es dort geht \u2013 es ist eines der Top20-Teams in \u00d6sterreich und ein gro\u00dfes Kaliber. Wir freuen uns auf die Aufgabe!\u201c<\/li>\n<\/ul>\n<ul>\n<li><b>Mario Konrad<\/b>: \u201eEs ist ein tolles Gef\u00fchl wenn man Meister wird. Das erste Ziel haben wir erreicht. Jetzt gilt der Fokus der Relegation und unserem obersten Ziel. Pasching oder der LASK sind nun ein Gradmesser, wo jeder Spieler sieht wo er steht, und wie er sich weiterentwickelt hat. Wir haben heute verdient gewonnen, das Spiel 90 Minuten in der Hand gehabt.\u201c<\/li>\n<\/ul>\n<\/div>\n","protected":false},"excerpt":{"rendered":"<p>Regionalliga West &#8211; 27. Spieltag, 24. Mai 2013, 19 Uhr FC Liefering gegen SV Wals-Gr\u00fcnau, 3:0 Aufstellung: Domenik Schierl Stefan Lainer Rene Aufhauser Sandro Djuric Stefan Savic Robert V\u00f6lkl Felix Adjei Andreas Schrott Wolfgang Mair Andre Ramalho Andreas Bammer Wechsel: Alexander Aschauer f\u00fcr Bammer (65.), Mario Konrad f\u00fcr V\u00f6lkl (65.) Stefan Schwendinger f\u00fcr Mair (81.) [&hellip;]<\/p>\n","protected":false},"author":1,"featured_media":0,"comment_status":"open","ping_status":"open","sticky":false,"template":"","format":"standard","meta":{"footnotes":""},"categories":[1284],"tags":[],"class_list":["post-1636","post","type-post","status-publish","format-standard","hentry","category-27-runde-regionalliga-west-saison-2012"],"_links":{"self":[{"href":"https:\/\/wiki.s12.at\/index.php\/wp-json\/wp\/v2\/posts\/1636","targetHints":{"allow":["GET"]}}],"collection":[{"href":"https:\/\/wiki.s12.at\/index.php\/wp-json\/wp\/v2\/posts"}],"about":[{"href":"https:\/\/wiki.s12.at\/index.php\/wp-json\/wp\/v2\/types\/post"}],"author":[{"embeddable":true,"href":"https:\/\/wiki.s12.at\/index.php\/wp-json\/wp\/v2\/users\/1"}],"replies":[{"embeddable":true,"href":"https:\/\/wiki.s12.at\/index.php\/wp-json\/wp\/v2\/comments?post=1636"}],"version-history":[{"count":0,"href":"https:\/\/wiki.s12.at\/index.php\/wp-json\/wp\/v2\/posts\/1636\/revisions"}],"wp:attachment":[{"href":"https:\/\/wiki.s12.at\/index.php\/wp-json\/wp\/v2\/media?parent=1636"}],"wp:term":[{"taxonomy":"category","embeddable":true,"href":"https:\/\/wiki.s12.at\/index.php\/wp-json\/wp\/v2\/categories?post=1636"},{"taxonomy":"post_tag","embeddable":true,"href":"https:\/\/wiki.s12.at\/index.php\/wp-json\/wp\/v2\/tags?post=1636"}],"curies":[{"name":"wp","href":"https:\/\/api.w.org\/{rel}","templated":true}]}}