{"id":1635,"date":"2026-05-06T13:57:52","date_gmt":"2026-05-06T11:57:52","guid":{"rendered":"https:\/\/wiki.s12.at\/index.php\/2026\/05\/06\/26-runde-bundesliga-saison-2001-02-austria-salzburg-sw-bregenz\/"},"modified":"2026-05-06T13:57:52","modified_gmt":"2026-05-06T11:57:52","slug":"26-runde-bundesliga-saison-2001-02-austria-salzburg-sw-bregenz","status":"publish","type":"post","link":"https:\/\/wiki.s12.at\/index.php\/2026\/05\/06\/26-runde-bundesliga-saison-2001-02-austria-salzburg-sw-bregenz\/","title":{"rendered":"02, Austria Salzburg &#8211; SW Bregenz"},"content":{"rendered":"<div class=\"mw-parser-output\">\n<h3><span class=\"mw-headline\" id=\"Fakten\">Fakten<\/span><a href=\"\/index.php?title=26._Runde:_Bundesliga,_Saison_2001\/02,_Austria_Salzburg_-_SW_Bregenz&amp;action=edit&amp;section=1\" title=\"Abschnitt bearbeiten: Fakten\">Bearbeiten<\/a><span class=\"mw-editsection-bracket\">]<\/span><\/span><\/h3>\n<p><b>Bundesliga &#8211; 26. Spieltag: 16. M\u00e4rz 2002, 15.30 Uhr<\/b><\/p>\n<p><center><\/center><\/p>\n<p>\n<\/p>\n<table class=\"wikitable\">\n<caption><b> <big> SV Austria Salzburg gegen Schwarz-Wei\u00df Bregenz, 2:1<\/big><\/b><br \/>\n<\/caption>\n<tbody>\n<tr>\n<td>Aufstellung:<\/td>\n<td><a href=\"\/Heinz_Arzberger\" title=\"Heinz Arzberger\">Heinz Arzberger<\/a> <a href=\"\/Christoph_Jank\" title=\"Christoph Jank\">Christoph Jank<\/a> <a href=\"\/Roman_Szewczyk\" title=\"Roman Szewczyk\">Roman Szewczyk<\/a> (46. <a href=\"\/Heimo_Pfeifenberger\" title=\"Heimo Pfeifenberger\">Heimo Pfeifenberger<\/a>) <a href=\"\/Julio_Suazo\" class=\"mw-redirect\" title=\"Julio Suazo\">Julio Suazo<\/a> <a href=\"\/Richard_Kitzbichler\" title=\"Richard Kitzbichler\">Richard Kitzbichler<\/a> <a href=\"\/Thomas_Hickersberger\" title=\"Thomas Hickersberger\">Thomas Hickersberger<\/a> <a href=\"\/J%C3%BCrgen_Friedl\" title=\"J\u00fcrgen Friedl\">J\u00fcrgen Friedl<\/a> (76. <a href=\"\/J%C3%BCrgen_Pichorner\" title=\"J\u00fcrgen Pichorner\">J\u00fcrgen Pichorner<\/a>) <a href=\"\/Gabor_Bukran\" title=\"Gabor Bukran\">Gabor Bukran<\/a> (46. <a href=\"\/Ewald_Brenner\" title=\"Ewald Brenner\">Ewald Brenner<\/a>) <a href=\"\/Heiko_Laessig\" title=\"Heiko Laessig\">Heiko Laessig<\/a>  <a href=\"\/Thomas_Eder\" title=\"Thomas Eder\">Thomas Eder<\/a> <a href=\"\/Goran_Tomic\" title=\"Goran Tomic\">Goran Tomic<\/a>\n<\/td>\n<\/tr>\n<tr>\n<td>Endstand:<\/td>\n<td>2:1 (0:0)\n<\/td>\n<\/tr>\n<tr>\n<td>Torsch\u00fctzen:<\/td>\n<td>Tomic (65.), Kitzbichler (82.); Lawaree (56.)\n<\/td>\n<\/tr>\n<tr>\n<td>Gelbe Karten:<\/td>\n<td>Eder (4.), J. Suazo (33.), Laessig (64.); Th\u00fcler (26.), Golemac (86.)\n<\/td>\n<\/tr>\n<tr>\n<td>Gelb-rote Karten:<\/td>\n<td>\n<\/td>\n<\/tr>\n<tr>\n<td>Rote Karten:<\/td>\n<td>\n<\/td>\n<\/tr>\n<tr>\n<td>Schiedsrichter:<\/td>\n<td>Wolfgang Sowa\n<\/td>\n<\/tr>\n<tr>\n<td>Stadion:<\/td>\n<td>Lehener Stadion, Salzburg\n<\/td>\n<\/tr>\n<tr>\n<td>Zuschauer:<\/td>\n<td>3 200\n<\/td>\n<\/tr>\n<\/tbody>\n<\/table>\n<\/div>\n","protected":false},"excerpt":{"rendered":"<p>FaktenBearbeiten] Bundesliga &#8211; 26. Spieltag: 16. M\u00e4rz 2002, 15.30 Uhr SV Austria Salzburg gegen Schwarz-Wei\u00df Bregenz, 2:1 Aufstellung: Heinz Arzberger Christoph Jank Roman Szewczyk (46. Heimo Pfeifenberger) Julio Suazo Richard Kitzbichler Thomas Hickersberger J\u00fcrgen Friedl (76. J\u00fcrgen Pichorner) Gabor Bukran (46. Ewald Brenner) Heiko Laessig Thomas Eder Goran Tomic Endstand: 2:1 (0:0) Torsch\u00fctzen: Tomic (65.), [&hellip;]<\/p>\n","protected":false},"author":1,"featured_media":0,"comment_status":"open","ping_status":"open","sticky":false,"template":"","format":"standard","meta":{"footnotes":""},"categories":[1283],"tags":[],"class_list":["post-1635","post","type-post","status-publish","format-standard","hentry","category-26-runde-bundesliga-saison-2001"],"_links":{"self":[{"href":"https:\/\/wiki.s12.at\/index.php\/wp-json\/wp\/v2\/posts\/1635","targetHints":{"allow":["GET"]}}],"collection":[{"href":"https:\/\/wiki.s12.at\/index.php\/wp-json\/wp\/v2\/posts"}],"about":[{"href":"https:\/\/wiki.s12.at\/index.php\/wp-json\/wp\/v2\/types\/post"}],"author":[{"embeddable":true,"href":"https:\/\/wiki.s12.at\/index.php\/wp-json\/wp\/v2\/users\/1"}],"replies":[{"embeddable":true,"href":"https:\/\/wiki.s12.at\/index.php\/wp-json\/wp\/v2\/comments?post=1635"}],"version-history":[{"count":0,"href":"https:\/\/wiki.s12.at\/index.php\/wp-json\/wp\/v2\/posts\/1635\/revisions"}],"wp:attachment":[{"href":"https:\/\/wiki.s12.at\/index.php\/wp-json\/wp\/v2\/media?parent=1635"}],"wp:term":[{"taxonomy":"category","embeddable":true,"href":"https:\/\/wiki.s12.at\/index.php\/wp-json\/wp\/v2\/categories?post=1635"},{"taxonomy":"post_tag","embeddable":true,"href":"https:\/\/wiki.s12.at\/index.php\/wp-json\/wp\/v2\/tags?post=1635"}],"curies":[{"name":"wp","href":"https:\/\/api.w.org\/{rel}","templated":true}]}}