{"id":1632,"date":"2026-05-06T13:57:01","date_gmt":"2026-05-06T11:57:01","guid":{"rendered":"https:\/\/wiki.s12.at\/index.php\/2026\/05\/06\/26-runde-saison-2025-26-skn-st-poelten-gegen-fc-liefering\/"},"modified":"2026-05-06T13:57:01","modified_gmt":"2026-05-06T11:57:01","slug":"26-runde-saison-2025-26-skn-st-poelten-gegen-fc-liefering","status":"publish","type":"post","link":"https:\/\/wiki.s12.at\/index.php\/2026\/05\/06\/26-runde-saison-2025-26-skn-st-poelten-gegen-fc-liefering\/","title":{"rendered":"26, SKN St. P\u00f6lten gegen FC Liefering"},"content":{"rendered":"<div class=\"mw-parser-output\">\n<table class=\"toptextcells toccolours\">\n<tbody>\n<tr>\n<th colspan=\"2\" style=\"text-align: center; vertical-align: top; padding: 0.3em 0.8em; font-size: 125%; background-color: lightsteelblue;\">SKN St. P\u00f6lten  gegen FC Liefering, 0:0\n<\/th>\n<\/tr>\n<tr>\n<th style=\"text-align:left;\"><b>Spieltag<\/b>\n<\/th>\n<th style=\"text-align:left;\">2. Liga &#8211; 26. Runde\n<\/th>\n<\/tr>\n<tr>\n<th style=\"text-align:left;\"><b>Datum<\/b>\n<\/th>\n<th style=\"text-align:left;\">19. April 2026\n<\/th>\n<\/tr>\n<tr>\n<th style=\"text-align:left;\"><b>Anpfiff<\/b>\n<\/th>\n<th style=\"text-align:left;\">18:00 Uhr\n<\/th>\n<\/tr>\n<tr>\n<td colspan=\"2\" style=\"text-align:center;\" bgcolor=\"lightgray\"><b>Aufstellung<\/b>\n<\/td>\n<\/tr>\n<tr>\n<th style=\"text-align:left;\"><b>Tor<\/b>\n<\/th>\n<th><a href=\"\/Christian_Zawieschitzky\" title=\"Christian Zawieschitzky\">Christian Zawieschitzky<\/a>\n<\/th>\n<\/tr>\n<tr>\n<th style=\"text-align:left;\"><b>Verteidigung<\/b>\n<\/th>\n<th><a href=\"\/Tim_Trummer\" title=\"Tim Trummer\">Tim Trummer<\/a> &#8211;   <a href=\"\/Valentin_Zabransky\" title=\"Valentin Zabransky\">Valentin Zabransky<\/a> &#8211;   <a href=\"\/Jakob_Brandtner\" title=\"Jakob Brandtner\">Jakob Brandtner<\/a> &#8211; <a href=\"\/Jakob_Zangerl\" title=\"Jakob Zangerl\">Jakob Zangerl<\/a>\n<\/th>\n<\/tr>\n<tr>\n<th style=\"text-align:left;\"><b>Mittelfeld<\/b>\n<\/th>\n<th><a href=\"\/Valentin_Sulzbacher\" title=\"Valentin Sulzbacher\">Valentin Sulzbacher<\/a>\u2013  <a href=\"\/Johannes_Moser\" title=\"Johannes Moser\">Johannes Moser<\/a> &#8211;  <a href=\"\/Benedict_Scharner\" title=\"Benedict Scharner\">Benedict Scharner<\/a> &#8211;<a href=\"\/Riquelme_Reis\" title=\"Riquelme Reis\">Riquelme Reis<\/a>\n<\/th>\n<\/tr>\n<tr>\n<th style=\"text-align:left;\"><b>Sturm<\/b>\n<\/th>\n<th><a href=\"\/Phillip_Verhounig\" title=\"Phillip Verhounig\">Phillip Verhounig<\/a> &#8211;  <a href=\"\/Aboubacar_Camara\" class=\"mw-redirect\" title=\"Aboubacar Camara\">Aboubacar Camara<\/a>\n<\/th>\n<\/tr>\n<tr>\n<td colspan=\"2\" style=\"text-align:center;\" bgcolor=\"lightgray\"><b>Wechsel<\/b>\n<\/td>\n<\/tr>\n<tr>\n<th style=\"text-align:left;\"><b>Wechsel<\/b>\n<\/th>\n<th style=\"text-align:left;\"><a href=\"\/Mayker_Palacios\" class=\"mw-redirect\" title=\"Mayker Palacios\">Mayker Palacios<\/a> f\u00fcr Moser (46.), <a href=\"\/Oghenetejiri_Adejenughure\" title=\"Oghenetejiri Adejenughure\">Oghenetejiri Adejenughure<\/a> f\u00fcr Scharner (65.), <a href=\"\/Alexander_Murillo\" title=\"Alexander Murillo\">Alexander Murillo<\/a>  <br \/>f\u00fcr Verhounig (77 .), <a href=\"\/Julian_Hussauf\" title=\"Julian Hussauf\">Julian Hussauf <\/a> f\u00fcr Trummer(86.)\n<\/th>\n<\/tr>\n<tr>\n<td colspan=\"2\" style=\"text-align:center;\" bgcolor=\"lightgray\"><b>Statistik<\/b>\n<\/td>\n<\/tr>\n<tr>\n<th style=\"text-align:left;\"><b>Endstand<\/b>\n<\/th>\n<th style=\"text-align:left;\">0:0\n<\/th>\n<\/tr>\n<tr>\n<th style=\"text-align:left;\"><b>Torsch\u00fctzen<\/b>\n<\/th>\n<th style=\"text-align:left;\">\n<\/th>\n<\/tr>\n<tr>\n<th style=\"text-align:left;\"><b>Gelbe Karten<\/b>\n<\/th>\n<th style=\"text-align:left;\">Stendera (68.), Carlson (75.); Verhounig (29.), Palacios (58.), Camara (79.), Moswitzer (92.)\n<\/th>\n<\/tr>\n<tr>\n<th style=\"text-align:left;\"><b>Rote Karten<\/b>\n<\/th>\n<th style=\"text-align:left;\">\n<\/th>\n<\/tr>\n<tr>\n<th style=\"text-align:left;\"><b>Schiedsrichter<\/b>\n<\/th>\n<th style=\"text-align:left;\">Matthias G\u00e4chter\n<\/th>\n<\/tr>\n<tr>\n<th style=\"text-align:left;\"><b>Stadion<\/b>\n<\/th>\n<th style=\"text-align:left;\">NV Arena, St. P\u00f6lten\n<\/th>\n<\/tr>\n<tr>\n<th style=\"text-align:left;\"><b>Zuschauer<\/b>\n<\/th>\n<th style=\"text-align:left;\">1.450\n<\/th>\n<\/tr>\n<\/tbody>\n<\/table>\n<h2><span class=\"mw-headline\" id=\"Spielbericht\">Spielbericht<\/span><a href=\"\/index.php?title=26._Runde,_Saison_2025\/26,_SKN_St._P%C3%B6lten_gegen_FC_Liefering&amp;action=edit&amp;section=1\" title=\"Abschnitt bearbeiten: Spielbericht\">Bearbeiten<\/a><span class=\"mw-editsection-bracket\">]<\/span><\/span><\/h2>\n<p><a rel=\"nofollow\" class=\"external text\" href=\"https:\/\/www.fc-liefering.at\/de\/2025-2026\/spielplan\/2-liga-runde-26-skn-st-poelten-vs-fc-liefering#spielbericht\">Spielbericht Vereinshomepage<\/a>\n<\/p>\n<h2><span class=\"mw-headline\" id=\"Stimmen_zum_Spiel\">Stimmen zum Spiel<\/span><a href=\"\/index.php?title=26._Runde,_Saison_2025\/26,_SKN_St._P%C3%B6lten_gegen_FC_Liefering&amp;action=edit&amp;section=2\" title=\"Abschnitt bearbeiten: Stimmen zum Spiel\">Bearbeiten<\/a><span class=\"mw-editsection-bracket\">]<\/span><\/span><\/h2>\n<p><b>Danny Galm:<\/b>  Ich bin zufrieden, auch damit, wie intensiv wir unterwegs waren. Wir haben die fu\u00dfballerisch beste Mannschaft phasenweise echt gut bespielt. Nat\u00fcrlich mussten wir auch Chancen zulassen \u2013 bei dem Lattenschuss hatten wir Gl\u00fcck \u2013, ansonsten haben wir es wirklich sehr gut verteidigt. Und dann h\u00e4tte ich mir gew\u00fcnscht, weil ich das Gef\u00fchl hatte, dass St. P\u00f6lten am Taumeln war, dass wir den Lucky Punch setzen. Fehler sind menschlich, leider hat der Schiedsrichter heute einen gemacht. Am Ende m\u00fcssen wir uns mit dieser Entscheidung aber nicht lange aufhalten, weil wir vorher schon Chancen hatten. Wir haben ein gutes Spiel gemacht, ich will aber, dass wir in Zukunft zwei, drei Tore aus unseren Gelegenheiten machen und das Spiel schon vorzeitig entscheiden.\n<\/p>\n<\/div>\n","protected":false},"excerpt":{"rendered":"<p>SKN St. P\u00f6lten gegen FC Liefering, 0:0 Spieltag 2. Liga &#8211; 26. Runde Datum 19. April 2026 Anpfiff 18:00 Uhr Aufstellung Tor Christian Zawieschitzky Verteidigung Tim Trummer &#8211; Valentin Zabransky &#8211; Jakob Brandtner &#8211; Jakob Zangerl Mittelfeld Valentin Sulzbacher\u2013 Johannes Moser &#8211; Benedict Scharner &#8211;Riquelme Reis Sturm Phillip Verhounig &#8211; Aboubacar Camara Wechsel Wechsel Mayker [&hellip;]<\/p>\n","protected":false},"author":1,"featured_media":0,"comment_status":"open","ping_status":"open","sticky":false,"template":"","format":"standard","meta":{"footnotes":""},"categories":[1229],"tags":[],"class_list":["post-1632","post","type-post","status-publish","format-standard","hentry","category-26-runde-saison-2025"],"_links":{"self":[{"href":"https:\/\/wiki.s12.at\/index.php\/wp-json\/wp\/v2\/posts\/1632","targetHints":{"allow":["GET"]}}],"collection":[{"href":"https:\/\/wiki.s12.at\/index.php\/wp-json\/wp\/v2\/posts"}],"about":[{"href":"https:\/\/wiki.s12.at\/index.php\/wp-json\/wp\/v2\/types\/post"}],"author":[{"embeddable":true,"href":"https:\/\/wiki.s12.at\/index.php\/wp-json\/wp\/v2\/users\/1"}],"replies":[{"embeddable":true,"href":"https:\/\/wiki.s12.at\/index.php\/wp-json\/wp\/v2\/comments?post=1632"}],"version-history":[{"count":0,"href":"https:\/\/wiki.s12.at\/index.php\/wp-json\/wp\/v2\/posts\/1632\/revisions"}],"wp:attachment":[{"href":"https:\/\/wiki.s12.at\/index.php\/wp-json\/wp\/v2\/media?parent=1632"}],"wp:term":[{"taxonomy":"category","embeddable":true,"href":"https:\/\/wiki.s12.at\/index.php\/wp-json\/wp\/v2\/categories?post=1632"},{"taxonomy":"post_tag","embeddable":true,"href":"https:\/\/wiki.s12.at\/index.php\/wp-json\/wp\/v2\/tags?post=1632"}],"curies":[{"name":"wp","href":"https:\/\/api.w.org\/{rel}","templated":true}]}}