{"id":1624,"date":"2026-05-06T13:56:57","date_gmt":"2026-05-06T11:56:57","guid":{"rendered":"https:\/\/wiki.s12.at\/index.php\/2026\/05\/06\/26-runde-saison-2020-21-wsg-tirol-gegen-fc-red-bull-salzburg\/"},"modified":"2026-05-06T13:56:57","modified_gmt":"2026-05-06T11:56:57","slug":"26-runde-saison-2020-21-wsg-tirol-gegen-fc-red-bull-salzburg","status":"publish","type":"post","link":"https:\/\/wiki.s12.at\/index.php\/2026\/05\/06\/26-runde-saison-2020-21-wsg-tirol-gegen-fc-red-bull-salzburg\/","title":{"rendered":"21, WSG Tirol gegen FC Red Bull Salzburg"},"content":{"rendered":"<div class=\"mw-parser-output\">\n<h2><span class=\"mw-headline\" id=\"Fakten\">Fakten<\/span><a href=\"\/index.php?title=26._Runde,_Saison_2020\/21,_WSG_Tirol_gegen_FC_Red_Bull_Salzburg&amp;action=edit&amp;section=1\" title=\"Abschnitt bearbeiten: Fakten\">Bearbeiten<\/a><span class=\"mw-editsection-bracket\">]<\/span><\/span><\/h2>\n<table class=\"toptextcells toccolours\">\n<tbody>\n<tr>\n<th colspan=\"2\" style=\"text-align: center; vertical-align: top; padding: 0.3em 0.8em; font-size: 125%; background-color: lightsteelblue;\">WSG Tirol gegen FC Red Bull Salzburg, 3:2\n<\/th>\n<\/tr>\n<tr>\n<th style=\"text-align:left;\"><b>Spieltag<\/b>\n<\/th>\n<th style=\"text-align:left;\">Bundesliga &#8211; 26. Runde\n<\/th>\n<\/tr>\n<tr>\n<th style=\"text-align:left;\"><b>Datum<\/b>\n<\/th>\n<th style=\"text-align:left;\">21. April 2021\n<\/th>\n<\/tr>\n<tr>\n<th style=\"text-align:left;\"><b>Anpfiff<\/b>\n<\/th>\n<th style=\"text-align:left;\">18.30 Uhr\n<\/th>\n<\/tr>\n<tr>\n<td colspan=\"2\" style=\"text-align:center;\" bgcolor=\"lightgray\"><b>Aufstellung<\/b>\n<\/td>\n<\/tr>\n<tr>\n<th style=\"text-align:left;\"><b>Tor<\/b>\n<\/th>\n<th><a href=\"\/Cican_Stankovic\" title=\"Cican Stankovic\">Cican Stankovic<\/a>\n<\/th>\n<\/tr>\n<tr>\n<th style=\"text-align:left;\"><b>Verteidigung<\/b>\n<\/th>\n<th><a href=\"\/Rasmus_Kristensen\" title=\"Rasmus Kristensen\">Rasmus Kristensen<\/a> &#8211; <a href=\"\/Andre_Ramalho\" class=\"mw-redirect\" title=\"Andre Ramalho\">Andre Ramalho<\/a> &#8211; <a href=\"\/Bernardo\" title=\"Bernardo\">Bernardo<\/a> &#8211; <a href=\"\/Andreas_Ulmer\" title=\"Andreas Ulmer\">Andreas Ulmer<\/a>\n<\/th>\n<\/tr>\n<tr>\n<th style=\"text-align:left;\"><b>Mittelfeld<\/b>\n<\/th>\n<th><a href=\"\/Antoine_Bernede\" title=\"Antoine Bernede\">Antoine Bernede<\/a> &#8211; <a href=\"\/Enock_Mwepu\" title=\"Enock Mwepu\">Enock Mwepu<\/a> &#8211; <a href=\"\/Nicolas_Seiwald\" title=\"Nicolas Seiwald\">Nicolas Seiwald<\/a> &#8211; <a href=\"\/Noah_Okafor\" title=\"Noah Okafor\">Noah Okafor<\/a>\n<\/th>\n<\/tr>\n<tr>\n<th style=\"text-align:left;\"><b>Sturm<\/b>\n<\/th>\n<th><a href=\"\/Karim_Adeyemi\" title=\"Karim Adeyemi\">Karim Adeyemi<\/a> &#8211; <a href=\"\/Mergim_Berisha\" title=\"Mergim Berisha\">Mergim Berisha<\/a>\n<\/th>\n<\/tr>\n<tr>\n<td colspan=\"2\" style=\"text-align:center;\" bgcolor=\"lightgray\"><b>Wechsel<\/b>\n<\/td>\n<\/tr>\n<tr>\n<th style=\"text-align:left;\"><b>Wechsel<\/b>\n<\/th>\n<th style=\"text-align:left;\"><a href=\"\/Patson_Daka\" title=\"Patson Daka\">Patson Daka<\/a> f\u00fcr Berisha (46.), <a href=\"\/Brenden_Aaronson\" title=\"Brenden Aaronson\">Brenden Aaronson<\/a> f\u00fcr Okafor (46.), <a href=\"\/Zlatko_Junuzovic\" title=\"Zlatko Junuzovic\">Zlatko Junuzovic<\/a> f\u00fcr Bernede (46.),<br \/> <a href=\"\/Luka_Sucic\" title=\"Luka Sucic\">Luka Sucic<\/a> f\u00fcr Adeyemi (80.)\n<\/th>\n<\/tr>\n<tr>\n<td colspan=\"2\" style=\"text-align:center;\" bgcolor=\"lightgray\"><b>Statistik<\/b>\n<\/td>\n<\/tr>\n<tr>\n<th style=\"text-align:left;\"><b>Endstand<\/b>\n<\/th>\n<th style=\"text-align:left;\">3:2 (1:1)\n<\/th>\n<\/tr>\n<tr>\n<th style=\"text-align:left;\"><b>Torsch\u00fctzen<\/b>\n<\/th>\n<th style=\"text-align:left;\">Baden Frederiksen (29., 76.), Smith (89.); Mwepu (12.), Aaronson (58.)\n<\/th>\n<\/tr>\n<tr>\n<th style=\"text-align:left;\"><b>Gelbe Karten<\/b>\n<\/th>\n<th style=\"text-align:left;\">Pranter (32.), Gugganig (71.);Bernardo (19.), Mwepu (66.)\n<\/th>\n<\/tr>\n<tr>\n<th style=\"text-align:left;\"><b>Rote Karten<\/b>\n<\/th>\n<th style=\"text-align:left;\">\n<\/th>\n<\/tr>\n<tr>\n<th style=\"text-align:left;\"><b>Schiedsrichter<\/b>\n<\/th>\n<th style=\"text-align:left;\">Stefan Ebner\n<\/th>\n<\/tr>\n<tr>\n<th style=\"text-align:left;\"><b>Stadion<\/b>\n<\/th>\n<th style=\"text-align:left;\">Tivoli, Innsbruck\n<\/th>\n<\/tr>\n<tr>\n<th style=\"text-align:left;\"><b>Zuschauer<\/b>\n<\/th>\n<th style=\"text-align:left;\">0 (Corona)\n<\/th>\n<\/tr>\n<\/tbody>\n<\/table>\n<h2><span class=\"mw-headline\" id=\"Weblinks\">Weblinks<\/span><a href=\"\/index.php?title=26._Runde,_Saison_2020\/21,_WSG_Tirol_gegen_FC_Red_Bull_Salzburg&amp;action=edit&amp;section=2\" title=\"Abschnitt bearbeiten: Weblinks\">Bearbeiten<\/a><span class=\"mw-editsection-bracket\">]<\/span><\/span><\/h2>\n<p><a rel=\"nofollow\" class=\"external text\" href=\"https:\/\/www.redbullsalzburg.at\/de\/fc-red-bull-salzburg\/news\/saison_2020_21\/keine-zaehler-bei-packendem-duell-am-tivoli.html\">Spielbericht Vereinshomepage<\/a>\n<\/p>\n<h2><span class=\"mw-headline\" id=\"Stimmen_zum_Spiel\">Stimmen zum Spiel<\/span><a href=\"\/index.php?title=26._Runde,_Saison_2020\/21,_WSG_Tirol_gegen_FC_Red_Bull_Salzburg&amp;action=edit&amp;section=3\" title=\"Abschnitt bearbeiten: Stimmen zum Spiel\">Bearbeiten<\/a><span class=\"mw-editsection-bracket\">]<\/span><\/span><\/h2>\n<ul>\n<li><b>Jesse Marsch:<\/b>  Wir haben im Vorfeld \u00fcber die Bedeutung eines guten Starts und \u00fcbers Bereitsein f\u00fcr ein richtig hartes Spiel gesprochen. Und doch habe ich von der ersten Minute an gesp\u00fcrt, dass wir zu locker waren. Wir waren mit dem Ball zu locker, haben nicht intensiv genug gespielt. Von Anfang an war mir klar, dass wir nicht bereit waren. Wir hatten viele Chancen in der ersten Halbzeit, und wenn wir vor dem Tor sch\u00e4rfer gewesen w\u00e4ren, h\u00e4tten wir auch \u00f6fter treffen k\u00f6nnen. Wir m\u00fcssen jetzt reagieren, uns muss klar sein, dass wir besser spielen m\u00fcssen! Ich war nicht zufrieden mit dem kompletten Abend, wir waren heute alle einfach nicht gut genug.<\/li>\n<\/ul>\n<ul>\n<li><b>Zlatko Junuzovic:<\/b> Das haben wir uns heute selber eingebrockt. Einerseits, weil wir unsere Chancen nicht verwertet sowie den finalen Pass nicht gespielt haben, andererseits muss man einfach anerkennen, dass es sich Tirol auch verdient hat. Sie haben es sich erarbeitet, trauen sich, Fu\u00dfball zu spielen und nutzen die R\u00e4ume. Sie machen\u2019s richtig gut! Es ist kein Selbstl\u00e4ufer, ich wiederhole mich w\u00f6chentlich: Wir m\u00fcssen uns alles erarbeiten, und wenn man es nicht auf den Platz bringt, dann passiert so etwas. Jetzt straffen wir uns wieder, die K\u00f6pfe gehen nach oben und am Sonntag versuchen wir, die drei Punkte zu holen.<\/li>\n<\/ul>\n<ul>\n<li><b>Nicolas Seiwald:<\/b> Wir m\u00fcssen unsere Chancen einfach besser nutzen! Wir m\u00fcssen vor dem Tor konsequenter sein und fr\u00fcher den Sack zumachen. Ansonsten schaut\u2019s hinten deppert aus, wenn wir zwei weitere Gegentreffer kriegen. Sehr, sehr bitter! In der ersten Halbzeit hat uns die Explosivit\u00e4t gefehlt, so kann man das Spiel nicht gewinnen. Wir waren nicht voll bei der Sache!<\/li>\n<\/ul>\n<\/div>\n","protected":false},"excerpt":{"rendered":"<p>FaktenBearbeiten] WSG Tirol gegen FC Red Bull Salzburg, 3:2 Spieltag Bundesliga &#8211; 26. Runde Datum 21. April 2021 Anpfiff 18.30 Uhr Aufstellung Tor Cican Stankovic Verteidigung Rasmus Kristensen &#8211; Andre Ramalho &#8211; Bernardo &#8211; Andreas Ulmer Mittelfeld Antoine Bernede &#8211; Enock Mwepu &#8211; Nicolas Seiwald &#8211; Noah Okafor Sturm Karim Adeyemi &#8211; Mergim Berisha Wechsel [&hellip;]<\/p>\n","protected":false},"author":1,"featured_media":0,"comment_status":"open","ping_status":"open","sticky":false,"template":"","format":"standard","meta":{"footnotes":""},"categories":[1276],"tags":[],"class_list":["post-1624","post","type-post","status-publish","format-standard","hentry","category-26-runde-saison-2020"],"_links":{"self":[{"href":"https:\/\/wiki.s12.at\/index.php\/wp-json\/wp\/v2\/posts\/1624","targetHints":{"allow":["GET"]}}],"collection":[{"href":"https:\/\/wiki.s12.at\/index.php\/wp-json\/wp\/v2\/posts"}],"about":[{"href":"https:\/\/wiki.s12.at\/index.php\/wp-json\/wp\/v2\/types\/post"}],"author":[{"embeddable":true,"href":"https:\/\/wiki.s12.at\/index.php\/wp-json\/wp\/v2\/users\/1"}],"replies":[{"embeddable":true,"href":"https:\/\/wiki.s12.at\/index.php\/wp-json\/wp\/v2\/comments?post=1624"}],"version-history":[{"count":0,"href":"https:\/\/wiki.s12.at\/index.php\/wp-json\/wp\/v2\/posts\/1624\/revisions"}],"wp:attachment":[{"href":"https:\/\/wiki.s12.at\/index.php\/wp-json\/wp\/v2\/media?parent=1624"}],"wp:term":[{"taxonomy":"category","embeddable":true,"href":"https:\/\/wiki.s12.at\/index.php\/wp-json\/wp\/v2\/categories?post=1624"},{"taxonomy":"post_tag","embeddable":true,"href":"https:\/\/wiki.s12.at\/index.php\/wp-json\/wp\/v2\/tags?post=1624"}],"curies":[{"name":"wp","href":"https:\/\/api.w.org\/{rel}","templated":true}]}}