{"id":1621,"date":"2026-05-06T13:56:54","date_gmt":"2026-05-06T11:56:54","guid":{"rendered":"https:\/\/wiki.s12.at\/index.php\/2026\/05\/06\/26-runde-saison-2019-20-fc-liefering-gegen-sc-austria-lustenau\/"},"modified":"2026-05-06T13:56:54","modified_gmt":"2026-05-06T11:56:54","slug":"26-runde-saison-2019-20-fc-liefering-gegen-sc-austria-lustenau","status":"publish","type":"post","link":"https:\/\/wiki.s12.at\/index.php\/2026\/05\/06\/26-runde-saison-2019-20-fc-liefering-gegen-sc-austria-lustenau\/","title":{"rendered":"20, FC Liefering gegen SC Austria Lustenau"},"content":{"rendered":"<div class=\"mw-parser-output\">\n<h2><span class=\"mw-headline\" id=\"Fakten\">Fakten<\/span><a href=\"\/index.php?title=26._Runde,_Saison_2019\/20,_FC_Liefering_gegen_SC_Austria_Lustenau&amp;action=edit&amp;section=1\" title=\"Abschnitt bearbeiten: Fakten\">Bearbeiten<\/a><span class=\"mw-editsection-bracket\">]<\/span><\/span><\/h2>\n<table class=\"toptextcells toccolours\">\n<tbody>\n<tr>\n<th colspan=\"2\" style=\"text-align: center; vertical-align: top; padding: 0.3em 0.8em; font-size: 125%; background-color: lightsteelblue;\">FC Liefering gegen SC Austria Lustenau, 4:2\n<\/th>\n<\/tr>\n<tr>\n<th style=\"text-align:left;\"><b>Spieltag<\/b>\n<\/th>\n<th style=\"text-align:left;\">2. Liga-26. Runde\n<\/th>\n<\/tr>\n<tr>\n<th style=\"text-align:left;\"><b>Datum<\/b>\n<\/th>\n<th style=\"text-align:left;\">3. Juli 2020\n<\/th>\n<\/tr>\n<tr>\n<th style=\"text-align:left;\"><b>Anpfiff<\/b>\n<\/th>\n<th style=\"text-align:left;\">18.30 Uhr\n<\/th>\n<\/tr>\n<tr>\n<td colspan=\"2\" style=\"text-align:center;\" bgcolor=\"lightgray\"><b>Aufstellung<\/b>\n<\/td>\n<\/tr>\n<tr>\n<th style=\"text-align:left;\"><b>Tor<\/b>\n<\/th>\n<th><a href=\"\/Daniel_Antosch\" title=\"Daniel Antosch\">Daniel Antosch<\/a>\n<\/th>\n<\/tr>\n<tr>\n<th style=\"text-align:left;\"><b>Verteidigung<\/b>\n<\/th>\n<th><a href=\"\/Wallison\" title=\"Wallison\">Wallison<\/a> &#8211; <a href=\"\/David_Affengruber\" title=\"David Affengruber\">David Affengruber<\/a> &#8211; <a href=\"\/Bryan_Okoh\" title=\"Bryan Okoh\">Bryan Okoh<\/a> &#8211; <a href=\"\/Amar_Dedic\" title=\"Amar Dedic\">Amar Dedic<\/a>\n<\/th>\n<\/tr>\n<tr>\n<th style=\"text-align:left;\"><b>Mittelfeld<\/b>\n<\/th>\n<th><a href=\"\/Maurits_Kjaergaard\" title=\"Maurits Kjaergaard\">Maurits Kjaergaard<\/a> &#8211; <a href=\"\/Youba_Diarra\" title=\"Youba Diarra\">Youba Diarra<\/a> &#8211; <a href=\"\/Nicolas_Seiwald\" title=\"Nicolas Seiwald\">Nicolas Seiwald<\/a> &#8211; <a href=\"\/Luka_Sucic\" title=\"Luka Sucic\">Luka Sucic<\/a>\n<\/th>\n<\/tr>\n<tr>\n<th style=\"text-align:left;\"><b>Sturm<\/b>\n<\/th>\n<th><a href=\"\/Junior_Adamu\" class=\"mw-redirect\" title=\"Junior Adamu\">Junior Adamu<\/a> &#8211; <a href=\"\/Alexander_Prass\" title=\"Alexander Prass\">Alexander Prass<\/a>\n<\/th>\n<\/tr>\n<tr>\n<td colspan=\"2\" style=\"text-align:center;\" bgcolor=\"lightgray\"><b>Wechsel<\/b>\n<\/td>\n<\/tr>\n<tr>\n<th style=\"text-align:left;\"><b>Wechsel<\/b>\n<\/th>\n<th style=\"text-align:left;\"><a href=\"\/Jusuf_Gazibegovic\" title=\"Jusuf Gazibegovic\">Jusuf Gazibegovic<\/a> f\u00fcr Wallison (46.), <a href=\"\/Csaba_Bukta\" title=\"Csaba Bukta\">Csaba Bukta<\/a> f\u00fcr Kjarrgaard (56.), <a href=\"\/Nikola_Stosic\" title=\"Nikola Stosic\">Nikola Stosic<\/a> f\u00fcr Prass (56.), <br \/><a href=\"\/Luis_Phelipe\" title=\"Luis Phelipe\">Luis Phelipe<\/a> f\u00fcr Seiwald (76.), <a href=\"\/Peter_Pokorny\" title=\"Peter Pokorny\">Peter Pokorny<\/a> f\u00fcr Diarra (80.)\n<\/th>\n<\/tr>\n<tr>\n<td colspan=\"2\" style=\"text-align:center;\" bgcolor=\"lightgray\"><b>Statistik<\/b>\n<\/td>\n<\/tr>\n<tr>\n<th style=\"text-align:left;\"><b>Endstand<\/b>\n<\/th>\n<th style=\"text-align:left;\">4:2 (1:1)\n<\/th>\n<\/tr>\n<tr>\n<th style=\"text-align:left;\"><b>Torsch\u00fctzen<\/b>\n<\/th>\n<th style=\"text-align:left;\">Seiwald (23.), Sucic (70., 72.), Bukta (93.) Ronivaldo (4.), Tiefenbach (49.)\n<\/th>\n<\/tr>\n<tr>\n<th style=\"text-align:left;\"><b>Gelbe Karten<\/b>\n<\/th>\n<th style=\"text-align:left;\">Okoh (18.), Sucic (66.); Feyrer (60.)\n<\/th>\n<\/tr>\n<tr>\n<th style=\"text-align:left;\"><b>Rote Karten<\/b>\n<\/th>\n<th style=\"text-align:left;\">\n<\/th>\n<\/tr>\n<tr>\n<th style=\"text-align:left;\"><b>Schiedsrichter<\/b>\n<\/th>\n<th style=\"text-align:left;\">Manuel Sch\u00fcttengruber\n<\/th>\n<\/tr>\n<tr>\n<th style=\"text-align:left;\"><b>Stadion<\/b>\n<\/th>\n<th style=\"text-align:left;\">Red Bull Arena, Salzburg\n<\/th>\n<\/tr>\n<tr>\n<th style=\"text-align:left;\"><b>Zuschauer<\/b>\n<\/th>\n<th style=\"text-align:left;\">Wegen Corona keine Zuschauer\n<\/th>\n<\/tr>\n<\/tbody>\n<\/table>\n<p>\n<\/p>\n<h2><span class=\"mw-headline\" id=\"Stimmen_zum_Spiel\">Stimmen zum Spiel<\/span><a href=\"\/index.php?title=26._Runde,_Saison_2019\/20,_FC_Liefering_gegen_SC_Austria_Lustenau&amp;action=edit&amp;section=2\" title=\"Abschnitt bearbeiten: Stimmen zum Spiel\">Bearbeiten<\/a><span class=\"mw-editsection-bracket\">]<\/span><\/span><\/h2>\n<ul>\n<li><b>Bo Svensson:<\/b>Ich fand, dass wir unterschiedliche Phasen im Match erlebt haben. Zu Beginn beider Halbzeiten haben wir nicht gut gespielt, jeweils cirka zehn Minuten, in denen wir hart bestraft worden sind, weil wir einfach nicht da waren. Auch bei Standards waren wir unn\u00f6tig unaufmerksam. In der ersten Halbzeit haben wir es ab der 15. Minute sehr gut gemacht, auch in der zweiten Halbzeit mit Fortdauer immer besser. Positiv stimmt, dass wir die R\u00fcckst\u00e4nde in einen Sieg gedreht haben und dass jeder Spieler, der von der Bank kommt, einen gro\u00dfen Anteil daran hat, dass wir das Spiel gewonnen haben.<\/li>\n<\/ul>\n<h2><span class=\"mw-headline\" id=\"Weblinks\">Weblinks<\/span><a href=\"\/index.php?title=26._Runde,_Saison_2019\/20,_FC_Liefering_gegen_SC_Austria_Lustenau&amp;action=edit&amp;section=3\" title=\"Abschnitt bearbeiten: Weblinks\">Bearbeiten<\/a><span class=\"mw-editsection-bracket\">]<\/span><\/span><\/h2>\n<p><a rel=\"nofollow\" class=\"external text\" href=\"https:\/\/www.fc-liefering.at\/de\/fc-liefering\/news\/saison_2019_20\/heissbluetig-gegen-kaltschnaeuzige-steirer.html\">Spielbericht Vereinshomepage<\/a>\n<\/p>\n<\/div>\n","protected":false},"excerpt":{"rendered":"<p>FaktenBearbeiten] FC Liefering gegen SC Austria Lustenau, 4:2 Spieltag 2. Liga-26. Runde Datum 3. Juli 2020 Anpfiff 18.30 Uhr Aufstellung Tor Daniel Antosch Verteidigung Wallison &#8211; David Affengruber &#8211; Bryan Okoh &#8211; Amar Dedic Mittelfeld Maurits Kjaergaard &#8211; Youba Diarra &#8211; Nicolas Seiwald &#8211; Luka Sucic Sturm Junior Adamu &#8211; Alexander Prass Wechsel Wechsel Jusuf [&hellip;]<\/p>\n","protected":false},"author":1,"featured_media":0,"comment_status":"open","ping_status":"open","sticky":false,"template":"","format":"standard","meta":{"footnotes":""},"categories":[1275],"tags":[],"class_list":["post-1621","post","type-post","status-publish","format-standard","hentry","category-26-runde-saison-2019"],"_links":{"self":[{"href":"https:\/\/wiki.s12.at\/index.php\/wp-json\/wp\/v2\/posts\/1621","targetHints":{"allow":["GET"]}}],"collection":[{"href":"https:\/\/wiki.s12.at\/index.php\/wp-json\/wp\/v2\/posts"}],"about":[{"href":"https:\/\/wiki.s12.at\/index.php\/wp-json\/wp\/v2\/types\/post"}],"author":[{"embeddable":true,"href":"https:\/\/wiki.s12.at\/index.php\/wp-json\/wp\/v2\/users\/1"}],"replies":[{"embeddable":true,"href":"https:\/\/wiki.s12.at\/index.php\/wp-json\/wp\/v2\/comments?post=1621"}],"version-history":[{"count":0,"href":"https:\/\/wiki.s12.at\/index.php\/wp-json\/wp\/v2\/posts\/1621\/revisions"}],"wp:attachment":[{"href":"https:\/\/wiki.s12.at\/index.php\/wp-json\/wp\/v2\/media?parent=1621"}],"wp:term":[{"taxonomy":"category","embeddable":true,"href":"https:\/\/wiki.s12.at\/index.php\/wp-json\/wp\/v2\/categories?post=1621"},{"taxonomy":"post_tag","embeddable":true,"href":"https:\/\/wiki.s12.at\/index.php\/wp-json\/wp\/v2\/tags?post=1621"}],"curies":[{"name":"wp","href":"https:\/\/api.w.org\/{rel}","templated":true}]}}