{"id":1615,"date":"2026-05-06T13:56:49","date_gmt":"2026-05-06T11:56:49","guid":{"rendered":"https:\/\/wiki.s12.at\/index.php\/2026\/05\/06\/26-runde-saison-2016-17-fc-red-bull-salzburg-gegen-fk-austria-wien\/"},"modified":"2026-05-06T13:56:49","modified_gmt":"2026-05-06T11:56:49","slug":"26-runde-saison-2016-17-fc-red-bull-salzburg-gegen-fk-austria-wien","status":"publish","type":"post","link":"https:\/\/wiki.s12.at\/index.php\/2026\/05\/06\/26-runde-saison-2016-17-fc-red-bull-salzburg-gegen-fk-austria-wien\/","title":{"rendered":"17, FC Red Bull Salzburg gegen FK Austria Wien"},"content":{"rendered":"<div class=\"mw-parser-output\">\n<h2><span class=\"mw-headline\" id=\"Fakten\">Fakten<\/span><a href=\"\/index.php?title=26._Runde,_Saison_2016\/17,_FC_Red_Bull_Salzburg_gegen_FK_Austria_Wien&amp;action=edit&amp;section=1\" title=\"Abschnitt bearbeiten: Fakten\">Bearbeiten<\/a><span class=\"mw-editsection-bracket\">]<\/span><\/span><\/h2>\n<table class=\"toptextcells toccolours\">\n<tbody>\n<tr>\n<th colspan=\"2\" style=\"text-align: center; vertical-align: top; padding: 0.3em 0.8em; font-size: 125%; background-color: lightsteelblue;\">FC Red Bull Salzburg gegen FK Austria Wien, 5:0\n<\/th>\n<\/tr>\n<tr>\n<th style=\"text-align:left;\"><b>Spieltag<\/b>\n<\/th>\n<th style=\"text-align:left;\">Bundesliga &#8211; 26. Spieltag\n<\/th>\n<\/tr>\n<tr>\n<th style=\"text-align:left;\"><b>Datum<\/b>\n<\/th>\n<th style=\"text-align:left;\">19. M\u00e4rz 2017\n<\/th>\n<\/tr>\n<tr>\n<th style=\"text-align:left;\"><b>Anpfiff<\/b>\n<\/th>\n<th style=\"text-align:left;\">16.30 Uhr\n<\/th>\n<\/tr>\n<tr>\n<td colspan=\"2\" style=\"text-align:center;\" bgcolor=\"lightgray\"><b>Aufstellung<\/b>\n<\/td>\n<\/tr>\n<tr>\n<th style=\"text-align:left;\"><b>Tor<\/b>\n<\/th>\n<th><a href=\"\/Alexander_Walke\" title=\"Alexander Walke\">Alexander Walke<\/a>\n<\/th>\n<\/tr>\n<tr>\n<th style=\"text-align:left;\"><b>Verteidigung<\/b>\n<\/th>\n<th><a href=\"\/Stefan_Lainer\" title=\"Stefan Lainer\">Stefan Lainer<\/a> &#8211; <a href=\"\/Paulo_Miranda\" title=\"Paulo Miranda\">Paulo Miranda<\/a> &#8211; <a href=\"\/Andre_Wisdom\" title=\"Andre Wisdom\">Andre Wisdom<\/a> &#8211; <a href=\"\/Andreas_Ulmer\" title=\"Andreas Ulmer\">Andreas Ulmer<\/a>\n<\/th>\n<\/tr>\n<tr>\n<th style=\"text-align:left;\"><b>Mittelfeld<\/b>\n<\/th>\n<th><a href=\"\/Konrad_Laimer\" title=\"Konrad Laimer\">Konrad Laimer<\/a> &#8211; <a href=\"\/Diadie_Samassekou\" title=\"Diadie Samassekou\">Diadie Samassekou<\/a> &#8211; <a href=\"\/Valon_Berisha\" title=\"Valon Berisha\">Valon Berisha<\/a> &#8211; <a href=\"\/Xaver_Schlager\" title=\"Xaver Schlager\">Xaver Schlager<\/a>\n<\/th>\n<\/tr>\n<tr>\n<th style=\"text-align:left;\"><b>Sturm<\/b>\n<\/th>\n<th><a href=\"\/Hee-Chan_Hwang\" title=\"Hee-Chan Hwang\">Hee-Chan Hwang<\/a> &#8211; <a href=\"\/Valentino_Lazaro\" title=\"Valentino Lazaro\">Valentino Lazaro<\/a>\n<\/th>\n<\/tr>\n<tr>\n<td colspan=\"2\" style=\"text-align:center;\" bgcolor=\"lightgray\"><b>Wechsel<\/b>\n<\/td>\n<\/tr>\n<tr>\n<th style=\"text-align:left;\"><b>Wechsel<\/b>\n<\/th>\n<th style=\"text-align:left;\"><a href=\"\/Hee-Chan_Hwang\" title=\"Hee-Chan Hwang\">Hee-Chan Hwang<\/a> f\u00fcr Oberlin (61.), <a href=\"\/Josip_Radosevic\" title=\"Josip Radosevic\">Josip Radosevic<\/a> f\u00fcr Samassekou (73.), <a href=\"\/Wanderson\" title=\"Wanderson\">Wanderson <\/a> f\u00fcr Berisha (86.)\n<\/th>\n<\/tr>\n<tr>\n<td colspan=\"2\" style=\"text-align:center;\" bgcolor=\"lightgray\"><b>Statistik<\/b>\n<\/td>\n<\/tr>\n<tr>\n<th style=\"text-align:left;\"><b>Endstand<\/b>\n<\/th>\n<th style=\"text-align:left;\">5:0 (1:0)\n<\/th>\n<\/tr>\n<tr>\n<th style=\"text-align:left;\"><b>Torsch\u00fctzen<\/b>\n<\/th>\n<th style=\"text-align:left;\">Berisha (33.), Ulmer (48.), Hwang (78., 90.), Radosevic (84.)\n<\/th>\n<\/tr>\n<tr>\n<th style=\"text-align:left;\"><b>Gelbe Karten<\/b>\n<\/th>\n<th style=\"text-align:left;\">Oberlin (26.),Lainer (41.); Kvasina  (94.)\n<\/th>\n<\/tr>\n<tr>\n<th style=\"text-align:left;\"><b>Rote Karten<\/b>\n<\/th>\n<th style=\"text-align:left;\">\n<\/th>\n<\/tr>\n<tr>\n<th style=\"text-align:left;\"><b>Schiedsrichter<\/b>\n<\/th>\n<th style=\"text-align:left;\">Manuel Sch\u00fcttengruber\n<\/th>\n<\/tr>\n<tr>\n<th style=\"text-align:left;\"><b>Stadion<\/b>\n<\/th>\n<th style=\"text-align:left;\">Red Bull Arena, Salzburg\n<\/th>\n<\/tr>\n<tr>\n<th style=\"text-align:left;\"><b>Zuschauer<\/b>\n<\/th>\n<th style=\"text-align:left;\">2 723\n<\/th>\n<\/tr>\n<\/tbody>\n<\/table>\n<ul>\n<li>Die Fans verabschiedeten sich mit einer Choreographie von Jonatan Soriano.<\/li>\n<\/ul>\n<h2><span class=\"mw-headline\" id=\"Weblinks\">Weblinks<\/span><a href=\"\/index.php?title=26._Runde,_Saison_2016\/17,_FC_Red_Bull_Salzburg_gegen_FK_Austria_Wien&amp;action=edit&amp;section=2\" title=\"Abschnitt bearbeiten: Weblinks\">Bearbeiten<\/a><span class=\"mw-editsection-bracket\">]<\/span><\/span><\/h2>\n<p><a rel=\"nofollow\" class=\"external text\" href=\"http:\/\/www.redbullsalzburg.at\/de\/fc-red-bull-salzburg\/news\/saison_2016_17\/5-0-torfestival-der-roten-bullen-gegen-die-veilchen.html\">Spielbericht Vereinshomepage<\/a>\n<\/p>\n<h2><span class=\"mw-headline\" id=\"Bilder\">Bilder<\/span><a href=\"\/index.php?title=26._Runde,_Saison_2016\/17,_FC_Red_Bull_Salzburg_gegen_FK_Austria_Wien&amp;action=edit&amp;section=3\" title=\"Abschnitt bearbeiten: Bilder\">Bearbeiten<\/a><span class=\"mw-editsection-bracket\">]<\/span><\/span><\/h2>\n<ul class=\"gallery mw-gallery-traditional\">\n<li class=\"gallerybox\" style=\"width: 155px\">\n<div style=\"width: 155px\">\n<div class=\"thumb\" style=\"width: 150px;\">\n<div style=\"margin:34px auto;\"><a href=\"\/Datei:FC_Red_Bull_Salzburg_gegen_FK_Austria_Wien_(19._M%C3%A4rz_2017)_27.jpg\" class=\"image\"><img alt=\"FC Red Bull Salzburg gegen FK Austria Wien (19. M\u00e4rz 2017) 27.jpg\" src=\"\/images\/thumb\/d\/d1\/FC_Red_Bull_Salzburg_gegen_FK_Austria_Wien_%2819._M%C3%A4rz_2017%29_27.jpg\/120px-FC_Red_Bull_Salzburg_gegen_FK_Austria_Wien_%2819._M%C3%A4rz_2017%29_27.jpg%3Futm_source%3Dcommons.wikimedia.org%26utm_campaign%3Dimageinfo%26utm_content%3Dthumbnail\" decoding=\"async\" width=\"120\" height=\"82\" srcset=\"\/images\/thumb\/d\/d1\/FC_Red_Bull_Salzburg_gegen_FK_Austria_Wien_%2819._M%C3%A4rz_2017%29_27.jpg\/250px-FC_Red_Bull_Salzburg_gegen_FK_Austria_Wien_%2819._M%C3%A4rz_2017%29_27.jpg%3Futm_source%3Dcommons.wikimedia.org%26utm_campaign%3Dimageinfo%26utm_content%3Dthumbnail 1.5x\" \/><\/a><\/div>\n<\/div>\n<div class=\"gallerytext\">\n\t\t\t<\/div>\n<\/p><\/div>\n<\/li>\n<li class=\"gallerybox\" style=\"width: 155px\">\n<div style=\"width: 155px\">\n<div class=\"thumb\" style=\"width: 150px;\">\n<div style=\"margin:15px auto;\"><a href=\"\/Datei:FC_Red_Bull_Salzburg_vs_FK_Austria_Wien_(19._M%C3%A4rz_2017)_11.jpg\" class=\"image\"><img alt=\"FC Red Bull Salzburg vs FK Austria Wien (19. M\u00e4rz 2017) 11.jpg\" src=\"\/images\/thumb\/9\/97\/FC_Red_Bull_Salzburg_vs_FK_Austria_Wien_%2819._M%C3%A4rz_2017%29_11.jpg\/120px-FC_Red_Bull_Salzburg_vs_FK_Austria_Wien_%2819._M%C3%A4rz_2017%29_11.jpg%3Futm_source%3Dcommons.wikimedia.org%26utm_campaign%3Dimageinfo%26utm_content%3Dthumbnail\" decoding=\"async\" width=\"89\" height=\"120\" srcset=\"\/images\/thumb\/9\/97\/FC_Red_Bull_Salzburg_vs_FK_Austria_Wien_%2819._M%C3%A4rz_2017%29_11.jpg\/250px-FC_Red_Bull_Salzburg_vs_FK_Austria_Wien_%2819._M%C3%A4rz_2017%29_11.jpg%3Futm_source%3Dcommons.wikimedia.org%26utm_campaign%3Dimageinfo%26utm_content%3Dthumbnail 1.5x\" \/><\/a><\/div>\n<\/div>\n<div class=\"gallerytext\">\n\t\t\t<\/div>\n<\/p><\/div>\n<\/li>\n<li class=\"gallerybox\" style=\"width: 155px\">\n<div style=\"width: 155px\">\n<div class=\"thumb\" style=\"width: 150px;\">\n<div style=\"margin:15px auto;\"><a href=\"\/Datei:FC_Red_Bull_Salzburg_vs_FK_Austria_Wien_(19._M%C3%A4rz_2017)_06.jpg\" class=\"image\"><img alt=\"FC Red Bull Salzburg vs FK Austria Wien (19. M\u00e4rz 2017) 06.jpg\" src=\"\/images\/thumb\/6\/66\/FC_Red_Bull_Salzburg_vs_FK_Austria_Wien_%2819._M%C3%A4rz_2017%29_06.jpg\/120px-FC_Red_Bull_Salzburg_vs_FK_Austria_Wien_%2819._M%C3%A4rz_2017%29_06.jpg%3Futm_source%3Dcommons.wikimedia.org%26utm_campaign%3Dimageinfo%26utm_content%3Dthumbnail\" decoding=\"async\" width=\"92\" height=\"120\" srcset=\"\/images\/thumb\/6\/66\/FC_Red_Bull_Salzburg_vs_FK_Austria_Wien_%2819._M%C3%A4rz_2017%29_06.jpg\/250px-FC_Red_Bull_Salzburg_vs_FK_Austria_Wien_%2819._M%C3%A4rz_2017%29_06.jpg%3Futm_source%3Dcommons.wikimedia.org%26utm_campaign%3Dimageinfo%26utm_content%3Dthumbnail 1.5x\" \/><\/a><\/div>\n<\/div>\n<div class=\"gallerytext\">\n\t\t\t<\/div>\n<\/p><\/div>\n<\/li>\n<li class=\"gallerybox\" style=\"width: 155px\">\n<div style=\"width: 155px\">\n<div class=\"thumb\" style=\"width: 150px;\">\n<div style=\"margin:15px auto;\"><a href=\"\/Datei:FC_Red_Bull_Salzburg_vs_FK_Austria_Wien_(19._M%C3%A4rz_2017)_27.jpg\" class=\"image\"><img loading=\"lazy\" alt=\"FC Red Bull Salzburg vs FK Austria Wien (19. M\u00e4rz 2017) 27.jpg\" src=\"\/images\/thumb\/5\/5d\/FC_Red_Bull_Salzburg_vs_FK_Austria_Wien_%2819._M%C3%A4rz_2017%29_27.jpg\/120px-FC_Red_Bull_Salzburg_vs_FK_Austria_Wien_%2819._M%C3%A4rz_2017%29_27.jpg%3Futm_source%3Dcommons.wikimedia.org%26utm_campaign%3Dimageinfo%26utm_content%3Dthumbnail\" decoding=\"async\" width=\"105\" height=\"120\" srcset=\"\/images\/thumb\/5\/5d\/FC_Red_Bull_Salzburg_vs_FK_Austria_Wien_%2819._M%C3%A4rz_2017%29_27.jpg\/250px-FC_Red_Bull_Salzburg_vs_FK_Austria_Wien_%2819._M%C3%A4rz_2017%29_27.jpg%3Futm_source%3Dcommons.wikimedia.org%26utm_campaign%3Dimageinfo%26utm_content%3Dthumbnail 1.5x\" \/><\/a><\/div>\n<\/div>\n<div class=\"gallerytext\">\n\t\t\t<\/div>\n<\/p><\/div>\n<\/li>\n<\/ul>\n<p><img loading=\"lazy\" alt=\"\" src=\"\/images\/thumb\/4\/4a\/Commons-logo.svg\/langde-20px-Commons-logo.svg.png%3Futm_source%3Dcommons.wikimedia.org%26utm_campaign%3Dimageinfo%26utm_content%3Dthumbnail\" decoding=\"async\" title=\"Commons\" width=\"12\" height=\"16\" srcset=\"\/images\/thumb\/4\/4a\/Commons-logo.svg\/langde-40px-Commons-logo.svg.png%3Futm_source%3Dcommons.wikimedia.org%26utm_campaign%3Dimageinfo%26utm_content%3Dthumbnail 2x\" \/>&#160;<b><a href=\"http:\/\/commons.wikimedia.org\/wiki\/Category:FC_Red_Bull_Salzburg_gegen_FK_Austria_Wien_(19._M%C3%A4rz_2017)\" class=\"extiw\" title=\"commons:Category:FC Red Bull Salzburg gegen FK Austria Wien (19. M\u00e4rz 2017)\">26. Runde, Saison 2016\/17, FC Red Bull Salzburg gegen FK Austria Wien<\/a><\/b>&#160;\u2013 Sammlung von Bildern, Videos und Audiodateien auf <a href=\"\/Wikimedia_Commons\" title=\"Wikimedia Commons\">Wikimedia Commons<\/a>\n<\/p>\n<h2><span class=\"mw-headline\" id=\"Stimmen_zum_Spiel\">Stimmen zum Spiel<\/span><a href=\"\/index.php?title=26._Runde,_Saison_2016\/17,_FC_Red_Bull_Salzburg_gegen_FK_Austria_Wien&amp;action=edit&amp;section=4\" title=\"Abschnitt bearbeiten: Stimmen zum Spiel\">Bearbeiten<\/a><span class=\"mw-editsection-bracket\">]<\/span><\/span><\/h2>\n<ul>\n<li><b>Oscar Garcia:<\/b> In den ersten 30 Minuten waren die Gegner st\u00e4rker als wir. Deshalb mussten wir etwas \u00e4ndern, woraufhin wir richtig gut gespielt haben. Das zweite Tor zu Beginn der zweiten Spielh\u00e4lfte  war sehr wichtig f\u00fcr uns. Die Meisterschaft ist trotzdem noch nicht entschieden!<\/li>\n<\/ul>\n<ul>\n<li><b>Alexander Walke:<\/b>  Wir sind schwer ins Spiel gekommen, haben aber mit dem ersten Tor an Selbstvertrauen gewonnen. Es war ein hartes St\u00fcck Arbeit, so wie jedes Wochenende, und wir sind jetzt froh \u00fcber die L\u00e4nderspielpause, damit wir uns alle etwas ausruhen k\u00f6nnen. Zumindest die, die nicht f\u00fcr ihre Nationalteams unterwegs sind.<\/li>\n<\/ul>\n<\/div>\n","protected":false},"excerpt":{"rendered":"<p>FaktenBearbeiten] FC Red Bull Salzburg gegen FK Austria Wien, 5:0 Spieltag Bundesliga &#8211; 26. Spieltag Datum 19. M\u00e4rz 2017 Anpfiff 16.30 Uhr Aufstellung Tor Alexander Walke Verteidigung Stefan Lainer &#8211; Paulo Miranda &#8211; Andre Wisdom &#8211; Andreas Ulmer Mittelfeld Konrad Laimer &#8211; Diadie Samassekou &#8211; Valon Berisha &#8211; Xaver Schlager Sturm Hee-Chan Hwang &#8211; Valentino [&hellip;]<\/p>\n","protected":false},"author":1,"featured_media":0,"comment_status":"open","ping_status":"open","sticky":false,"template":"","format":"standard","meta":{"footnotes":""},"categories":[1272],"tags":[],"class_list":["post-1615","post","type-post","status-publish","format-standard","hentry","category-26-runde-saison-2016"],"_links":{"self":[{"href":"https:\/\/wiki.s12.at\/index.php\/wp-json\/wp\/v2\/posts\/1615","targetHints":{"allow":["GET"]}}],"collection":[{"href":"https:\/\/wiki.s12.at\/index.php\/wp-json\/wp\/v2\/posts"}],"about":[{"href":"https:\/\/wiki.s12.at\/index.php\/wp-json\/wp\/v2\/types\/post"}],"author":[{"embeddable":true,"href":"https:\/\/wiki.s12.at\/index.php\/wp-json\/wp\/v2\/users\/1"}],"replies":[{"embeddable":true,"href":"https:\/\/wiki.s12.at\/index.php\/wp-json\/wp\/v2\/comments?post=1615"}],"version-history":[{"count":0,"href":"https:\/\/wiki.s12.at\/index.php\/wp-json\/wp\/v2\/posts\/1615\/revisions"}],"wp:attachment":[{"href":"https:\/\/wiki.s12.at\/index.php\/wp-json\/wp\/v2\/media?parent=1615"}],"wp:term":[{"taxonomy":"category","embeddable":true,"href":"https:\/\/wiki.s12.at\/index.php\/wp-json\/wp\/v2\/categories?post=1615"},{"taxonomy":"post_tag","embeddable":true,"href":"https:\/\/wiki.s12.at\/index.php\/wp-json\/wp\/v2\/tags?post=1615"}],"curies":[{"name":"wp","href":"https:\/\/api.w.org\/{rel}","templated":true}]}}