{"id":1614,"date":"2026-05-06T13:56:42","date_gmt":"2026-05-06T11:56:42","guid":{"rendered":"https:\/\/wiki.s12.at\/index.php\/2026\/05\/06\/26-runde-saison-2015-16-fc-red-bull-salzburg-gegen-sv-groedig\/"},"modified":"2026-05-06T13:56:42","modified_gmt":"2026-05-06T11:56:42","slug":"26-runde-saison-2015-16-fc-red-bull-salzburg-gegen-sv-groedig","status":"publish","type":"post","link":"https:\/\/wiki.s12.at\/index.php\/2026\/05\/06\/26-runde-saison-2015-16-fc-red-bull-salzburg-gegen-sv-groedig\/","title":{"rendered":"16 FC Red Bull Salzburg gegen SV Gr\u00f6dig"},"content":{"rendered":"<div class=\"mw-parser-output\">\n<h2><span class=\"mw-headline\" id=\"Fakten\">Fakten<\/span><a href=\"\/index.php?title=26._Runde,_Saison_2015\/16_FC_Red_Bull_Salzburg_gegen_SV_Gr%C3%B6dig&amp;action=edit&amp;section=1\" title=\"Abschnitt bearbeiten: Fakten\">Bearbeiten<\/a><span class=\"mw-editsection-bracket\">]<\/span><\/span><\/h2>\n<table class=\"toptextcells toccolours\">\n<tbody>\n<tr>\n<th colspan=\"2\" style=\"text-align: center; vertical-align: top; padding: 0.3em 0.8em; font-size: 125%; background-color: lightsteelblue;\">FC Red Bull Salzburg gegen SV Gr\u00f6dig, 3:0\n<\/th>\n<\/tr>\n<tr>\n<th style=\"text-align:left;\"><b>Spieltag<\/b>\n<\/th>\n<th style=\"text-align:left;\">Bundesliga &#8211; 26. Spieltag\n<\/th>\n<\/tr>\n<tr>\n<th style=\"text-align:left;\"><b>Datum<\/b>\n<\/th>\n<th style=\"text-align:left;\">5. M\u00e4rz 2016\n<\/th>\n<\/tr>\n<tr>\n<th style=\"text-align:left;\"><b>Anpfiff<\/b>\n<\/th>\n<th style=\"text-align:left;\">16 Uhr\n<\/th>\n<\/tr>\n<tr>\n<td colspan=\"2\" style=\"text-align:center;\" bgcolor=\"lightgray\"><b>Aufstellung<\/b>\n<\/td>\n<\/tr>\n<tr>\n<th style=\"text-align:left;\"><b>Tor<\/b>\n<\/th>\n<th><a href=\"\/Alexander_Walke\" title=\"Alexander Walke\">Alexander Walke<\/a>\n<\/th>\n<\/tr>\n<tr>\n<th style=\"text-align:left;\"><b>Verteidigung<\/b>\n<\/th>\n<th><a href=\"\/Stefan_Lainer\" title=\"Stefan Lainer\">Stefan Lainer<\/a> &#8211; <a href=\"\/Paulo_Miranda\" title=\"Paulo Miranda\">Paulo Miranda<\/a> &#8211; <a href=\"\/Duje_Caleta-Car\" title=\"Duje Caleta-Car\">Duje Caleta-Car<\/a> &#8211; <a href=\"\/Andreas_Ulmer\" title=\"Andreas Ulmer\">Andreas Ulmer<\/a>\n<\/th>\n<\/tr>\n<tr>\n<th style=\"text-align:left;\"><b>Mittelfeld<\/b>\n<\/th>\n<th><a href=\"\/Konrad_Laimer\" title=\"Konrad Laimer\">Konrad Laimer<\/a> &#8211; <a href=\"\/Yasin_Pehlivan\" title=\"Yasin Pehlivan\">Yasin Pehlivan<\/a> &#8211; <a href=\"\/Valon_Berisha\" title=\"Valon Berisha\">Valon Berisha<\/a> &#8211; <a href=\"\/Takumi_Minamino\" title=\"Takumi Minamino\">Takumi Minamino<\/a>\n<\/th>\n<\/tr>\n<tr>\n<th style=\"text-align:left;\"><b>Sturm<\/b>\n<\/th>\n<th><a href=\"\/Jonatan_Soriano\" title=\"Jonatan Soriano\">Jonatan Soriano<\/a> &#8211; <a href=\"\/Smail_Prevljak\" title=\"Smail Prevljak\">Smail Prevljak<\/a>\n<\/th>\n<\/tr>\n<tr>\n<td colspan=\"2\" style=\"text-align:center;\" bgcolor=\"lightgray\"><b>Wechsel<\/b>\n<\/td>\n<\/tr>\n<tr>\n<th style=\"text-align:left;\"><b>Wechsel<\/b>\n<\/th>\n<th style=\"text-align:left;\"><a href=\"\/Valentino_Lazaro\" title=\"Valentino Lazaro\">Valentino Lazaro<\/a> f\u00fcr Prevljak (56.), <a href=\"\/Hee-Chan_Hwang\" title=\"Hee-Chan Hwang\">Hee-Chan Hwang<\/a> f\u00fcr Berisha (75.), <a href=\"\/Hany_Mukhtar\" title=\"Hany Mukhtar\">Hany Mukhtar<\/a> f\u00fcr Minamino (80.)\n<\/th>\n<\/tr>\n<tr>\n<td colspan=\"2\" style=\"text-align:center;\" bgcolor=\"lightgray\"><b>Statistik<\/b>\n<\/td>\n<\/tr>\n<tr>\n<th style=\"text-align:left;\"><b>Endstand<\/b>\n<\/th>\n<th style=\"text-align:left;\">3:0  (1:0)\n<\/th>\n<\/tr>\n<tr>\n<th style=\"text-align:left;\"><b>Torsch\u00fctzen<\/b>\n<\/th>\n<th style=\"text-align:left;\">Soriano (6.), Minamino (54.), Ulmer (68.)\n<\/th>\n<\/tr>\n<tr>\n<th style=\"text-align:left;\"><b>Gelbe Karten<\/b>\n<\/th>\n<th style=\"text-align:left;\">Mukhtar (89.); Kerschbaum (65.), Denner (76.)\n<\/th>\n<\/tr>\n<tr>\n<th style=\"text-align:left;\"><b>Rote Karten<\/b>\n<\/th>\n<th style=\"text-align:left;\">\n<\/th>\n<\/tr>\n<tr>\n<th style=\"text-align:left;\"><b>Schiedsrichter<\/b>\n<\/th>\n<th style=\"text-align:left;\">Robert Sch\u00f6rgenhofer\n<\/th>\n<\/tr>\n<tr>\n<th style=\"text-align:left;\"><b>Stadion<\/b>\n<\/th>\n<th style=\"text-align:left;\">Red Bull Arena, Salzburg\n<\/th>\n<\/tr>\n<tr>\n<th style=\"text-align:left;\"><b>Zuschauer<\/b>\n<\/th>\n<th style=\"text-align:left;\">7 771\n<\/th>\n<\/tr>\n<\/tbody>\n<\/table>\n<h2><span class=\"mw-headline\" id=\"Weblinks\">Weblinks<\/span><a href=\"\/index.php?title=26._Runde,_Saison_2015\/16_FC_Red_Bull_Salzburg_gegen_SV_Gr%C3%B6dig&amp;action=edit&amp;section=2\" title=\"Abschnitt bearbeiten: Weblinks\">Bearbeiten<\/a><span class=\"mw-editsection-bracket\">]<\/span><\/span><\/h2>\n<p><a rel=\"nofollow\" class=\"external text\" href=\"http:\/\/www.redbullsalzburg.at\/de\/fc-red-bull-salzburg\/news\/saison_2015_16\/roten-bullen-mit-3-0-erfolg-im-salzburger-derby.html\">Spielbericht Vereinshomepage<\/a>\n<\/p>\n<p>&lt;youtube&gt;jT8gu9pL41s&lt;\/youtube&gt;\n<\/p>\n<h2><span class=\"mw-headline\" id=\"Fotos\">Fotos<\/span><a href=\"\/index.php?title=26._Runde,_Saison_2015\/16_FC_Red_Bull_Salzburg_gegen_SV_Gr%C3%B6dig&amp;action=edit&amp;section=3\" title=\"Abschnitt bearbeiten: Fotos\">Bearbeiten<\/a><span class=\"mw-editsection-bracket\">]<\/span><\/span><\/h2>\n<ul class=\"gallery mw-gallery-traditional\">\n<li class=\"gallerybox\" style=\"width: 155px\">\n<div style=\"width: 155px\">\n<div class=\"thumb\" style=\"width: 150px;\">\n<div style=\"margin:31px auto;\"><a href=\"\/Datei:FC_Red_Bull_Salzburg_gegen_SV_Gr%C3%B6dig_(Feb._2016)_50.JPG\" class=\"image\"><img alt=\"FC Red Bull Salzburg gegen SV Gr\u00f6dig (Feb. 2016) 50.JPG\" src=\"\/images\/thumb\/8\/85\/FC_Red_Bull_Salzburg_gegen_SV_Gr%C3%B6dig_%28Feb._2016%29_50.JPG\/120px-FC_Red_Bull_Salzburg_gegen_SV_Gr%C3%B6dig_%28Feb._2016%29_50.JPG%3Futm_source%3Dcommons.wikimedia.org%26utm_campaign%3Dimageinfo%26utm_content%3Dthumbnail\" decoding=\"async\" width=\"120\" height=\"88\" srcset=\"\/images\/thumb\/8\/85\/FC_Red_Bull_Salzburg_gegen_SV_Gr%C3%B6dig_%28Feb._2016%29_50.JPG\/250px-FC_Red_Bull_Salzburg_gegen_SV_Gr%C3%B6dig_%28Feb._2016%29_50.JPG%3Futm_source%3Dcommons.wikimedia.org%26utm_campaign%3Dimageinfo%26utm_content%3Dthumbnail 1.5x\" \/><\/a><\/div>\n<\/div>\n<div class=\"gallerytext\">\n\t\t\t<\/div>\n<\/p><\/div>\n<\/li>\n<li class=\"gallerybox\" style=\"width: 155px\">\n<div style=\"width: 155px\">\n<div class=\"thumb\" style=\"width: 150px;\">\n<div style=\"margin:26.5px auto;\"><a href=\"\/Datei:FC_Red_Bull_Salzburg_gegen_SV_Gr%C3%B6dig_(Feb._2016)_47.JPG\" class=\"image\"><img alt=\"FC Red Bull Salzburg gegen SV Gr\u00f6dig (Feb. 2016) 47.JPG\" src=\"\/images\/thumb\/6\/6a\/FC_Red_Bull_Salzburg_gegen_SV_Gr%C3%B6dig_%28Feb._2016%29_47.JPG\/120px-FC_Red_Bull_Salzburg_gegen_SV_Gr%C3%B6dig_%28Feb._2016%29_47.JPG%3Futm_source%3Dcommons.wikimedia.org%26utm_campaign%3Dimageinfo%26utm_content%3Dthumbnail\" decoding=\"async\" width=\"120\" height=\"97\" srcset=\"\/images\/thumb\/6\/6a\/FC_Red_Bull_Salzburg_gegen_SV_Gr%C3%B6dig_%28Feb._2016%29_47.JPG\/250px-FC_Red_Bull_Salzburg_gegen_SV_Gr%C3%B6dig_%28Feb._2016%29_47.JPG%3Futm_source%3Dcommons.wikimedia.org%26utm_campaign%3Dimageinfo%26utm_content%3Dthumbnail 1.5x\" \/><\/a><\/div>\n<\/div>\n<div class=\"gallerytext\">\n\t\t\t<\/div>\n<\/p><\/div>\n<\/li>\n<li class=\"gallerybox\" style=\"width: 155px\">\n<div style=\"width: 155px\">\n<div class=\"thumb\" style=\"width: 150px;\">\n<div style=\"margin:15px auto;\"><a href=\"\/Datei:FC_Red_Bull_Salzburg_gegen_SV_Gr%C3%B6dig_(Feb._2016)_38.JPG\" class=\"image\"><img alt=\"FC Red Bull Salzburg gegen SV Gr\u00f6dig (Feb. 2016) 38.JPG\" src=\"\/images\/thumb\/b\/bb\/FC_Red_Bull_Salzburg_gegen_SV_Gr%C3%B6dig_%28Feb._2016%29_38.JPG\/120px-FC_Red_Bull_Salzburg_gegen_SV_Gr%C3%B6dig_%28Feb._2016%29_38.JPG%3Futm_source%3Dcommons.wikimedia.org%26utm_campaign%3Dimageinfo%26utm_content%3Dthumbnail\" decoding=\"async\" width=\"78\" height=\"120\" srcset=\"\/images\/thumb\/b\/bb\/FC_Red_Bull_Salzburg_gegen_SV_Gr%C3%B6dig_%28Feb._2016%29_38.JPG\/250px-FC_Red_Bull_Salzburg_gegen_SV_Gr%C3%B6dig_%28Feb._2016%29_38.JPG%3Futm_source%3Dcommons.wikimedia.org%26utm_campaign%3Dimageinfo%26utm_content%3Dthumbnail 2x\" \/><\/a><\/div>\n<\/div>\n<div class=\"gallerytext\">\n\t\t\t<\/div>\n<\/p><\/div>\n<\/li>\n<li class=\"gallerybox\" style=\"width: 155px\">\n<div style=\"width: 155px\">\n<div class=\"thumb\" style=\"width: 150px;\">\n<div style=\"margin:15px auto;\"><a href=\"\/Datei:FC_Red_Bull_Salzburg_gegen_SV_Gr%C3%B6dig_(Feb._2016)_30.JPG\" class=\"image\" title=\"Jonatan Soriano schoss sein 108. Ligator und ist damit erfolgreichster Legion\u00e4r in der Bundesliga\"><img loading=\"lazy\" alt=\"Jonatan Soriano schoss sein 108. Ligator und ist damit erfolgreichster Legion\u00e4r in der Bundesliga\" src=\"\/images\/thumb\/d\/d5\/FC_Red_Bull_Salzburg_gegen_SV_Gr%C3%B6dig_%28Feb._2016%29_30.JPG\/120px-FC_Red_Bull_Salzburg_gegen_SV_Gr%C3%B6dig_%28Feb._2016%29_30.JPG%3Futm_source%3Dcommons.wikimedia.org%26utm_campaign%3Dimageinfo%26utm_content%3Dthumbnail\" decoding=\"async\" width=\"85\" height=\"120\" srcset=\"\/images\/thumb\/d\/d5\/FC_Red_Bull_Salzburg_gegen_SV_Gr%C3%B6dig_%28Feb._2016%29_30.JPG\/250px-FC_Red_Bull_Salzburg_gegen_SV_Gr%C3%B6dig_%28Feb._2016%29_30.JPG%3Futm_source%3Dcommons.wikimedia.org%26utm_campaign%3Dimageinfo%26utm_content%3Dthumbnail 1.5x\" \/><\/a><\/div>\n<\/div>\n<div class=\"gallerytext\">\n<p>Jonatan Soriano schoss sein 108. Ligator und ist damit erfolgreichster Legion\u00e4r in der Bundesliga\n<\/p>\n<\/p><\/div>\n<\/p><\/div>\n<\/li>\n<\/ul>\n<p><img loading=\"lazy\" alt=\"\" src=\"\/images\/thumb\/4\/4a\/Commons-logo.svg\/langde-20px-Commons-logo.svg.png%3Futm_source%3Dcommons.wikimedia.org%26utm_campaign%3Dimageinfo%26utm_content%3Dthumbnail\" decoding=\"async\" title=\"Commons\" width=\"12\" height=\"16\" srcset=\"\/images\/thumb\/4\/4a\/Commons-logo.svg\/langde-40px-Commons-logo.svg.png%3Futm_source%3Dcommons.wikimedia.org%26utm_campaign%3Dimageinfo%26utm_content%3Dthumbnail 2x\" \/>&#160;<b><a href=\"http:\/\/commons.wikimedia.org\/wiki\/Category:FC_Red_Bull_Salzburg_gegen_SV_Gr%C3%B6dig_(5._Februar_2016)\" class=\"extiw\" title=\"commons:Category:FC Red Bull Salzburg gegen SV Gr\u00f6dig (5. Februar 2016)\">26. Runde, Saison 2015\/16 FC Red Bull Salzburg gegen SV Gr\u00f6dig<\/a><\/b>&#160;\u2013 Sammlung von Bildern, Videos und Audiodateien auf <a href=\"\/Wikimedia_Commons\" title=\"Wikimedia Commons\">Wikimedia Commons<\/a>\n<\/p>\n<h2><span class=\"mw-headline\" id=\"Stimmen_zum_Spiel\">Stimmen zum Spiel<\/span><a href=\"\/index.php?title=26._Runde,_Saison_2015\/16_FC_Red_Bull_Salzburg_gegen_SV_Gr%C3%B6dig&amp;action=edit&amp;section=4\" title=\"Abschnitt bearbeiten: Stimmen zum Spiel\">Bearbeiten<\/a><span class=\"mw-editsection-bracket\">]<\/span><\/span><\/h2>\n<p><b>Oscar Garcia:<\/b> Heute haben wir von Beginn an sehr viel Druck erzeugt und sind fr\u00fch in F\u00fchrung gegangen. Das war sehr wichtig f\u00fcr den weiteren Verlauf des Spiels.Jonatan ist f\u00fcr mich der beste Spieler, den ich je trainiert habe. Er ist nicht nur sportlich herausragend, sondern auch menschlich eine Bereicherung f\u00fcr das Team, denn er erzielt nicht nur Tore, sondern bereitet Tore ebenso auch uneigenn\u00fctzig vor. Das gibt es nicht oft.\n<\/p>\n<p><b>Jonatan Soriano:<\/b> Wir wollen Meister werden und wir wissen, dass das nicht einfach werden wird, Rapid zu \u00fcberholen. Mit dem heutigen Sieg haben wir alles getan, was in unserer Macht steht. Jetzt ist Rapid gefordert. Ich bin sehr gl\u00fccklich \u00fcber dieses Tor und den Rekord, aber ich will nat\u00fcrlich noch viel mehr Tore machen.\n<\/p>\n<p><b>Alexander Walke:<\/b> Heute waren wir in allen Bereichen die bessere Mannschaft und haben deshalb auch verdient gewonnen. Sicherlich hat das fr\u00fche Tor dazu beigetragen, dass wir besser in Spiel gekommen sind. Wir haben heute viele Meter gemacht, sind viel gelaufen, und konnten gut in die R\u00e4ume vordringen, die Gr\u00f6dig uns geboten hat. Damit haben wir beim Gegner immer wieder Nadelstiche setzen k\u00f6nnen.\n<\/p>\n<\/div>\n","protected":false},"excerpt":{"rendered":"<p>FaktenBearbeiten] FC Red Bull Salzburg gegen SV Gr\u00f6dig, 3:0 Spieltag Bundesliga &#8211; 26. Spieltag Datum 5. M\u00e4rz 2016 Anpfiff 16 Uhr Aufstellung Tor Alexander Walke Verteidigung Stefan Lainer &#8211; Paulo Miranda &#8211; Duje Caleta-Car &#8211; Andreas Ulmer Mittelfeld Konrad Laimer &#8211; Yasin Pehlivan &#8211; Valon Berisha &#8211; Takumi Minamino Sturm Jonatan Soriano &#8211; Smail Prevljak [&hellip;]<\/p>\n","protected":false},"author":1,"featured_media":0,"comment_status":"open","ping_status":"open","sticky":false,"template":"","format":"standard","meta":{"footnotes":""},"categories":[1271],"tags":[],"class_list":["post-1614","post","type-post","status-publish","format-standard","hentry","category-26-runde-saison-2015"],"_links":{"self":[{"href":"https:\/\/wiki.s12.at\/index.php\/wp-json\/wp\/v2\/posts\/1614","targetHints":{"allow":["GET"]}}],"collection":[{"href":"https:\/\/wiki.s12.at\/index.php\/wp-json\/wp\/v2\/posts"}],"about":[{"href":"https:\/\/wiki.s12.at\/index.php\/wp-json\/wp\/v2\/types\/post"}],"author":[{"embeddable":true,"href":"https:\/\/wiki.s12.at\/index.php\/wp-json\/wp\/v2\/users\/1"}],"replies":[{"embeddable":true,"href":"https:\/\/wiki.s12.at\/index.php\/wp-json\/wp\/v2\/comments?post=1614"}],"version-history":[{"count":0,"href":"https:\/\/wiki.s12.at\/index.php\/wp-json\/wp\/v2\/posts\/1614\/revisions"}],"wp:attachment":[{"href":"https:\/\/wiki.s12.at\/index.php\/wp-json\/wp\/v2\/media?parent=1614"}],"wp:term":[{"taxonomy":"category","embeddable":true,"href":"https:\/\/wiki.s12.at\/index.php\/wp-json\/wp\/v2\/categories?post=1614"},{"taxonomy":"post_tag","embeddable":true,"href":"https:\/\/wiki.s12.at\/index.php\/wp-json\/wp\/v2\/tags?post=1614"}],"curies":[{"name":"wp","href":"https:\/\/api.w.org\/{rel}","templated":true}]}}