{"id":1610,"date":"2026-05-06T13:56:33","date_gmt":"2026-05-06T11:56:33","guid":{"rendered":"https:\/\/wiki.s12.at\/index.php\/2026\/05\/06\/26-runde-saison-2013-14-sv-ried-gegen-fc-red-bull-salzburg\/"},"modified":"2026-05-06T13:56:33","modified_gmt":"2026-05-06T11:56:33","slug":"26-runde-saison-2013-14-sv-ried-gegen-fc-red-bull-salzburg","status":"publish","type":"post","link":"https:\/\/wiki.s12.at\/index.php\/2026\/05\/06\/26-runde-saison-2013-14-sv-ried-gegen-fc-red-bull-salzburg\/","title":{"rendered":"14, SV Ried gegen FC Red Bull Salzburg"},"content":{"rendered":"<div class=\"mw-parser-output\">\n<h2><span class=\"mw-headline\" id=\"Fakten\">Fakten<\/span><a href=\"\/index.php?title=26._Runde,_Saison_2013\/14,_SV_Ried_gegen_FC_Red_Bull_Salzburg&amp;action=edit&amp;section=1\" title=\"Abschnitt bearbeiten: Fakten\">Bearbeiten<\/a><span class=\"mw-editsection-bracket\">]<\/span><\/span><\/h2>\n<table class=\"toptextcells toccolours\">\n<tbody>\n<tr>\n<th colspan=\"2\" style=\"text-align: center; vertical-align: top; padding: 0.3em 0.8em; font-size: 125%; background-color: lightsteelblue;\">SV Ried gegen FC Red Bull Salzburg, 1:3\n<\/th>\n<\/tr>\n<tr>\n<th style=\"text-align:left;\"><b>Spieltag<\/b>\n<\/th>\n<th style=\"text-align:left;\">Bundesliga &#8211; 26. Spieltag\n<\/th>\n<\/tr>\n<tr>\n<th style=\"text-align:left;\"><b>Datum<\/b>\n<\/th>\n<th style=\"text-align:left;\">8. M\u00e4rz 2014\n<\/th>\n<\/tr>\n<tr>\n<th style=\"text-align:left;\"><b>Anpfiff<\/b>\n<\/th>\n<th style=\"text-align:left;\">19 Uhr\n<\/th>\n<\/tr>\n<tr>\n<td colspan=\"2\" style=\"text-align:center;\" bgcolor=\"lightgray\"><b>Aufstellung<\/b>\n<\/td>\n<\/tr>\n<tr>\n<th style=\"text-align:left;\"><b>Tor<\/b>\n<\/th>\n<th><a href=\"\/Peter_Gulacsi\" class=\"mw-redirect\" title=\"Peter Gulacsi\">Peter Gulacsi<\/a>\n<\/th>\n<\/tr>\n<tr>\n<th style=\"text-align:left;\"><b>Verteidigung<\/b>\n<\/th>\n<th><a href=\"\/Florian_Klein\" title=\"Florian Klein\">Florian Klein<\/a> <a href=\"\/Andre_Ramalho\" class=\"mw-redirect\" title=\"Andre Ramalho\">Andre Ramalho<\/a> <a href=\"\/Rodnei\" title=\"Rodnei\">Rodnei<\/a> <a href=\"\/Dusan_Svento\" class=\"mw-redirect\" title=\"Dusan Svento\">Dusan Svento<\/a>\n<\/th>\n<\/tr>\n<tr>\n<th style=\"text-align:left;\"><b>Mittelfeld<\/b>\n<\/th>\n<th><a href=\"\/Stefan_Ilsanker\" title=\"Stefan Ilsanker\">Stefan Ilsanker<\/a> <a href=\"\/Valon_Berisha\" title=\"Valon Berisha\">Valon Berisha<\/a> <a href=\"\/Sadio_Man%C3%A9\" title=\"Sadio Man\u00e9\">Sadio Man\u00e9<\/a> <a href=\"\/Marco_Meilinger\" title=\"Marco Meilinger\">Marco Meilinger<\/a>\n<\/th>\n<\/tr>\n<tr>\n<th style=\"text-align:left;\"><b>Sturm<\/b>\n<\/th>\n<th><a href=\"\/Jonatan_Soriano\" title=\"Jonatan Soriano\">Jonatan Soriano<\/a> &#8211; <a href=\"\/Robert_Zulj\" title=\"Robert Zulj\">Robert Zulj<\/a>\n<\/th>\n<\/tr>\n<tr>\n<td colspan=\"2\" style=\"text-align:center;\" bgcolor=\"lightgray\"><b>Wechsel<\/b>\n<\/td>\n<\/tr>\n<tr>\n<th style=\"text-align:left;\"><b>Wechsel<\/b>\n<\/th>\n<th style=\"text-align:left;\"><a href=\"\/Valentino_Lazaro\" title=\"Valentino Lazaro\">Valentino Lazaro<\/a> f\u00fcr Mane (64.), <a href=\"\/Stefan_Hierl%C3%A4nder\" title=\"Stefan Hierl\u00e4nder\">Stefan Hierl\u00e4nder<\/a> f\u00fcr Berisha (65.), <a href=\"\/Kevin_Kampl\" title=\"Kevin Kampl\">Kevin Kampl<\/a> f\u00fcr Meilinger (80.)\n<\/th>\n<\/tr>\n<tr>\n<td colspan=\"2\" style=\"text-align:center;\" bgcolor=\"lightgray\"><b>Statistik<\/b>\n<\/td>\n<\/tr>\n<tr>\n<th style=\"text-align:left;\"><b>Endstand<\/b>\n<\/th>\n<th style=\"text-align:left;\">1:3 (1:3)\n<\/th>\n<\/tr>\n<tr>\n<th style=\"text-align:left;\"><b>Torsch\u00fctzen<\/b>\n<\/th>\n<th style=\"text-align:left;\">Gartler (14.); Soriano (7., 39.), Mane (30.)\n<\/th>\n<\/tr>\n<tr>\n<th style=\"text-align:left;\"><b>Gelbe Karten<\/b>\n<\/th>\n<th style=\"text-align:left;\">Gerad (38.), Zwischenbrugger (68.); Rodnei (85.), Lazaro (94.)\n<\/th>\n<\/tr>\n<tr>\n<th style=\"text-align:left;\"><b>Rote Karten<\/b>\n<\/th>\n<th style=\"text-align:left;\">\n<\/th>\n<\/tr>\n<tr>\n<th style=\"text-align:left;\"><b>Schiedsrichter<\/b>\n<\/th>\n<th style=\"text-align:left;\">Andreas Kollegger\n<\/th>\n<\/tr>\n<tr>\n<th style=\"text-align:left;\"><b>Stadion<\/b>\n<\/th>\n<th style=\"text-align:left;\">Keine Sorgen Arena, Ried\n<\/th>\n<\/tr>\n<tr>\n<th style=\"text-align:left;\"><b>Zuschauer<\/b>\n<\/th>\n<th style=\"text-align:left;\">7 000\n<\/th>\n<\/tr>\n<\/tbody>\n<\/table>\n<h2><span class=\"mw-headline\" id=\"Weblinks\">Weblinks<\/span><a href=\"\/index.php?title=26._Runde,_Saison_2013\/14,_SV_Ried_gegen_FC_Red_Bull_Salzburg&amp;action=edit&amp;section=2\" title=\"Abschnitt bearbeiten: Weblinks\">Bearbeiten<\/a><span class=\"mw-editsection-bracket\">]<\/span><\/span><\/h2>\n<ul>\n<li><a rel=\"nofollow\" class=\"external text\" href=\"http:\/\/www.salzburg12.at\/2014\/03\/wie-ein-schweizer-uhrwerk\">Spielbericht salzburg12.at<\/a><\/li>\n<li><a rel=\"nofollow\" class=\"external text\" href=\"http:\/\/www.redbulls.com\/de\/fc-red-bull-salzburg\/news\/saison_2013_14\/3-1-in-ried-rote-bullen-holen-naechste-rekorde.html\">Spielbericht Homepage<\/a><\/li>\n<\/ul>\n<p><center>&lt;youtube&gt;mnEqAkZSu10&lt;\/youtube&gt;<br \/>\n&lt;youtube&gt;t_WvICXgm4c&lt;\/youtube&gt;<\/center><\/p>\n<h2><span class=\"mw-headline\" id=\"Stimmen_zum_Spiel\">Stimmen zum Spiel<\/span><a href=\"\/index.php?title=26._Runde,_Saison_2013\/14,_SV_Ried_gegen_FC_Red_Bull_Salzburg&amp;action=edit&amp;section=3\" title=\"Abschnitt bearbeiten: Stimmen zum Spiel\">Bearbeiten<\/a><span class=\"mw-editsection-bracket\">]<\/span><\/span><\/h2>\n<ul>\n<li><b>Roger Schmidt:<\/b> &#8222;Wenn man in Ried klar gewinnt, ist das immer ein gutes Zeichen. Wir haben vor der Pause sehr gut gespielt, sehr sch\u00f6ne Tore erzielt und h\u00e4tten auch noch h\u00f6her f\u00fchren k\u00f6nnen. In der zweiten H\u00e4lfte haben wir dann etwas die Konzentration vermissen lassen. Basel ist eine schwierige Aufgabe. Doch mit unserer Historie k\u00f6nnen wir auch diese H\u00fcrde nehmen.&#8220;<\/li>\n<\/ul>\n<ul>\n<li><b>Jonatan Soriano:<\/b> &#8222;Meine Tore sind f\u00fcr die Mannschaft, ich denke nur an Red Bull. Wichtig ist, dass wir heute gewonnen haben. Jetzt konzentrieren wir uns voll auf Basel.&#8220;<\/li>\n<\/ul>\n<ul>\n<li><b>Michael Angerschmid:<\/b> &#8222;Salzburg hat offensiv sehr viel Qualit\u00e4t. Wir haben ganz ordentlich gespielt, aber du kannst gegen sie derzeit einfach nicht alles verteidigen. Wir haben uns sehr gut verkauft, haben gefightet, aber Salzburg spielt mit einem Tempo nach vorne, wie das in \u00d6sterreich schon lange nicht der Fall war. Wir m\u00fcssen schauen, dass wir unter der Woche Gas gegen, unser Spiel nach vorne verbessern und dann werden wir auch wieder Spiele gewinnen.&#8220;<\/li>\n<\/ul>\n<\/div>\n","protected":false},"excerpt":{"rendered":"<p>FaktenBearbeiten] SV Ried gegen FC Red Bull Salzburg, 1:3 Spieltag Bundesliga &#8211; 26. Spieltag Datum 8. M\u00e4rz 2014 Anpfiff 19 Uhr Aufstellung Tor Peter Gulacsi Verteidigung Florian Klein Andre Ramalho Rodnei Dusan Svento Mittelfeld Stefan Ilsanker Valon Berisha Sadio Man\u00e9 Marco Meilinger Sturm Jonatan Soriano &#8211; Robert Zulj Wechsel Wechsel Valentino Lazaro f\u00fcr Mane (64.), [&hellip;]<\/p>\n","protected":false},"author":1,"featured_media":0,"comment_status":"open","ping_status":"open","sticky":false,"template":"","format":"standard","meta":{"footnotes":""},"categories":[1269],"tags":[],"class_list":["post-1610","post","type-post","status-publish","format-standard","hentry","category-26-runde-saison-2013"],"_links":{"self":[{"href":"https:\/\/wiki.s12.at\/index.php\/wp-json\/wp\/v2\/posts\/1610","targetHints":{"allow":["GET"]}}],"collection":[{"href":"https:\/\/wiki.s12.at\/index.php\/wp-json\/wp\/v2\/posts"}],"about":[{"href":"https:\/\/wiki.s12.at\/index.php\/wp-json\/wp\/v2\/types\/post"}],"author":[{"embeddable":true,"href":"https:\/\/wiki.s12.at\/index.php\/wp-json\/wp\/v2\/users\/1"}],"replies":[{"embeddable":true,"href":"https:\/\/wiki.s12.at\/index.php\/wp-json\/wp\/v2\/comments?post=1610"}],"version-history":[{"count":0,"href":"https:\/\/wiki.s12.at\/index.php\/wp-json\/wp\/v2\/posts\/1610\/revisions"}],"wp:attachment":[{"href":"https:\/\/wiki.s12.at\/index.php\/wp-json\/wp\/v2\/media?parent=1610"}],"wp:term":[{"taxonomy":"category","embeddable":true,"href":"https:\/\/wiki.s12.at\/index.php\/wp-json\/wp\/v2\/categories?post=1610"},{"taxonomy":"post_tag","embeddable":true,"href":"https:\/\/wiki.s12.at\/index.php\/wp-json\/wp\/v2\/tags?post=1610"}],"curies":[{"name":"wp","href":"https:\/\/api.w.org\/{rel}","templated":true}]}}