{"id":1609,"date":"2026-05-06T13:56:32","date_gmt":"2026-05-06T11:56:32","guid":{"rendered":"https:\/\/wiki.s12.at\/index.php\/2026\/05\/06\/26-runde-saison-2013-14kapfenberger-sv-gegen-fc-liefering\/"},"modified":"2026-05-06T13:56:32","modified_gmt":"2026-05-06T11:56:32","slug":"26-runde-saison-2013-14kapfenberger-sv-gegen-fc-liefering","status":"publish","type":"post","link":"https:\/\/wiki.s12.at\/index.php\/2026\/05\/06\/26-runde-saison-2013-14kapfenberger-sv-gegen-fc-liefering\/","title":{"rendered":"14,Kapfenberger SV gegen FC Liefering"},"content":{"rendered":"<div class=\"mw-parser-output\">\n<h2><span class=\"mw-headline\" id=\"Fakten\">Fakten<\/span><a href=\"\/index.php?title=26._Runde,_Saison_2013\/14,Kapfenberger_SV_gegen_FC_Liefering&amp;action=edit&amp;section=1\" title=\"Abschnitt bearbeiten: Fakten\">Bearbeiten<\/a><span class=\"mw-editsection-bracket\">]<\/span><\/span><\/h2>\n<table class=\"toptextcells toccolours\">\n<tbody>\n<tr>\n<th colspan=\"2\" style=\"text-align: center; vertical-align: top; padding: 0.3em 0.8em; font-size: 125%; background-color: lightsteelblue;\">Kapfenberger SV gegen FC Liefering, 1:3\n<\/th>\n<\/tr>\n<tr>\n<th style=\"text-align:left;\"><b>Spieltag<\/b>\n<\/th>\n<th style=\"text-align:left;\">Heute f\u00fcr Morgen Erste Liga- 26. Spieltag\n<\/th>\n<\/tr>\n<tr>\n<th style=\"text-align:left;\"><b>Datum<\/b>\n<\/th>\n<th style=\"text-align:left;\">28. M\u00e4rz 2014\n<\/th>\n<\/tr>\n<tr>\n<th style=\"text-align:left;\"><b>Anpfiff<\/b>\n<\/th>\n<th style=\"text-align:left;\">18.30 Uhr\n<\/th>\n<\/tr>\n<tr>\n<td colspan=\"2\" style=\"text-align:center;\" bgcolor=\"lightgray\"><b>Aufstellung<\/b>\n<\/td>\n<\/tr>\n<tr>\n<th style=\"text-align:left;\"><b>Tor<\/b>\n<\/th>\n<th><a href=\"\/Thomas_D%C3%A4hne\" title=\"Thomas D\u00e4hne\">Thomas D\u00e4hne<\/a>\n<\/th>\n<\/tr>\n<tr>\n<th style=\"text-align:left;\"><b>Verteidigung<\/b>\n<\/th>\n<th><a href=\"\/Stefan_Lainer\" title=\"Stefan Lainer\">Stefan Lainer<\/a>  <a href=\"\/Lukas_Gugganig\" title=\"Lukas Gugganig\">Lukas Gugganig<\/a> <a href=\"\/Asger_S%C3%B6rensen\" title=\"Asger S\u00f6rensen\">Asger S\u00f6rensen<\/a> <a href=\"\/Wolfgang_Mair\" title=\"Wolfgang Mair\">Wolfgang Mair<\/a>\n<\/th>\n<\/tr>\n<tr>\n<th style=\"text-align:left;\"><b>Mittelfeld<\/b>\n<\/th>\n<th><a href=\"\/Robert_V%C3%B6lkl\" title=\"Robert V\u00f6lkl\">Robert V\u00f6lkl<\/a> <a href=\"\/Sandro_Djuric\" title=\"Sandro Djuric\">Sandro Djuric<\/a> <a href=\"\/Martin_Rasner\" title=\"Martin Rasner\">Martin Rasner<\/a>\n<\/th>\n<\/tr>\n<tr>\n<th style=\"text-align:left;\"><b>Sturm<\/b>\n<\/th>\n<th><a href=\"\/Nils_Quaschner\" title=\"Nils Quaschner\">Nils Quaschner<\/a> <a href=\"\/Yordy_Reyna\" title=\"Yordy Reyna\">Yordy Reyna<\/a> <a href=\"\/Nikola_Dovedan\" title=\"Nikola Dovedan\">Nikola Dovedan<\/a>\n<\/th>\n<\/tr>\n<tr>\n<td colspan=\"2\" style=\"text-align:center;\" bgcolor=\"lightgray\"><b>Wechsel<\/b>\n<\/td>\n<\/tr>\n<tr>\n<th style=\"text-align:left;\"><b>Wechsel<\/b>\n<\/th>\n<th style=\"text-align:left;\"><a href=\"\/Jodel_Dossou\" title=\"Jodel Dossou\">Jodel Dossou<\/a> f\u00fcr Reyna (66.), <a href=\"\/Stefan_Savic\" title=\"Stefan Savic\">Stefan Savic<\/a> f\u00fcr Dovedan (66.), <a href=\"\/Andreas_Bammer\" title=\"Andreas Bammer\">Andreas Bammer<\/a> f\u00fcr Quaschner (81.)\n<\/th>\n<\/tr>\n<tr>\n<td colspan=\"2\" style=\"text-align:center;\" bgcolor=\"lightgray\"><b>Statistik<\/b>\n<\/td>\n<\/tr>\n<tr>\n<th style=\"text-align:left;\"><b>Endstand<\/b>\n<\/th>\n<th style=\"text-align:left;\">1:3 (1:0)\n<\/th>\n<\/tr>\n<tr>\n<th style=\"text-align:left;\"><b>Torsch\u00fctzen<\/b>\n<\/th>\n<th style=\"text-align:left;\">Wendler (39.); Dovedan (49.), Dossou (76.), Rasner (85.)\n<\/th>\n<\/tr>\n<tr>\n<th style=\"text-align:left;\"><b>Gelbe Karten<\/b>\n<\/th>\n<th style=\"text-align:left;\">Gollner (33.), Sharifi (63.), Farnleitner (74.); Reyna (36.)\n<\/th>\n<\/tr>\n<tr>\n<th style=\"text-align:left;\"><b>Rote Karten<\/b>\n<\/th>\n<th style=\"text-align:left;\">\n<\/th>\n<\/tr>\n<tr>\n<th style=\"text-align:left;\"><b>Schiedsrichter<\/b>\n<\/th>\n<th style=\"text-align:left;\">Philipp Aiginger\n<\/th>\n<\/tr>\n<tr>\n<th style=\"text-align:left;\"><b>Stadion<\/b>\n<\/th>\n<th style=\"text-align:left;\">Franz-Fekete-Stadion, Kapfenberg\n<\/th>\n<\/tr>\n<tr>\n<th style=\"text-align:left;\"><b>Zuschauer<\/b>\n<\/th>\n<th style=\"text-align:left;\">\n<\/th>\n<\/tr>\n<\/tbody>\n<\/table>\n<h2><span class=\"mw-headline\" id=\"Stimmen_zum_Spiel\">Stimmen zum Spiel<\/span><a href=\"\/index.php?title=26._Runde,_Saison_2013\/14,Kapfenberger_SV_gegen_FC_Liefering&amp;action=edit&amp;section=2\" title=\"Abschnitt bearbeiten: Stimmen zum Spiel\">Bearbeiten<\/a><span class=\"mw-editsection-bracket\">]<\/span><\/span><\/h2>\n<ul>\n<li><b>Peter Zeidler:<\/b> &#8222;Das war heute, vor allem in der zweiten Halbzeit, ein tolles Spiel meiner Mannschaft. Darum bin ich heute nicht nur zufrieden, sondern auch stolz. Wir haben ausw\u00e4rts bei einem der besten Teams der Liga dominiert, den Gegner unter Druck gesetzt und viele Chancen herausgespielt. Deshalb ist der Sieg auch verdient. Auch wenn wir in der einen oder anderen Situation auch das Gl\u00fcck des T\u00fcchtigen hatten. Die Entwicklung geht weiter.&#8220;<\/li>\n<\/ul>\n<\/div>\n","protected":false},"excerpt":{"rendered":"<p>FaktenBearbeiten] Kapfenberger SV gegen FC Liefering, 1:3 Spieltag Heute f\u00fcr Morgen Erste Liga- 26. Spieltag Datum 28. M\u00e4rz 2014 Anpfiff 18.30 Uhr Aufstellung Tor Thomas D\u00e4hne Verteidigung Stefan Lainer Lukas Gugganig Asger S\u00f6rensen Wolfgang Mair Mittelfeld Robert V\u00f6lkl Sandro Djuric Martin Rasner Sturm Nils Quaschner Yordy Reyna Nikola Dovedan Wechsel Wechsel Jodel Dossou f\u00fcr Reyna [&hellip;]<\/p>\n","protected":false},"author":1,"featured_media":0,"comment_status":"open","ping_status":"open","sticky":false,"template":"","format":"standard","meta":{"footnotes":""},"categories":[1269],"tags":[],"class_list":["post-1609","post","type-post","status-publish","format-standard","hentry","category-26-runde-saison-2013"],"_links":{"self":[{"href":"https:\/\/wiki.s12.at\/index.php\/wp-json\/wp\/v2\/posts\/1609","targetHints":{"allow":["GET"]}}],"collection":[{"href":"https:\/\/wiki.s12.at\/index.php\/wp-json\/wp\/v2\/posts"}],"about":[{"href":"https:\/\/wiki.s12.at\/index.php\/wp-json\/wp\/v2\/types\/post"}],"author":[{"embeddable":true,"href":"https:\/\/wiki.s12.at\/index.php\/wp-json\/wp\/v2\/users\/1"}],"replies":[{"embeddable":true,"href":"https:\/\/wiki.s12.at\/index.php\/wp-json\/wp\/v2\/comments?post=1609"}],"version-history":[{"count":0,"href":"https:\/\/wiki.s12.at\/index.php\/wp-json\/wp\/v2\/posts\/1609\/revisions"}],"wp:attachment":[{"href":"https:\/\/wiki.s12.at\/index.php\/wp-json\/wp\/v2\/media?parent=1609"}],"wp:term":[{"taxonomy":"category","embeddable":true,"href":"https:\/\/wiki.s12.at\/index.php\/wp-json\/wp\/v2\/categories?post=1609"},{"taxonomy":"post_tag","embeddable":true,"href":"https:\/\/wiki.s12.at\/index.php\/wp-json\/wp\/v2\/tags?post=1609"}],"curies":[{"name":"wp","href":"https:\/\/api.w.org\/{rel}","templated":true}]}}