{"id":1608,"date":"2026-05-06T13:56:32","date_gmt":"2026-05-06T11:56:32","guid":{"rendered":"https:\/\/wiki.s12.at\/index.php\/2026\/05\/06\/26-runde-saison-2012-13-rbs-vs-svr\/"},"modified":"2026-05-06T13:56:32","modified_gmt":"2026-05-06T11:56:32","slug":"26-runde-saison-2012-13-rbs-vs-svr","status":"publish","type":"post","link":"https:\/\/wiki.s12.at\/index.php\/2026\/05\/06\/26-runde-saison-2012-13-rbs-vs-svr\/","title":{"rendered":"13, RBS vs SVR"},"content":{"rendered":"<div class=\"mw-parser-output\">\n<h3><span class=\"mw-headline\" id=\"Fakten\">Fakten<\/span><a href=\"\/index.php?title=26._Runde,_Saison_2012\/13,_RBS_vs_SVR&amp;action=edit&amp;section=1\" title=\"Abschnitt bearbeiten: Fakten\">Bearbeiten<\/a><span class=\"mw-editsection-bracket\">]<\/span><\/span><\/h3>\n<p><b>Bundesliga &#8211; 26. Spieltag: 16. M\u00e4rz 2013, 18.30 Uhr<\/b><br \/>\n\n<\/p>\n<table class=\"wikitable\">\n<caption><b><big>FC Red Bull Salzburg gegen SV Ried, 2:2 <\/big><\/b><br \/>\n<\/caption>\n<tbody>\n<tr>\n<td>Aufstellung:<\/td>\n<td><a href=\"\/Alexander_Walke\" title=\"Alexander Walke\">Alexander Walke<\/a>\n<\/td>\n<\/tr>\n<tr>\n<td><\/td>\n<td><a href=\"\/Christian_Schwegler\" title=\"Christian Schwegler\">Christian Schwegler<\/a> <a href=\"\/Ibrahim_Sekagya\" title=\"Ibrahim Sekagya\">Ibrahim Sekagya<\/a> <a href=\"\/Rodnei\" title=\"Rodnei\">Rodnei<\/a> <a href=\"\/Andreas_Ulmer\" title=\"Andreas Ulmer\">Andreas Ulmer<\/a>\n<\/td>\n<\/tr>\n<tr>\n<td><\/td>\n<td><a href=\"\/Martin_Hinteregger\" title=\"Martin Hinteregger\">Martin Hinteregger<\/a>  <a href=\"\/Dusan_Svento\" class=\"mw-redirect\" title=\"Dusan Svento\">Dusan Svento<\/a> <a href=\"\/Christoph_Leitgeb\" title=\"Christoph Leitgeb\">Christoph Leitgeb<\/a> <a href=\"\/Sadio_Man%C3%A9\" title=\"Sadio Man\u00e9\">Sadio Man\u00e9<\/a>\n<\/td>\n<\/tr>\n<tr>\n<td><\/td>\n<td><a href=\"\/Jonatan_Soriano\" title=\"Jonatan Soriano\">Jonatan Soriano<\/a> <a href=\"\/Alan\" title=\"Alan\">Alan<\/a>\n<\/td>\n<\/tr>\n<tr>\n<td>Wechsel:<\/td>\n<td><a href=\"\/Valon_Berisha\" title=\"Valon Berisha\">Valon Berisha<\/a> f\u00fcr Ulmer (54.), <a href=\"\/Georg_Teigl\" title=\"Georg Teigl\">Georg Teigl<\/a> f\u00fcr Alan (74.) <a href=\"\/Stefan_Hierl%C3%A4nder\" title=\"Stefan Hierl\u00e4nder\">Stefan Hierl\u00e4nder<\/a> f\u00fcr Leitgeb (88.)\n<\/td>\n<\/tr>\n<tr>\n<td>Endstand:<\/td>\n<td>2:2 (1:1)\n<\/td>\n<\/tr>\n<tr>\n<td>Torsch\u00fctzen:<\/td>\n<td>Soriano (42.), Hinteregger (81.);  Meilinger (22., 52.)\n<\/td>\n<\/tr>\n<tr>\n<td>Gelbe Karten:<\/td>\n<td>Man\u00e9 (75.); Vastic (15.), Zulj (20.), Gebauer (85.), Hammerer (92.)\n<\/td>\n<\/tr>\n<tr>\n<td>Gelb-rote Karten:<\/td>\n<td>\n<\/td>\n<\/tr>\n<tr>\n<td>Rote Karten:<\/td>\n<td>\n<\/td>\n<\/tr>\n<tr>\n<td>Schiedsrichter:<\/td>\n<td>Manfred Krassnitzer\n<\/td>\n<\/tr>\n<tr>\n<td>Stadion:<\/td>\n<td>EM Stadion Wals-Siezenheim, Salzburg\n<\/td>\n<\/tr>\n<tr>\n<td>Zuschauer:<\/td>\n<td>5 870\n<\/td>\n<\/tr>\n<tr>\n<td>Anmerkung:<\/td>\n<td>Dusan Svento spielte sein 100. Bundesligaspiel\n<\/td>\n<\/tr>\n<\/tbody>\n<\/table>\n<h2><span class=\"mw-headline\" id=\"Stimmen_zum_Spiel\">Stimmen zum Spiel<\/span><a href=\"\/index.php?title=26._Runde,_Saison_2012\/13,_RBS_vs_SVR&amp;action=edit&amp;section=2\" title=\"Abschnitt bearbeiten: Stimmen zum Spiel\">Bearbeiten<\/a><span class=\"mw-editsection-bracket\">]<\/span><\/span><\/h2>\n<ul>\n<li><b>Roger Schmidt:<\/b> \u201eWir kassieren viel zu einfach Gegentore. Aber es fehlt uns vorne im Moment auch die Durchschlagskraft, um die vorhandenen M\u00f6glichkeiten zu verwerten. Nach dem neuerlichen R\u00fcckstand kurz nach der Pause hat man gemerkt, dass die Mannschaft etwas verkrampft war. Wir werden jetzt versuchen, die L\u00e4nderspielpause optimal zu nutzen.\u201c<\/li>\n<\/ul>\n<ul>\n<li><b>Martin Hinteregger:<\/b> \u201eWir bekommen in der letzten Zeit einfach zu viele Gegentreffer. Das verfolgt uns. Da m\u00fcssen wir den Hebel ansetzen, m\u00fcssen hinter einfach konsequenter dagegen halten.\u201c<\/li>\n<\/ul>\n<h2><span class=\"mw-headline\" id=\"Weblinks\">Weblinks<\/span><a href=\"\/index.php?title=26._Runde,_Saison_2012\/13,_RBS_vs_SVR&amp;action=edit&amp;section=3\" title=\"Abschnitt bearbeiten: Weblinks\">Bearbeiten<\/a><span class=\"mw-editsection-bracket\">]<\/span><\/span><\/h2>\n<ul>\n<li><a rel=\"nofollow\" class=\"external text\" href=\"http:\/\/www.redbullsfan.tv\/spiele\/bundesliga\/red-bull-salzburg-vs-sv-ried\/page\/view=1435\">Video auf redbullsfan.tv<\/a><\/li>\n<li><a rel=\"nofollow\" class=\"external text\" href=\"http:\/\/www.salzburg12.at\/2013\/03\/hinteregger-rettet-remis\/?fb_source=pubv1\">Spielbericht auf salzburg12.at<\/a><\/li>\n<li><a rel=\"nofollow\" class=\"external text\" href=\"http:\/\/www.redbullsfan.tv\/specials\/demolux\/spielanalyse-26-runde-%7C-demolux\/page\/view=1438\">Spielanalyse Demolux<\/a><\/li>\n<\/ul>\n<\/div>\n","protected":false},"excerpt":{"rendered":"<p>FaktenBearbeiten] Bundesliga &#8211; 26. Spieltag: 16. M\u00e4rz 2013, 18.30 Uhr FC Red Bull Salzburg gegen SV Ried, 2:2 Aufstellung: Alexander Walke Christian Schwegler Ibrahim Sekagya Rodnei Andreas Ulmer Martin Hinteregger Dusan Svento Christoph Leitgeb Sadio Man\u00e9 Jonatan Soriano Alan Wechsel: Valon Berisha f\u00fcr Ulmer (54.), Georg Teigl f\u00fcr Alan (74.) Stefan Hierl\u00e4nder f\u00fcr Leitgeb (88.) [&hellip;]<\/p>\n","protected":false},"author":1,"featured_media":0,"comment_status":"open","ping_status":"open","sticky":false,"template":"","format":"standard","meta":{"footnotes":""},"categories":[1268],"tags":[],"class_list":["post-1608","post","type-post","status-publish","format-standard","hentry","category-26-runde-saison-2012"],"_links":{"self":[{"href":"https:\/\/wiki.s12.at\/index.php\/wp-json\/wp\/v2\/posts\/1608","targetHints":{"allow":["GET"]}}],"collection":[{"href":"https:\/\/wiki.s12.at\/index.php\/wp-json\/wp\/v2\/posts"}],"about":[{"href":"https:\/\/wiki.s12.at\/index.php\/wp-json\/wp\/v2\/types\/post"}],"author":[{"embeddable":true,"href":"https:\/\/wiki.s12.at\/index.php\/wp-json\/wp\/v2\/users\/1"}],"replies":[{"embeddable":true,"href":"https:\/\/wiki.s12.at\/index.php\/wp-json\/wp\/v2\/comments?post=1608"}],"version-history":[{"count":0,"href":"https:\/\/wiki.s12.at\/index.php\/wp-json\/wp\/v2\/posts\/1608\/revisions"}],"wp:attachment":[{"href":"https:\/\/wiki.s12.at\/index.php\/wp-json\/wp\/v2\/media?parent=1608"}],"wp:term":[{"taxonomy":"category","embeddable":true,"href":"https:\/\/wiki.s12.at\/index.php\/wp-json\/wp\/v2\/categories?post=1608"},{"taxonomy":"post_tag","embeddable":true,"href":"https:\/\/wiki.s12.at\/index.php\/wp-json\/wp\/v2\/tags?post=1608"}],"curies":[{"name":"wp","href":"https:\/\/api.w.org\/{rel}","templated":true}]}}