{"id":1603,"date":"2026-05-06T13:56:04","date_gmt":"2026-05-06T11:56:04","guid":{"rendered":"https:\/\/wiki.s12.at\/index.php\/2026\/05\/06\/26-runde-saison-2006-07-scr-vs-rbs\/"},"modified":"2026-05-06T13:56:04","modified_gmt":"2026-05-06T11:56:04","slug":"26-runde-saison-2006-07-scr-vs-rbs","status":"publish","type":"post","link":"https:\/\/wiki.s12.at\/index.php\/2026\/05\/06\/26-runde-saison-2006-07-scr-vs-rbs\/","title":{"rendered":"07, SCR vs. RBS"},"content":{"rendered":"<div class=\"mw-parser-output\">\n<h3><span class=\"mw-headline\" id=\"Fakten\">Fakten<\/span><a href=\"\/index.php?title=26._Runde,_Saison_2006\/07,_SCR_vs._RBS&amp;action=edit&amp;section=1\" title=\"Abschnitt bearbeiten: Fakten\">Bearbeiten<\/a><span class=\"mw-editsection-bracket\">]<\/span><\/span><\/h3>\n<p><b>Bundesliga &#8211; 26. Spieltag: 31. M\u00e4rz 2007, 18.30 Uhr<\/b><br \/>\n\n<\/p>\n<table class=\"wikitable\">\n<caption><big>SK Rapid Wien gegen FC Red Bull Salzburg, 2:2<\/big><br \/>\n<\/caption>\n<tbody>\n<tr>\n<td>Aufstellung:<\/td>\n<td><a href=\"\/Timo_Ochs\" title=\"Timo Ochs\">Timo Ochs<\/a>, <a href=\"\/Alex\" class=\"mw-redirect\" title=\"Alex\">Alex<\/a>, <a href=\"\/Milan_Dudic\" class=\"mw-redirect\" title=\"Milan Dudic\">Milan Dudic<\/a>, <a href=\"\/Thomas_Linke\" title=\"Thomas Linke\">Thomas Linke<\/a>, <a href=\"\/Jorge_Vargas\" title=\"Jorge Vargas\">Jorge Vargas<\/a>, <a href=\"\/Ezequiel_Carboni\" class=\"mw-redirect\" title=\"Ezequiel Carboni\">Ezequiel Carboni<\/a>, <a href=\"\/Niko_Kova%C4%8D\" title=\"Niko Kova\u010d\">Niko Kova\u010d<\/a>, <a href=\"\/Patrik_Je%C5%BEek\" title=\"Patrik Je\u017eek\">Patrik Je\u017eek<\/a>, <a href=\"\/Karel_Pitak\" class=\"mw-redirect\" title=\"Karel Pitak\">Karel Pitak<\/a>,<a href=\"\/Rene_Aufhauser\" class=\"mw-redirect\" title=\"Rene Aufhauser\">Rene Aufhauser<\/a>,  <a href=\"\/Alexander_Zickler\" title=\"Alexander Zickler\">Alexander Zickler<\/a>\n<\/td>\n<\/tr>\n<tr>\n<td>Wechsel:<\/td>\n<td><a href=\"\/Remo_Meyer\" class=\"mw-redirect\" title=\"Remo Meyer\">Remo Meyer<\/a> f\u00fcr Vargas (29.), <a href=\"\/Markus_Steinh%C3%B6fer\" title=\"Markus Steinh\u00f6fer\">Markus Steinh\u00f6fer<\/a> f\u00fcr Alex (65.), <a href=\"\/Johan_Vonlanthen\" title=\"Johan Vonlanthen\">Johan Vonlanthen<\/a> f\u00fcr Jezek (72.)\n<\/td>\n<\/tr>\n<tr>\n<td>Endstand:<\/td>\n<td>2:2 (0:0)\n<\/td>\n<\/tr>\n<tr>\n<td>Torsch\u00fctzen:<\/td>\n<td>Kincl (63., 89.); Aufhauser (87.), Dudic (94.)\n<\/td>\n<\/tr>\n<tr>\n<td>Gelbe Karten:<\/td>\n<td>Kavlak (14.), Katzer (24.), Hiden (59.), Vorisek (82.); Carboni (23.)\n<\/td>\n<\/tr>\n<tr>\n<td>Gelb-rote Karten:<\/td>\n<td>Carboni (61.)\n<\/td>\n<\/tr>\n<tr>\n<td>Rote Karten:<\/td>\n<td>\n<\/td>\n<\/tr>\n<tr>\n<td>Schiedsrichter:<\/td>\n<td>Thomas Einwaller\n<\/td>\n<\/tr>\n<tr>\n<td>Stadion:<\/td>\n<td>Hanappi-Stadion, Wien\n<\/td>\n<\/tr>\n<tr>\n<td>Zuschauer:<\/td>\n<td>16 412\n<\/td>\n<\/tr>\n<\/tbody>\n<\/table>\n<\/div>\n","protected":false},"excerpt":{"rendered":"<p>FaktenBearbeiten] Bundesliga &#8211; 26. Spieltag: 31. M\u00e4rz 2007, 18.30 Uhr SK Rapid Wien gegen FC Red Bull Salzburg, 2:2 Aufstellung: Timo Ochs, Alex, Milan Dudic, Thomas Linke, Jorge Vargas, Ezequiel Carboni, Niko Kova\u010d, Patrik Je\u017eek, Karel Pitak,Rene Aufhauser, Alexander Zickler Wechsel: Remo Meyer f\u00fcr Vargas (29.), Markus Steinh\u00f6fer f\u00fcr Alex (65.), Johan Vonlanthen f\u00fcr Jezek [&hellip;]<\/p>\n","protected":false},"author":1,"featured_media":0,"comment_status":"open","ping_status":"open","sticky":false,"template":"","format":"standard","meta":{"footnotes":""},"categories":[1263],"tags":[],"class_list":["post-1603","post","type-post","status-publish","format-standard","hentry","category-26-runde-saison-2006"],"_links":{"self":[{"href":"https:\/\/wiki.s12.at\/index.php\/wp-json\/wp\/v2\/posts\/1603","targetHints":{"allow":["GET"]}}],"collection":[{"href":"https:\/\/wiki.s12.at\/index.php\/wp-json\/wp\/v2\/posts"}],"about":[{"href":"https:\/\/wiki.s12.at\/index.php\/wp-json\/wp\/v2\/types\/post"}],"author":[{"embeddable":true,"href":"https:\/\/wiki.s12.at\/index.php\/wp-json\/wp\/v2\/users\/1"}],"replies":[{"embeddable":true,"href":"https:\/\/wiki.s12.at\/index.php\/wp-json\/wp\/v2\/comments?post=1603"}],"version-history":[{"count":0,"href":"https:\/\/wiki.s12.at\/index.php\/wp-json\/wp\/v2\/posts\/1603\/revisions"}],"wp:attachment":[{"href":"https:\/\/wiki.s12.at\/index.php\/wp-json\/wp\/v2\/media?parent=1603"}],"wp:term":[{"taxonomy":"category","embeddable":true,"href":"https:\/\/wiki.s12.at\/index.php\/wp-json\/wp\/v2\/categories?post=1603"},{"taxonomy":"post_tag","embeddable":true,"href":"https:\/\/wiki.s12.at\/index.php\/wp-json\/wp\/v2\/tags?post=1603"}],"curies":[{"name":"wp","href":"https:\/\/api.w.org\/{rel}","templated":true}]}}