{"id":1568,"date":"2026-05-06T13:55:36","date_gmt":"2026-05-06T11:55:36","guid":{"rendered":"https:\/\/wiki.s12.at\/index.php\/2026\/05\/06\/26-runde-saison-2025-26-fc-red-bull-salzburg-gegen-lask\/"},"modified":"2026-05-06T13:55:36","modified_gmt":"2026-05-06T11:55:36","slug":"26-runde-saison-2025-26-fc-red-bull-salzburg-gegen-lask","status":"publish","type":"post","link":"https:\/\/wiki.s12.at\/index.php\/2026\/05\/06\/26-runde-saison-2025-26-fc-red-bull-salzburg-gegen-lask\/","title":{"rendered":"26, FC Red Bull Salzburg gegen LASK"},"content":{"rendered":"<div class=\"mw-parser-output\">\n<table class=\"toptextcells toccolours\">\n<tbody>\n<tr>\n<th colspan=\"2\" style=\"text-align: center; vertical-align: top; padding: 0.3em 0.8em; font-size: 125%; background-color: lightsteelblue;\">FC Red Bull Salzburg gegen LASK, 2:3\n<\/th>\n<\/tr>\n<tr>\n<th style=\"text-align:left;\"><b>Spieltag<\/b>\n<\/th>\n<th style=\"text-align:left;\">Bundesliga &#8211; 26. Runde\n<\/th>\n<\/tr>\n<tr>\n<th style=\"text-align:left;\"><b>Datum<\/b>\n<\/th>\n<th style=\"text-align:left;\">10. April 2026\n<\/th>\n<\/tr>\n<tr>\n<th style=\"text-align:left;\"><b>Anpfiff<\/b>\n<\/th>\n<th style=\"text-align:left;\">19:30 Uhr\n<\/th>\n<\/tr>\n<tr>\n<td colspan=\"2\" style=\"text-align:center;\" bgcolor=\"lightgray\"><b>Aufstellung<\/b>\n<\/td>\n<\/tr>\n<tr>\n<th style=\"text-align:left;\"><b>Tor<\/b>\n<\/th>\n<th><a href=\"\/Alexander_Schlager\" title=\"Alexander Schlager\">Alexander Schlager<\/a>\n<\/th>\n<\/tr>\n<tr>\n<th style=\"text-align:left;\"><b>Verteidigung<\/b>\n<\/th>\n<th><a href=\"\/Stefan_Lainer\" title=\"Stefan Lainer\">Stefan Lainer<\/a> &#8211;   <a href=\"\/Anrie_Chase\" title=\"Anrie Chase\">Anrie Chase<\/a> &#8211;  <a href=\"\/Jannik_Schuster\" title=\"Jannik Schuster\">Jannik Schuster<\/a>&#8211; <a href=\"\/Aleksa_Terzic\" title=\"Aleksa Terzic\">Aleksa Terzic<\/a>\n<\/th>\n<\/tr>\n<tr>\n<th style=\"text-align:left;\"><b>Mittelfeld<\/b>\n<\/th>\n<th><a href=\"\/Mads_Bidstrup\" title=\"Mads Bidstrup\">Mads Bidstrup<\/a>  &#8211;  <a href=\"\/Kerim_Alajbegovic\" title=\"Kerim Alajbegovic\">Kerim Alajbegovic<\/a> &#8211;  <a href=\"\/Frans_Kr%C3%A4tzig\" title=\"Frans Kr\u00e4tzig\">Frans Kr\u00e4tzig<\/a>\n<\/th>\n<\/tr>\n<tr>\n<th style=\"text-align:left;\"><b>Sturm<\/b>\n<\/th>\n<th><a href=\"\/Sota_Kitano\" title=\"Sota Kitano\">Sota Kitano<\/a> &#8211; <a href=\"\/Karim_Konate\" title=\"Karim Konate\">Karim Konate<\/a>  &#8211;<a href=\"\/Yorbe_Vertessen\" title=\"Yorbe Vertessen\">Yorbe Vertessen<\/a>\n<\/th>\n<\/tr>\n<tr>\n<td colspan=\"2\" style=\"text-align:center;\" bgcolor=\"lightgray\"><b>Wechsel<\/b>\n<\/td>\n<\/tr>\n<tr>\n<th style=\"text-align:left;\"><b>Wechsel<\/b>\n<\/th>\n<th style=\"text-align:left;\"><a href=\"\/Maurits_Kjaergaard\" title=\"Maurits Kjaergaard\">Maurits Kjaergaard<\/a> f\u00fcr Terzic (68.), <a href=\"\/Edmund_Baidoo\" title=\"Edmund Baidoo\">Edmund Baidoo<\/a> f\u00fcr Vertessen (68.), <br \/> <a href=\"\/Karim_Onisiwo\" title=\"Karim Onisiwo\">Karim Onisiwo<\/a> f\u00fcr Schuster (86.)\n<\/th>\n<\/tr>\n<tr>\n<td colspan=\"2\" style=\"text-align:center;\" bgcolor=\"lightgray\"><b>Statistik<\/b>\n<\/td>\n<\/tr>\n<tr>\n<th style=\"text-align:left;\"><b>Endstand<\/b>\n<\/th>\n<th style=\"text-align:left;\">2:3 (1:1)\n<\/th>\n<\/tr>\n<tr>\n<th style=\"text-align:left;\"><b>Torsch\u00fctzen<\/b>\n<\/th>\n<th style=\"text-align:left;\">Konate (28.), Kjaergaard (91.); Cisse (8.), Kalajdzic (62.), Mbuyamba (95.)\n<\/th>\n<\/tr>\n<tr>\n<th style=\"text-align:left;\"><b>Gelbe Karten<\/b>\n<\/th>\n<th style=\"text-align:left;\">Coulibaly (57.)\n<\/th>\n<\/tr>\n<tr>\n<th style=\"text-align:left;\"><b>Rote Karten<\/b>\n<\/th>\n<th style=\"text-align:left;\">\n<\/th>\n<\/tr>\n<tr>\n<th style=\"text-align:left;\"><b>Schiedsrichter<\/b>\n<\/th>\n<th style=\"text-align:left;\">Christian-Petru Ciochirca\n<\/th>\n<\/tr>\n<tr>\n<th style=\"text-align:left;\"><b>Stadion<\/b>\n<\/th>\n<th style=\"text-align:left;\">EM-Stadion Wals- Siezenheim, Salzburg\n<\/th>\n<\/tr>\n<tr>\n<th style=\"text-align:left;\"><b>Zuschauer<\/b>\n<\/th>\n<th style=\"text-align:left;\">8.737\n<\/th>\n<\/tr>\n<\/tbody>\n<\/table>\n<h2><span class=\"mw-headline\" id=\"Spielbericht\">Spielbericht<\/span><a href=\"\/index.php?title=26.Runde,_Saison_2025\/26,_FC_Red_Bull_Salzburg_gegen_LASK&amp;action=edit&amp;section=1\" title=\"Abschnitt bearbeiten: Spielbericht\">Bearbeiten<\/a><span class=\"mw-editsection-bracket\">]<\/span><\/span><\/h2>\n<p><a rel=\"nofollow\" class=\"external text\" href=\"https:\/\/www.redbullsalzburg.at\/de\/2025-2026\/spielplan\/bundesliga-26-runde-26-fc-red-bull-salzburg-vs-lask#spielbericht\">Spielbericht Vereinshomepage<\/a>\n<\/p>\n<h2><span class=\"mw-headline\" id=\"Bilder\">Bilder<\/span><a href=\"\/index.php?title=26.Runde,_Saison_2025\/26,_FC_Red_Bull_Salzburg_gegen_LASK&amp;action=edit&amp;section=2\" title=\"Abschnitt bearbeiten: Bilder\">Bearbeiten<\/a><span class=\"mw-editsection-bracket\">]<\/span><\/span><\/h2>\n<p><img alt=\"\" src=\"\/images\/thumb\/4\/4a\/Commons-logo.svg\/langde-20px-Commons-logo.svg.png%3Futm_source%3Dcommons.wikimedia.org%26utm_campaign%3Dimageinfo%26utm_content%3Dthumbnail\" decoding=\"async\" title=\"Commons\" width=\"12\" height=\"16\" srcset=\"\/images\/thumb\/4\/4a\/Commons-logo.svg\/langde-40px-Commons-logo.svg.png%3Futm_source%3Dcommons.wikimedia.org%26utm_campaign%3Dimageinfo%26utm_content%3Dthumbnail 2x\" \/>&#160;<b><a href=\"http:\/\/commons.wikimedia.org\/wiki\/Category:FC_RB_Salzburg_gegen_LASK_(2026-05-10)\" class=\"extiw\" title=\"commons:Category:FC RB Salzburg gegen LASK (2026-05-10)\">26.Runde, Saison 2025\/26, FC Red Bull Salzburg gegen LASK<\/a><\/b>&#160;\u2013 Sammlung von Bildern, Videos und Audiodateien auf <a href=\"\/Wikimedia_Commons\" title=\"Wikimedia Commons\">Wikimedia Commons<\/a>\n<\/p>\n<h2><span class=\"mw-headline\" id=\"Stimmen_zum_Spiel\">Stimmen zum Spiel<\/span><a href=\"\/index.php?title=26.Runde,_Saison_2025\/26,_FC_Red_Bull_Salzburg_gegen_LASK&amp;action=edit&amp;section=3\" title=\"Abschnitt bearbeiten: Stimmen zum Spiel\">Bearbeiten<\/a><span class=\"mw-editsection-bracket\">]<\/span><\/span><\/h2>\n<p><b>Alexander Schlager:<\/b>  Am Ende des Tages tut es nat\u00fcrlich dreifach weh, wenn man so sp\u00e4t das Gegentor kassiert. Aber in Summe war es \u00fcber die 90 Minuten hinweg einfach zu wenig, vor allem defensiv. Es schmerzt schon sehr. Es werden immer Fehler passieren, es geht aber um die H\u00e4ufigkeit und darum, dass sich der Kampf in der Liga zuspitzt. Sehr, sehr bitter, weil wir die Fans entt\u00e4uschen \u2013 und trotzdem m\u00fcssen wir die K\u00f6pfe aufrichten, es geht einfach noch um zu viel.\n<\/p>\n<p><b>Stefan Lainer:<\/b> Wir haben heute alles auf dem Platz gelassen, aber in einem Topspiel wie heute sind es Kleinigkeiten, die den Unterschied ausmachen. Dass wir hintenraus den Punkt nicht hierlassen \u2013 das darf uns auf gar keinen Fall passieren. Wir hatten zwar unsere M\u00f6glichkeiten, haben viel investiert, am Schluss hat es aber nicht gereicht. Das war heute ein Nackenschlag.\n<\/p>\n<\/div>\n","protected":false},"excerpt":{"rendered":"<p>FC Red Bull Salzburg gegen LASK, 2:3 Spieltag Bundesliga &#8211; 26. Runde Datum 10. April 2026 Anpfiff 19:30 Uhr Aufstellung Tor Alexander Schlager Verteidigung Stefan Lainer &#8211; Anrie Chase &#8211; Jannik Schuster&#8211; Aleksa Terzic Mittelfeld Mads Bidstrup &#8211; Kerim Alajbegovic &#8211; Frans Kr\u00e4tzig Sturm Sota Kitano &#8211; Karim Konate &#8211;Yorbe Vertessen Wechsel Wechsel Maurits Kjaergaard [&hellip;]<\/p>\n","protected":false},"author":1,"featured_media":0,"comment_status":"open","ping_status":"open","sticky":false,"template":"","format":"standard","meta":{"footnotes":""},"categories":[1229],"tags":[],"class_list":["post-1568","post","type-post","status-publish","format-standard","hentry","category-26-runde-saison-2025"],"_links":{"self":[{"href":"https:\/\/wiki.s12.at\/index.php\/wp-json\/wp\/v2\/posts\/1568","targetHints":{"allow":["GET"]}}],"collection":[{"href":"https:\/\/wiki.s12.at\/index.php\/wp-json\/wp\/v2\/posts"}],"about":[{"href":"https:\/\/wiki.s12.at\/index.php\/wp-json\/wp\/v2\/types\/post"}],"author":[{"embeddable":true,"href":"https:\/\/wiki.s12.at\/index.php\/wp-json\/wp\/v2\/users\/1"}],"replies":[{"embeddable":true,"href":"https:\/\/wiki.s12.at\/index.php\/wp-json\/wp\/v2\/comments?post=1568"}],"version-history":[{"count":0,"href":"https:\/\/wiki.s12.at\/index.php\/wp-json\/wp\/v2\/posts\/1568\/revisions"}],"wp:attachment":[{"href":"https:\/\/wiki.s12.at\/index.php\/wp-json\/wp\/v2\/media?parent=1568"}],"wp:term":[{"taxonomy":"category","embeddable":true,"href":"https:\/\/wiki.s12.at\/index.php\/wp-json\/wp\/v2\/categories?post=1568"},{"taxonomy":"post_tag","embeddable":true,"href":"https:\/\/wiki.s12.at\/index.php\/wp-json\/wp\/v2\/tags?post=1568"}],"curies":[{"name":"wp","href":"https:\/\/api.w.org\/{rel}","templated":true}]}}