{"id":1567,"date":"2026-05-06T13:55:31","date_gmt":"2026-05-06T11:55:31","guid":{"rendered":"https:\/\/wiki.s12.at\/index.php\/2026\/05\/06\/26-runde-saison-2024-25-fk-austria-wien-gegen-fc-red-bull-salzburg\/"},"modified":"2026-05-06T13:55:31","modified_gmt":"2026-05-06T11:55:31","slug":"26-runde-saison-2024-25-fk-austria-wien-gegen-fc-red-bull-salzburg","status":"publish","type":"post","link":"https:\/\/wiki.s12.at\/index.php\/2026\/05\/06\/26-runde-saison-2024-25-fk-austria-wien-gegen-fc-red-bull-salzburg\/","title":{"rendered":"25, FK Austria Wien gegen FC Red Bull Salzburg"},"content":{"rendered":"<div class=\"mw-parser-output\">\n<table class=\"toptextcells toccolours\">\n<tbody>\n<tr>\n<th colspan=\"2\" style=\"text-align: center; vertical-align: top; padding: 0.3em 0.8em; font-size: 125%; background-color: lightsteelblue;\">FK Austria Wien  gegen FC Red Bull Salzburg, 1:3\n<\/th>\n<\/tr>\n<tr>\n<th style=\"text-align:left;\"><b>Spieltag<\/b>\n<\/th>\n<th style=\"text-align:left;\">Bundesliga-26.Runde\n<\/th>\n<\/tr>\n<tr>\n<th style=\"text-align:left;\"><b>Datum<\/b>\n<\/th>\n<th style=\"text-align:left;\">20. April 2025\n<\/th>\n<\/tr>\n<tr>\n<th style=\"text-align:left;\"><b>Anpfiff<\/b>\n<\/th>\n<th style=\"text-align:left;\">17 Uhr\n<\/th>\n<\/tr>\n<tr>\n<td colspan=\"2\" style=\"text-align:center;\" bgcolor=\"lightgray\"><b>Aufstellung<\/b>\n<\/td>\n<\/tr>\n<tr>\n<th style=\"text-align:left;\"><b>Tor<\/b>\n<\/th>\n<th><a href=\"\/Alexander_Schlager\" title=\"Alexander Schlager\">Alexander Schlager<\/a>\n<\/th>\n<\/tr>\n<tr>\n<th style=\"text-align:left;\"><b>Verteidigung<\/b>\n<\/th>\n<th><a href=\"\/Leandro_Morgalla\" title=\"Leandro Morgalla\">Leandro Morgalla<\/a> &#8211; <a href=\"\/Joane_Gadou\" title=\"Joane Gadou\">Joane Gadou<\/a>  &#8211;<a href=\"\/Samson_Baidoo\" title=\"Samson Baidoo\">Samson Baidoo<\/a>  &#8211;  <a href=\"\/Aleksa_Terzic\" title=\"Aleksa Terzic\">Aleksa Terzic<\/a>\n<\/th>\n<\/tr>\n<tr>\n<th style=\"text-align:left;\"><b>Mittelfeld<\/b>\n<\/th>\n<th><a href=\"\/Valentin_Sulzbacher\" title=\"Valentin Sulzbacher\">Valentin Sulzbacher<\/a>&#8211; <a href=\"\/Mads_Bidstrup\" title=\"Mads Bidstrup\">Mads Bidstrup<\/a> &#8211;  <a href=\"\/Dorgeles_Nene\" class=\"mw-redirect\" title=\"Dorgeles Nene\">Dorgeles Nene<\/a> &#8211;  <a href=\"\/Moussa_Yeo\" class=\"mw-redirect\" title=\"Moussa Yeo\">Moussa Yeo<\/a>\n<\/th>\n<\/tr>\n<tr>\n<th style=\"text-align:left;\"><b>Sturm<\/b>\n<\/th>\n<th><a href=\"\/Yorbe_Vertessen\" title=\"Yorbe Vertessen\">Yorbe Vertessen<\/a>  &#8211; <a href=\"\/Adam_Daghim\" title=\"Adam Daghim\">Adam Daghim<\/a>\n<\/th>\n<\/tr>\n<tr>\n<td colspan=\"2\" style=\"text-align:center;\" bgcolor=\"lightgray\"><b>Wechsel<\/b>\n<\/td>\n<\/tr>\n<tr>\n<th style=\"text-align:left;\"><b>Wechsel<\/b>\n<\/th>\n<th style=\"text-align:left;\"><a href=\"\/Mamady_Diambou\" title=\"Mamady Diambou\">Mamady Diambou<\/a> f\u00fcr Sulzbacher (65.), <a href=\"\/Petar_Ratkov\" title=\"Petar Ratkov\">Petar Ratkov<\/a> f\u00fcr Vertessen (82.), <a href=\"\/Maximiliano_Caufriez\" title=\"Maximiliano Caufriez\">Maximiliano Caufriez<\/a><br \/> f\u00fcr Yeo (93.),  <a href=\"\/Tim_Trummer\" title=\"Tim Trummer\">Tim Trummer<\/a> f\u00fcr Nene (93.)\n<\/th>\n<\/tr>\n<tr>\n<td colspan=\"2\" style=\"text-align:center;\" bgcolor=\"lightgray\"><b>Statistik<\/b>\n<\/td>\n<\/tr>\n<tr>\n<th style=\"text-align:left;\"><b>Endstand<\/b>\n<\/th>\n<th style=\"text-align:left;\">1:3 (1:2)\n<\/th>\n<\/tr>\n<tr>\n<th style=\"text-align:left;\"><b>Torsch\u00fctzen<\/b>\n<\/th>\n<th style=\"text-align:left;\">Malone (18.); Vertessen (8.), Nene (10., 64. E.)\n<\/th>\n<\/tr>\n<tr>\n<th style=\"text-align:left;\"><b>Gelbe Karten<\/b>\n<\/th>\n<th style=\"text-align:left;\">Ranftl (42.), Handl (42.), Dragovic (69.); Terzic (51.), Vertessen (59.), Schlager (93.)\n<\/th>\n<\/tr>\n<tr>\n<th style=\"text-align:left;\"><b>Rote Karten<\/b>\n<\/th>\n<th style=\"text-align:left;\">\n<\/th>\n<\/tr>\n<tr>\n<th style=\"text-align:left;\"><b>Schiedsrichter<\/b>\n<\/th>\n<th style=\"text-align:left;\">Christian-Petru Ciochirca\n<\/th>\n<\/tr>\n<tr>\n<th style=\"text-align:left;\"><b>Stadion<\/b>\n<\/th>\n<th style=\"text-align:left;\">Generali-Arena, Wien\n<\/th>\n<\/tr>\n<tr>\n<th style=\"text-align:left;\"><b>Zuschauer<\/b>\n<\/th>\n<th style=\"text-align:left;\">13. 245\n<\/th>\n<\/tr>\n<\/tbody>\n<\/table>\n<h2><span class=\"mw-headline\" id=\"Spielbericht\">Spielbericht<\/span><a href=\"\/index.php?title=26.Runde,_Saison_2024\/25,_FK_Austria_Wien_gegen_FC_Red_Bull_Salzburg&amp;action=edit&amp;section=1\" title=\"Abschnitt bearbeiten: Spielbericht\">Bearbeiten<\/a><span class=\"mw-editsection-bracket\">]<\/span><\/span><\/h2>\n<p><a rel=\"nofollow\" class=\"external text\" href=\"https:\/\/www.redbullsalzburg.at\/de\/2024-2025\/spielplan\/bundesliga-runde-26-fk-austria-wien-vs-fc-red-bull-salzburg#spielbericht\">Spielbericht Vereinshomepage<\/a>\n<\/p>\n<h2><span class=\"mw-headline\" id=\"Stimmen_zum_Spiel\">Stimmen zum Spiel<\/span><a href=\"\/index.php?title=26.Runde,_Saison_2024\/25,_FK_Austria_Wien_gegen_FC_Red_Bull_Salzburg&amp;action=edit&amp;section=2\" title=\"Abschnitt bearbeiten: Stimmen zum Spiel\">Bearbeiten<\/a><span class=\"mw-editsection-bracket\">]<\/span><\/span><\/h2>\n<p><b>Thomas Letsch:<\/b>Heute h\u00e4tte es auch 6:4 ausgehen k\u00f6nnen. F\u00fcr einen neutralen Zuschauer war das top, das war Werbung f\u00fcr den Fu\u00dfball. Heute hat viel geklappt, die Austria war \u00fcber Standards aber auch brandgef\u00e4hrlich. Unterm Strich haben wir das Ding verdient gewonnen, wobei beide Mannschaften einen Top-Job gemacht haben. Die Truppe hat Charakter gezeigt, darauf bin ich stolz.\n<\/p>\n<p><b>Alexander Schlager:<\/b> Es spitzt sich zu in der Meistergruppe, das merkt man am Charakter der Spiele. Nach der Niederlage letzte Woche war f\u00fcr uns klar, dass wir heute punkten m\u00fcssen. Dementsprechend sind wir auch gut ins Spiel gestartet. Im Spiel waren viele Szenen dabei, die ein Fu\u00dfballspiel an Emotionen bieten kann. Wir haben heute eine erwachsene Leistung gebracht. Es geht darum, Punkte zu sammeln, deswegen d\u00fcrfen wir uns heute \u00fcber den Sieg zu Recht freuen. Es geht in eine gute Richtung!\n<\/p>\n<\/div>\n","protected":false},"excerpt":{"rendered":"<p>FK Austria Wien gegen FC Red Bull Salzburg, 1:3 Spieltag Bundesliga-26.Runde Datum 20. April 2025 Anpfiff 17 Uhr Aufstellung Tor Alexander Schlager Verteidigung Leandro Morgalla &#8211; Joane Gadou &#8211;Samson Baidoo &#8211; Aleksa Terzic Mittelfeld Valentin Sulzbacher&#8211; Mads Bidstrup &#8211; Dorgeles Nene &#8211; Moussa Yeo Sturm Yorbe Vertessen &#8211; Adam Daghim Wechsel Wechsel Mamady Diambou f\u00fcr [&hellip;]<\/p>\n","protected":false},"author":1,"featured_media":0,"comment_status":"open","ping_status":"open","sticky":false,"template":"","format":"standard","meta":{"footnotes":""},"categories":[1228],"tags":[],"class_list":["post-1567","post","type-post","status-publish","format-standard","hentry","category-26-runde-saison-2024"],"_links":{"self":[{"href":"https:\/\/wiki.s12.at\/index.php\/wp-json\/wp\/v2\/posts\/1567","targetHints":{"allow":["GET"]}}],"collection":[{"href":"https:\/\/wiki.s12.at\/index.php\/wp-json\/wp\/v2\/posts"}],"about":[{"href":"https:\/\/wiki.s12.at\/index.php\/wp-json\/wp\/v2\/types\/post"}],"author":[{"embeddable":true,"href":"https:\/\/wiki.s12.at\/index.php\/wp-json\/wp\/v2\/users\/1"}],"replies":[{"embeddable":true,"href":"https:\/\/wiki.s12.at\/index.php\/wp-json\/wp\/v2\/comments?post=1567"}],"version-history":[{"count":0,"href":"https:\/\/wiki.s12.at\/index.php\/wp-json\/wp\/v2\/posts\/1567\/revisions"}],"wp:attachment":[{"href":"https:\/\/wiki.s12.at\/index.php\/wp-json\/wp\/v2\/media?parent=1567"}],"wp:term":[{"taxonomy":"category","embeddable":true,"href":"https:\/\/wiki.s12.at\/index.php\/wp-json\/wp\/v2\/categories?post=1567"},{"taxonomy":"post_tag","embeddable":true,"href":"https:\/\/wiki.s12.at\/index.php\/wp-json\/wp\/v2\/tags?post=1567"}],"curies":[{"name":"wp","href":"https:\/\/api.w.org\/{rel}","templated":true}]}}