{"id":1562,"date":"2026-05-06T13:55:05","date_gmt":"2026-05-06T11:55:05","guid":{"rendered":"https:\/\/wiki.s12.at\/index.php\/2026\/05\/06\/25-runde-bundesliga-saison-2001-02-gak-austria-salzburg\/"},"modified":"2026-05-06T13:55:05","modified_gmt":"2026-05-06T11:55:05","slug":"25-runde-bundesliga-saison-2001-02-gak-austria-salzburg","status":"publish","type":"post","link":"https:\/\/wiki.s12.at\/index.php\/2026\/05\/06\/25-runde-bundesliga-saison-2001-02-gak-austria-salzburg\/","title":{"rendered":"02, GAK &#8211; Austria Salzburg"},"content":{"rendered":"<div class=\"mw-parser-output\">\n<h3><span class=\"mw-headline\" id=\"Fakten\">Fakten<\/span><a href=\"\/index.php?title=25._Runde:_Bundesliga,_Saison_2001\/02,_GAK_-_Austria_Salzburg&amp;action=edit&amp;section=1\" title=\"Abschnitt bearbeiten: Fakten\">Bearbeiten<\/a><span class=\"mw-editsection-bracket\">]<\/span><\/span><\/h3>\n<p><b>Bundesliga &#8211; 25. Spieltag: 9. M\u00e4rz 2002 2002, 17.15 Uhr<\/b><br \/>\n\n<\/p>\n<table class=\"wikitable\">\n<caption><b> <big> Grazer AK gegen SV Austria Salzburg, 0:0<\/big><\/b><br \/>\n<\/caption>\n<tbody>\n<tr>\n<td>Aufstellung:<\/td>\n<td><a href=\"\/Heinz_Arzberger\" title=\"Heinz Arzberger\">Heinz Arzberger<\/a> <a href=\"\/Christoph_Jank\" title=\"Christoph Jank\">Christoph Jank<\/a> <a href=\"\/Roman_Szewczyk\" title=\"Roman Szewczyk\">Roman Szewczyk<\/a> <a href=\"\/Julio_Suazo\" class=\"mw-redirect\" title=\"Julio Suazo\">Julio Suazo<\/a>  <a href=\"\/Richard_Kitzbichler\" title=\"Richard Kitzbichler\">Richard Kitzbichler<\/a>  <a href=\"\/Thomas_Hickersberger\" title=\"Thomas Hickersberger\">Thomas Hickersberger<\/a> <a href=\"\/Maynor_Suazo\" title=\"Maynor Suazo\">Maynor Suazo<\/a> (46. <a href=\"\/Thomas_Eder\" title=\"Thomas Eder\">Thomas Eder<\/a>) <a href=\"\/Gabor_Bukran\" title=\"Gabor Bukran\">Gabor Bukran<\/a> (75. <a href=\"\/J%C3%BCrgen_Pichorner\" title=\"J\u00fcrgen Pichorner\">J\u00fcrgen Pichorner<\/a>) <a href=\"\/Ewald_Brenner\" title=\"Ewald Brenner\">Ewald Brenner<\/a> (63. <a href=\"\/J%C3%BCrgen_Friedl\" title=\"J\u00fcrgen Friedl\">J\u00fcrgen Friedl<\/a>) <a href=\"\/Heiko_Laessig\" title=\"Heiko Laessig\">Heiko Laessig<\/a> <a href=\"\/Goran_Tomic\" title=\"Goran Tomic\">Goran Tomic<\/a>\n<\/td>\n<\/tr>\n<tr>\n<td>Endstand:<\/td>\n<td>0:0\n<\/td>\n<\/tr>\n<tr>\n<td>Torsch\u00fctzen:<\/td>\n<td>\n<\/td>\n<\/tr>\n<tr>\n<td>Gelbe Karten:<\/td>\n<td>Dmitrovic  (8.), Tutu  (30.), Ramusch (34.); Tomic (33.), M. Suazo (41.), Laessig (67.), Arzberger (85.)\n<\/td>\n<\/tr>\n<tr>\n<td>Gelb-rote Karten:<\/td>\n<td>\n<\/td>\n<\/tr>\n<tr>\n<td>Rote Karten:<\/td>\n<td>\n<\/td>\n<\/tr>\n<tr>\n<td>Schiedsrichter:<\/td>\n<td>Manfred Krassnitzer\n<\/td>\n<\/tr>\n<tr>\n<td>Stadion:<\/td>\n<td>Schwarzenegger-Stadion, Graz\n<\/td>\n<\/tr>\n<tr>\n<td>Zuschauer:<\/td>\n<td>6 843\n<\/td>\n<\/tr>\n<\/tbody>\n<\/table>\n<\/div>\n","protected":false},"excerpt":{"rendered":"<p>FaktenBearbeiten] Bundesliga &#8211; 25. Spieltag: 9. M\u00e4rz 2002 2002, 17.15 Uhr Grazer AK gegen SV Austria Salzburg, 0:0 Aufstellung: Heinz Arzberger Christoph Jank Roman Szewczyk Julio Suazo Richard Kitzbichler Thomas Hickersberger Maynor Suazo (46. Thomas Eder) Gabor Bukran (75. J\u00fcrgen Pichorner) Ewald Brenner (63. J\u00fcrgen Friedl) Heiko Laessig Goran Tomic Endstand: 0:0 Torsch\u00fctzen: Gelbe Karten: [&hellip;]<\/p>\n","protected":false},"author":1,"featured_media":0,"comment_status":"open","ping_status":"open","sticky":false,"template":"","format":"standard","meta":{"footnotes":""},"categories":[1224],"tags":[],"class_list":["post-1562","post","type-post","status-publish","format-standard","hentry","category-25-runde-bundesliga-saison-2001"],"_links":{"self":[{"href":"https:\/\/wiki.s12.at\/index.php\/wp-json\/wp\/v2\/posts\/1562","targetHints":{"allow":["GET"]}}],"collection":[{"href":"https:\/\/wiki.s12.at\/index.php\/wp-json\/wp\/v2\/posts"}],"about":[{"href":"https:\/\/wiki.s12.at\/index.php\/wp-json\/wp\/v2\/types\/post"}],"author":[{"embeddable":true,"href":"https:\/\/wiki.s12.at\/index.php\/wp-json\/wp\/v2\/users\/1"}],"replies":[{"embeddable":true,"href":"https:\/\/wiki.s12.at\/index.php\/wp-json\/wp\/v2\/comments?post=1562"}],"version-history":[{"count":0,"href":"https:\/\/wiki.s12.at\/index.php\/wp-json\/wp\/v2\/posts\/1562\/revisions"}],"wp:attachment":[{"href":"https:\/\/wiki.s12.at\/index.php\/wp-json\/wp\/v2\/media?parent=1562"}],"wp:term":[{"taxonomy":"category","embeddable":true,"href":"https:\/\/wiki.s12.at\/index.php\/wp-json\/wp\/v2\/categories?post=1562"},{"taxonomy":"post_tag","embeddable":true,"href":"https:\/\/wiki.s12.at\/index.php\/wp-json\/wp\/v2\/tags?post=1562"}],"curies":[{"name":"wp","href":"https:\/\/api.w.org\/{rel}","templated":true}]}}