{"id":1548,"date":"2026-05-06T13:53:49","date_gmt":"2026-05-06T11:53:49","guid":{"rendered":"https:\/\/wiki.s12.at\/index.php\/2026\/05\/06\/25-runde-saison-2019-20-fc-liefering-gegen-kapfenberger-sv-1919\/"},"modified":"2026-05-06T13:53:49","modified_gmt":"2026-05-06T11:53:49","slug":"25-runde-saison-2019-20-fc-liefering-gegen-kapfenberger-sv-1919","status":"publish","type":"post","link":"https:\/\/wiki.s12.at\/index.php\/2026\/05\/06\/25-runde-saison-2019-20-fc-liefering-gegen-kapfenberger-sv-1919\/","title":{"rendered":"20, FC Liefering gegen Kapfenberger SV 1919"},"content":{"rendered":"<div class=\"mw-parser-output\">\n<h2><span class=\"mw-headline\" id=\"Fakten\">Fakten<\/span><a href=\"\/index.php?title=25._Runde,_Saison_2019\/20,_FC_Liefering_gegen_Kapfenberger_SV_1919&amp;action=edit&amp;section=1\" title=\"Abschnitt bearbeiten: Fakten\">Bearbeiten<\/a><span class=\"mw-editsection-bracket\">]<\/span><\/span><\/h2>\n<table class=\"toptextcells toccolours\">\n<tbody>\n<tr>\n<th colspan=\"2\" style=\"text-align: center; vertical-align: top; padding: 0.3em 0.8em; font-size: 125%; background-color: lightsteelblue;\">FC Liefering gegen Kapfenberger SV, 3:2\n<\/th>\n<\/tr>\n<tr>\n<th style=\"text-align:left;\"><b>Spieltag<\/b>\n<\/th>\n<th style=\"text-align:left;\">2. Liga-25. Runde\n<\/th>\n<\/tr>\n<tr>\n<th style=\"text-align:left;\"><b>Datum<\/b>\n<\/th>\n<th style=\"text-align:left;\">27. Juni 2020\n<\/th>\n<\/tr>\n<tr>\n<th style=\"text-align:left;\"><b>Anpfiff<\/b>\n<\/th>\n<th style=\"text-align:left;\">15 Uhr\n<\/th>\n<\/tr>\n<tr>\n<td colspan=\"2\" style=\"text-align:center;\" bgcolor=\"lightgray\"><b>Aufstellung<\/b>\n<\/td>\n<\/tr>\n<tr>\n<th style=\"text-align:left;\"><b>Tor<\/b>\n<\/th>\n<th><a href=\"\/Daniel_Antosch\" title=\"Daniel Antosch\">Daniel Antosch<\/a>\n<\/th>\n<\/tr>\n<tr>\n<th style=\"text-align:left;\"><b>Verteidigung<\/b>\n<\/th>\n<th><a href=\"\/Wallison\" title=\"Wallison\">Wallison<\/a> &#8211; <a href=\"\/David_Affengruber\" title=\"David Affengruber\">David Affengruber<\/a> &#8211; <a href=\"\/Bryan_Okoh\" title=\"Bryan Okoh\">Bryan Okoh<\/a> &#8211; <a href=\"\/Jusuf_Gazibegovic\" title=\"Jusuf Gazibegovic\">Jusuf Gazibegovic<\/a>\n<\/th>\n<\/tr>\n<tr>\n<th style=\"text-align:left;\"><b>Mittelfeld<\/b>\n<\/th>\n<th><a href=\"\/Maurits_Kjaergaard\" title=\"Maurits Kjaergaard\">Maurits Kjaergaard<\/a> &#8211; <a href=\"\/index.php?title=Nicola_Stosic&amp;action=edit&amp;redlink=1\" class=\"new\" title=\"Nicola Stosic (Seite nicht vorhanden)\">Nicola Stosic<\/a> &#8211; <a href=\"\/Nicolas_Seiwald\" title=\"Nicolas Seiwald\">Nicolas Seiwald<\/a> &#8211; <a href=\"\/Luka_Sucic\" title=\"Luka Sucic\">Luka Sucic<\/a>\n<\/th>\n<\/tr>\n<tr>\n<th style=\"text-align:left;\"><b>Sturm<\/b>\n<\/th>\n<th><a href=\"\/Junior_Adamu\" class=\"mw-redirect\" title=\"Junior Adamu\">Junior Adamu<\/a> &#8211; <a href=\"\/Csaba_Bukta\" title=\"Csaba Bukta\">Csaba Bukta<\/a>\n<\/th>\n<\/tr>\n<tr>\n<td colspan=\"2\" style=\"text-align:center;\" bgcolor=\"lightgray\"><b>Wechsel<\/b>\n<\/td>\n<\/tr>\n<tr>\n<th style=\"text-align:left;\"><b>Wechsel<\/b>\n<\/th>\n<th style=\"text-align:left;\"><a href=\"\/Alois_Oroz\" title=\"Alois Oroz\">Alois Oroz<\/a> f\u00fcr Okoh (60.), <a href=\"\/Alexander_Prass\" title=\"Alexander Prass\">Alexander Prass<\/a> f\u00fcr Bukta (72.), <a href=\"\/Samuel_Major\" title=\"Samuel Major\">Samuel Major<\/a> f\u00fcr Kjaergaard (80.), <a href=\"\/Luis_Phelipe\" title=\"Luis Phelipe\">Luis Phelipe<\/a> f\u00fcr Sucic (80.)\n<\/th>\n<\/tr>\n<tr>\n<td colspan=\"2\" style=\"text-align:center;\" bgcolor=\"lightgray\"><b>Statistik<\/b>\n<\/td>\n<\/tr>\n<tr>\n<th style=\"text-align:left;\"><b>Endstand<\/b>\n<\/th>\n<th style=\"text-align:left;\">3:2 (2:2)\n<\/th>\n<\/tr>\n<tr>\n<th style=\"text-align:left;\"><b>Torsch\u00fctzen<\/b>\n<\/th>\n<th style=\"text-align:left;\">Sucic (15.) , Kjaergaard (44., 57.); Hernaus (46.), Eloshvili (47.)\n<\/th>\n<\/tr>\n<tr>\n<th style=\"text-align:left;\"><b>Gelbe Karten<\/b>\n<\/th>\n<th style=\"text-align:left;\">Horvat (51.), Hernaus (63.), Macher (81.)\n<\/th>\n<\/tr>\n<tr>\n<th style=\"text-align:left;\"><b>Rote Karten<\/b>\n<\/th>\n<th style=\"text-align:left;\">\n<\/th>\n<\/tr>\n<tr>\n<th style=\"text-align:left;\"><b>Schiedsrichter<\/b>\n<\/th>\n<th style=\"text-align:left;\">Christopher J\u00e4ger\n<\/th>\n<\/tr>\n<tr>\n<th style=\"text-align:left;\"><b>Stadion<\/b>\n<\/th>\n<th style=\"text-align:left;\">Red Bull Arena, Salzburg\n<\/th>\n<\/tr>\n<tr>\n<th style=\"text-align:left;\"><b>Zuschauer<\/b>\n<\/th>\n<th style=\"text-align:left;\">Wegen Corona keine Zuschauer\n<\/th>\n<\/tr>\n<\/tbody>\n<\/table>\n<p>\n<\/p>\n<h2><span class=\"mw-headline\" id=\"Stimmen_zum_Spiel\">Stimmen zum Spiel<\/span><a href=\"\/index.php?title=25._Runde,_Saison_2019\/20,_FC_Liefering_gegen_Kapfenberger_SV_1919&amp;action=edit&amp;section=2\" title=\"Abschnitt bearbeiten: Stimmen zum Spiel\">Bearbeiten<\/a><span class=\"mw-editsection-bracket\">]<\/span><\/span><\/h2>\n<ul>\n<li><b>Bo Svensson:<\/b> Mit der ersten Halbzeit war ich sehr zufrieden, insbesondere mit Ball. Wir h\u00e4tten vielleicht sogar ein drittes Tor machen k\u00f6nnen, ohne dass der Gegner \u00fcberhaupt gef\u00e4hrlich war. Dann kriegen wir aus zwei Situationen zwei Gegentore. Unfassbar unn\u00f6tig, daraus m\u00fcssen wir lernen! Es war klar, dass es nach dem Nackenschlag in der zweiten Halbzeit schwierig werden w\u00fcrde. Wir haben uns vorgenommen, zu gewinnen, das haben wir gemacht, auch wenn nicht immer alles gut aussah.<\/li>\n<\/ul>\n<h2><span class=\"mw-headline\" id=\"Weblinks\">Weblinks<\/span><a href=\"\/index.php?title=25._Runde,_Saison_2019\/20,_FC_Liefering_gegen_Kapfenberger_SV_1919&amp;action=edit&amp;section=3\" title=\"Abschnitt bearbeiten: Weblinks\">Bearbeiten<\/a><span class=\"mw-editsection-bracket\">]<\/span><\/span><\/h2>\n<p><a rel=\"nofollow\" class=\"external text\" href=\"https:\/\/www.fc-liefering.at\/de\/fc-liefering\/news\/saison_2019_20\/heissbluetig-gegen-kaltschnaeuzige-steirer.html\">Spielbericht Vereinshomepage<\/a>\n<\/p>\n<\/div>\n","protected":false},"excerpt":{"rendered":"<p>FaktenBearbeiten] FC Liefering gegen Kapfenberger SV, 3:2 Spieltag 2. Liga-25. Runde Datum 27. Juni 2020 Anpfiff 15 Uhr Aufstellung Tor Daniel Antosch Verteidigung Wallison &#8211; David Affengruber &#8211; Bryan Okoh &#8211; Jusuf Gazibegovic Mittelfeld Maurits Kjaergaard &#8211; Nicola Stosic &#8211; Nicolas Seiwald &#8211; Luka Sucic Sturm Junior Adamu &#8211; Csaba Bukta Wechsel Wechsel Alois Oroz [&hellip;]<\/p>\n","protected":false},"author":1,"featured_media":0,"comment_status":"open","ping_status":"open","sticky":false,"template":"","format":"standard","meta":{"footnotes":""},"categories":[1216],"tags":[],"class_list":["post-1548","post","type-post","status-publish","format-standard","hentry","category-25-runde-saison-2019"],"_links":{"self":[{"href":"https:\/\/wiki.s12.at\/index.php\/wp-json\/wp\/v2\/posts\/1548","targetHints":{"allow":["GET"]}}],"collection":[{"href":"https:\/\/wiki.s12.at\/index.php\/wp-json\/wp\/v2\/posts"}],"about":[{"href":"https:\/\/wiki.s12.at\/index.php\/wp-json\/wp\/v2\/types\/post"}],"author":[{"embeddable":true,"href":"https:\/\/wiki.s12.at\/index.php\/wp-json\/wp\/v2\/users\/1"}],"replies":[{"embeddable":true,"href":"https:\/\/wiki.s12.at\/index.php\/wp-json\/wp\/v2\/comments?post=1548"}],"version-history":[{"count":0,"href":"https:\/\/wiki.s12.at\/index.php\/wp-json\/wp\/v2\/posts\/1548\/revisions"}],"wp:attachment":[{"href":"https:\/\/wiki.s12.at\/index.php\/wp-json\/wp\/v2\/media?parent=1548"}],"wp:term":[{"taxonomy":"category","embeddable":true,"href":"https:\/\/wiki.s12.at\/index.php\/wp-json\/wp\/v2\/categories?post=1548"},{"taxonomy":"post_tag","embeddable":true,"href":"https:\/\/wiki.s12.at\/index.php\/wp-json\/wp\/v2\/tags?post=1548"}],"curies":[{"name":"wp","href":"https:\/\/api.w.org\/{rel}","templated":true}]}}