{"id":1536,"date":"2026-05-06T13:52:47","date_gmt":"2026-05-06T11:52:47","guid":{"rendered":"https:\/\/wiki.s12.at\/index.php\/2026\/05\/06\/25-runde-saison-2012-13-fcw-vs-rbs\/"},"modified":"2026-05-06T13:52:47","modified_gmt":"2026-05-06T11:52:47","slug":"25-runde-saison-2012-13-fcw-vs-rbs","status":"publish","type":"post","link":"https:\/\/wiki.s12.at\/index.php\/2026\/05\/06\/25-runde-saison-2012-13-fcw-vs-rbs\/","title":{"rendered":"13, FCW vs RBS"},"content":{"rendered":"<div class=\"mw-parser-output\">\n<h3><span class=\"mw-headline\" id=\"Fakten\">Fakten<\/span><a href=\"\/index.php?title=25._Runde,_Saison_2012\/13,_FCW_vs_RBS&amp;action=edit&amp;section=1\" title=\"Abschnitt bearbeiten: Fakten\">Bearbeiten<\/a><span class=\"mw-editsection-bracket\">]<\/span><\/span><\/h3>\n<p><b>Bundesliga &#8211; 25. Spieltag: 10. M\u00e4rz 2013, 16 Uhr <\/b><br \/>\n\n<\/p>\n<table class=\"wikitable\">\n<caption><b><big>FC Wacker Innsbruck gegen FC Red Bull Salzburg, 2:3  <\/big><\/b><br \/>\n<\/caption>\n<tbody>\n<tr>\n<td>Aufstellung:<\/td>\n<td><a href=\"\/Alexander_Walke\" title=\"Alexander Walke\">Alexander Walke<\/a>\n<\/td>\n<\/tr>\n<tr>\n<td><\/td>\n<td><a href=\"\/Christian_Schwegler\" title=\"Christian Schwegler\">Christian Schwegler<\/a> <a href=\"\/Isaac_Vorsah\" title=\"Isaac Vorsah\">Isaac Vorsah<\/a> <a href=\"\/Franz_Schiemer\" title=\"Franz Schiemer\">Franz Schiemer<\/a> <a href=\"\/Dusan_Svento\" class=\"mw-redirect\" title=\"Dusan Svento\">Dusan Svento<\/a>\n<\/td>\n<\/tr>\n<tr>\n<td><\/td>\n<td><a href=\"\/Martin_Hinteregger\" title=\"Martin Hinteregger\">Martin Hinteregger<\/a> <a href=\"\/Georg_Teigl\" title=\"Georg Teigl\">Georg Teigl<\/a> <a href=\"\/Valon_Berisha\" title=\"Valon Berisha\">Valon Berisha<\/a> <a href=\"\/Kevin_Kampl\" title=\"Kevin Kampl\">Kevin Kampl<\/a> <a href=\"\/Sadio_Man%C3%A9\" title=\"Sadio Man\u00e9\">Sadio Man\u00e9<\/a>\n<\/td>\n<\/tr>\n<tr>\n<td><\/td>\n<td><a href=\"\/Jonathan_Soriano\" class=\"mw-redirect\" title=\"Jonathan Soriano\">Jonathan Soriano<\/a>\n<\/td>\n<\/tr>\n<tr>\n<td>Wechsel:<\/td>\n<td><a href=\"\/Alan\" title=\"Alan\">Alan<\/a> f\u00fcr Berisha (59.) <a href=\"\/Rodnei\" title=\"Rodnei\">Rodnei<\/a> f\u00fcr Hinteregger (79.) <a href=\"\/Havard_Nielsen\" title=\"Havard Nielsen\">Havard Nielsen<\/a> f\u00fcr Teigl (83.)\n<\/td>\n<\/tr>\n<tr>\n<td>Endstand:<\/td>\n<td>2:3 (2:0)\n<\/td>\n<\/tr>\n<tr>\n<td>Torsch\u00fctzen:<\/td>\n<td>Wallner (3.), Sch\u00fctz (40.); Teigl (66.) Soriano (74., E.), Man\u00e9 (95.)\n<\/td>\n<\/tr>\n<tr>\n<td>Gelbe Karten:<\/td>\n<td>Wallner (66.), Siller (71.); Schiemer (15.), Vorsah  (27.), Hinteregger (76.)\n<\/td>\n<\/tr>\n<tr>\n<td>Gelb-rote Karten:<\/td>\n<td>\n<\/td>\n<\/tr>\n<tr>\n<td>Rote Karten:<\/td>\n<td>\n<\/td>\n<\/tr>\n<tr>\n<td>Schiedsrichter:<\/td>\n<td>Dominik Ouschan\n<\/td>\n<\/tr>\n<tr>\n<td>Stadion:<\/td>\n<td>Tivoli, Innsbruck\n<\/td>\n<\/tr>\n<tr>\n<td>Zuschauer:<\/td>\n<td>5 200\n<\/td>\n<\/tr>\n<\/tbody>\n<\/table>\n<h2><span class=\"mw-headline\" id=\"Stimmen_zum_Spiel\">Stimmen zum Spiel<\/span><a href=\"\/index.php?title=25._Runde,_Saison_2012\/13,_FCW_vs_RBS&amp;action=edit&amp;section=2\" title=\"Abschnitt bearbeiten: Stimmen zum Spiel\">Bearbeiten<\/a><span class=\"mw-editsection-bracket\">]<\/span><\/span><\/h2>\n<ul>\n<li><b>Roger Schmidt:<\/b> \u201eDas sind die sch\u00f6nsten Siege so kurz vor Schluss. Wir haben gro\u00dfe Ziele. Deshalb war es f\u00fcr uns heute wichtig voll zu punkten, um den R\u00fcckstand auf die Austria zu verkleinern. Der Zwei-Tore-R\u00fcckstand zur Pause war aber schon eine gro\u00dfe Herausforderung. Doch die Mannschaft hat eine tolle Reaktion gezeigt, mit Willen und Entschlossenheit den Sieg erzwungen.\u201c<\/li>\n<li><b>Georg Teigl:<\/b> &#8222;Wir haben gezeigt, dass wir eine Mannschaft sind. Es taugt uns sehr, die Kritiker entt\u00e4uschen zu m\u00fcssen. Es war ein Arbeitssieg, weil wir in H\u00e4lfte eins f\u00fcr jeden Fehler bestraft wurden. Wir haben noch nicht das heraus, was wir im Spiel eigentlich zeigen wollen.&#8220;<\/li>\n<li><b>90minuten.at:<\/b>Mane erzielt in der 95. Minute das 3:2 f\u00fcr den FC Red Bull Salzburg, der das Spiel in der 2. H\u00e4lfte voll und ganz dominiert und kontrolliert hat.<\/li>\n<\/ul>\n<h2><span class=\"mw-headline\" id=\"Weblinks\">Weblinks<\/span><a href=\"\/index.php?title=25._Runde,_Saison_2012\/13,_FCW_vs_RBS&amp;action=edit&amp;section=3\" title=\"Abschnitt bearbeiten: Weblinks\">Bearbeiten<\/a><span class=\"mw-editsection-bracket\">]<\/span><\/span><\/h2>\n<ul>\n<li><a rel=\"nofollow\" class=\"external text\" href=\"http:\/\/redbulls.com\/soccer\/salzburg\/de\/red-bull-salzburg-news-detail_8909.html\">Spielbericht auf der Vereinshomepage<\/a><\/li>\n<li><a rel=\"nofollow\" class=\"external text\" href=\"http:\/\/www.salzburg12.at\/2013\/03\/last-minute-sieg-in-innsbruck\/\">Spielbericht auf salzburg12.at<\/a><\/li>\n<li><a rel=\"nofollow\" class=\"external text\" href=\"http:\/\/www.redbullsfan.tv\/spiele\/bundesliga\/wacker-innsbruck-vs-red-bull-salzburg\/page\/view=1428\">Video auf redbullsfan.tv<\/a><\/li>\n<\/ul>\n<\/div>\n","protected":false},"excerpt":{"rendered":"<p>FaktenBearbeiten] Bundesliga &#8211; 25. Spieltag: 10. M\u00e4rz 2013, 16 Uhr FC Wacker Innsbruck gegen FC Red Bull Salzburg, 2:3 Aufstellung: Alexander Walke Christian Schwegler Isaac Vorsah Franz Schiemer Dusan Svento Martin Hinteregger Georg Teigl Valon Berisha Kevin Kampl Sadio Man\u00e9 Jonathan Soriano Wechsel: Alan f\u00fcr Berisha (59.) Rodnei f\u00fcr Hinteregger (79.) Havard Nielsen f\u00fcr Teigl [&hellip;]<\/p>\n","protected":false},"author":1,"featured_media":0,"comment_status":"open","ping_status":"open","sticky":false,"template":"","format":"standard","meta":{"footnotes":""},"categories":[1209],"tags":[],"class_list":["post-1536","post","type-post","status-publish","format-standard","hentry","category-25-runde-saison-2012"],"_links":{"self":[{"href":"https:\/\/wiki.s12.at\/index.php\/wp-json\/wp\/v2\/posts\/1536","targetHints":{"allow":["GET"]}}],"collection":[{"href":"https:\/\/wiki.s12.at\/index.php\/wp-json\/wp\/v2\/posts"}],"about":[{"href":"https:\/\/wiki.s12.at\/index.php\/wp-json\/wp\/v2\/types\/post"}],"author":[{"embeddable":true,"href":"https:\/\/wiki.s12.at\/index.php\/wp-json\/wp\/v2\/users\/1"}],"replies":[{"embeddable":true,"href":"https:\/\/wiki.s12.at\/index.php\/wp-json\/wp\/v2\/comments?post=1536"}],"version-history":[{"count":0,"href":"https:\/\/wiki.s12.at\/index.php\/wp-json\/wp\/v2\/posts\/1536\/revisions"}],"wp:attachment":[{"href":"https:\/\/wiki.s12.at\/index.php\/wp-json\/wp\/v2\/media?parent=1536"}],"wp:term":[{"taxonomy":"category","embeddable":true,"href":"https:\/\/wiki.s12.at\/index.php\/wp-json\/wp\/v2\/categories?post=1536"},{"taxonomy":"post_tag","embeddable":true,"href":"https:\/\/wiki.s12.at\/index.php\/wp-json\/wp\/v2\/tags?post=1536"}],"curies":[{"name":"wp","href":"https:\/\/api.w.org\/{rel}","templated":true}]}}