{"id":1534,"date":"2026-05-06T13:52:39","date_gmt":"2026-05-06T11:52:39","guid":{"rendered":"https:\/\/wiki.s12.at\/index.php\/2026\/05\/06\/25-runde-saison-2010-11-svr-vs-rbs\/"},"modified":"2026-05-06T13:52:39","modified_gmt":"2026-05-06T11:52:39","slug":"25-runde-saison-2010-11-svr-vs-rbs","status":"publish","type":"post","link":"https:\/\/wiki.s12.at\/index.php\/2026\/05\/06\/25-runde-saison-2010-11-svr-vs-rbs\/","title":{"rendered":"11, SVR vs RBS"},"content":{"rendered":"<div class=\"mw-parser-output\">\n<h3><span class=\"mw-headline\" id=\"Fakten\">Fakten<\/span><a href=\"\/index.php?title=25._Runde,_Saison_2010\/11,_SVR_vs_RBS&amp;action=edit&amp;section=1\" title=\"Abschnitt bearbeiten: Fakten\">Bearbeiten<\/a><span class=\"mw-editsection-bracket\">]<\/span><\/span><\/h3>\n<p><b>Bundesliga &#8211; 25. Spieltag: 12.03.2011<\/b><br \/>\n\n<\/p>\n<table class=\"wikitable\">\n<caption><b><big>SV Ried gegen FC Red Bull Salzburg, 2:2<\/big><\/b><br \/>\n<\/caption>\n<tbody>\n<tr>\n<td>Aufstellung:<\/td>\n<td><a href=\"\/Eddie_Gustafsson\" title=\"Eddie Gustafsson\">Eddie Gustafsson<\/a>\n<\/td>\n<\/tr>\n<tr>\n<td><\/td>\n<td><a href=\"\/Martin_Hinteregger\" title=\"Martin Hinteregger\">Martin Hinteregger<\/a>, <a href=\"\/Ibrahim_Sekagya\" title=\"Ibrahim Sekagya\">Ibrahim Sekagya<\/a>, <a href=\"\/Rabiu_Afolabi\" title=\"Rabiu Afolabi\">Rabiu Afolabi<\/a>, <a href=\"\/Dusan_Svento\" class=\"mw-redirect\" title=\"Dusan Svento\">Dusan Svento<\/a>\n<\/td>\n<\/tr>\n<tr>\n<td><\/td>\n<td><a href=\"\/Franz_Schiemer\" title=\"Franz Schiemer\">Franz Schiemer<\/a>, <a href=\"\/Christoph_Leitgeb\" title=\"Christoph Leitgeb\">Christoph Leitgeb<\/a>, <a href=\"\/Simon_Cziommer\" title=\"Simon Cziommer\">Simon Cziommer<\/a>, <a href=\"\/Alan\" title=\"Alan\">Alan<\/a>, <a href=\"\/Gonzalo_Zarate\" title=\"Gonzalo Zarate\">Gonzalo Zarate<\/a>\n<\/td>\n<\/tr>\n<tr>\n<td><\/td>\n<td><a href=\"\/Roman_Wallner\" title=\"Roman Wallner\">Roman Wallner<\/a>\n<\/td>\n<\/tr>\n<tr>\n<td>Wechsel:<\/td>\n<td><a href=\"\/Jakob_Jantscher\" title=\"Jakob Jantscher\">Jakob Jantscher<\/a> f\u00fcr Afolabi (42.), <a href=\"\/Joaquin_Boghossian\" title=\"Joaquin Boghossian\">Joaquin Boghossian<\/a> f\u00fcr Alan (56.), <a href=\"\/Stefan_Hierl%C3%A4nder\" title=\"Stefan Hierl\u00e4nder\">Stefan Hierl\u00e4nder<\/a> f\u00fcr Zarate (66.)\n<\/td>\n<\/tr>\n<tr>\n<td>Endstand:<\/td>\n<td>2:2 (2:0)\n<\/td>\n<\/tr>\n<tr>\n<td>Torsch\u00fctzen:<\/td>\n<td>Oliver Glasner (3.), Markus Hammerer (17.), Simon Cziommer (67.), Roman Wallner (69. E.)\n<\/td>\n<\/tr>\n<tr>\n<td>Gelbe Karten:<\/td>\n<td>Jantscher (61.), Boghossian (90.); Schrammel (52.), Mader (90.), Hammerer (68.)\n<\/td>\n<\/tr>\n<tr>\n<td>Gelb-rote Karten:<\/td>\n<td>\n<\/td>\n<\/tr>\n<tr>\n<td>Rote Karten:<\/td>\n<td>\n<\/td>\n<\/tr>\n<tr>\n<td>Schiedsrichter:<\/td>\n<td>Gerhard Grobelnik\n<\/td>\n<\/tr>\n<tr>\n<td>Stadion:<\/td>\n<td>Keine Sorgen Arena, Ried\n<\/td>\n<\/tr>\n<tr>\n<td>Zuschauer:<\/td>\n<td>7 200\n<\/td>\n<\/tr>\n<\/tbody>\n<\/table>\n<h2><span class=\"mw-headline\" id=\"Bilder\">Bilder<\/span><a href=\"\/index.php?title=25._Runde,_Saison_2010\/11,_SVR_vs_RBS&amp;action=edit&amp;section=2\" title=\"Abschnitt bearbeiten: Bilder\">Bearbeiten<\/a><span class=\"mw-editsection-bracket\">]<\/span><\/span><\/h2>\n<ul class=\"gallery mw-gallery-traditional\">\n<li class=\"gallerybox\" style=\"width: 155px\">\n<div style=\"width: 155px\">\n<div class=\"thumb\" style=\"width: 150px;\">\n<div style=\"margin:35px auto;\"><a href=\"\/Datei:Supporters_Red_Bull_Salzburg54.JPG\" class=\"image\"><img alt=\"Supporters Red Bull Salzburg54.JPG\" src=\"\/images\/thumb\/6\/67\/Supporters_Red_Bull_Salzburg54.JPG\/120px-Supporters_Red_Bull_Salzburg54.JPG%3Futm_source%3Dcommons.wikimedia.org%26utm_campaign%3Dimageinfo%26utm_content%3Dthumbnail\" decoding=\"async\" width=\"120\" height=\"80\" srcset=\"\/images\/thumb\/6\/67\/Supporters_Red_Bull_Salzburg54.JPG\/250px-Supporters_Red_Bull_Salzburg54.JPG%3Futm_source%3Dcommons.wikimedia.org%26utm_campaign%3Dimageinfo%26utm_content%3Dthumbnail 1.5x\" \/><\/a><\/div>\n<\/div>\n<div class=\"gallerytext\">\n\t\t\t<\/div>\n<\/p><\/div>\n<\/li>\n<li class=\"gallerybox\" style=\"width: 155px\">\n<div style=\"width: 155px\">\n<div class=\"thumb\" style=\"width: 150px;\">\n<div style=\"margin:45.5px auto;\"><a href=\"\/Datei:Ried_Salzburg39.JPG\" class=\"image\"><img alt=\"Ried Salzburg39.JPG\" src=\"\/images\/thumb\/5\/5d\/Ried_Salzburg39.JPG\/120px-Ried_Salzburg39.JPG%3Futm_source%3Dcommons.wikimedia.org%26utm_campaign%3Dimageinfo%26utm_content%3Dthumbnail\" decoding=\"async\" width=\"120\" height=\"59\" srcset=\"\/images\/thumb\/5\/5d\/Ried_Salzburg39.JPG\/250px-Ried_Salzburg39.JPG%3Futm_source%3Dcommons.wikimedia.org%26utm_campaign%3Dimageinfo%26utm_content%3Dthumbnail 1.5x\" \/><\/a><\/div>\n<\/div>\n<div class=\"gallerytext\">\n\t\t\t<\/div>\n<\/p><\/div>\n<\/li>\n<li class=\"gallerybox\" style=\"width: 155px\">\n<div style=\"width: 155px\">\n<div class=\"thumb\" style=\"width: 150px;\">\n<div style=\"margin:35px auto;\"><a href=\"\/Datei:Ried_gegen_Salzburg22.JPG\" class=\"image\"><img alt=\"Ried gegen Salzburg22.JPG\" src=\"\/images\/thumb\/3\/31\/Ried_gegen_Salzburg22.JPG\/120px-Ried_gegen_Salzburg22.JPG%3Futm_source%3Dcommons.wikimedia.org%26utm_campaign%3Dimageinfo%26utm_content%3Dthumbnail\" decoding=\"async\" width=\"120\" height=\"80\" srcset=\"\/images\/thumb\/3\/31\/Ried_gegen_Salzburg22.JPG\/250px-Ried_gegen_Salzburg22.JPG%3Futm_source%3Dcommons.wikimedia.org%26utm_campaign%3Dimageinfo%26utm_content%3Dthumbnail 1.5x\" \/><\/a><\/div>\n<\/div>\n<div class=\"gallerytext\">\n\t\t\t<\/div>\n<\/p><\/div>\n<\/li>\n<li class=\"gallerybox\" style=\"width: 155px\">\n<div style=\"width: 155px\">\n<div class=\"thumb\" style=\"width: 150px;\">\n<div style=\"margin:38.5px auto;\"><a href=\"\/Datei:Ried_gegen_Salzburg17.JPG\" class=\"image\"><img loading=\"lazy\" alt=\"Ried gegen Salzburg17.JPG\" src=\"\/images\/thumb\/2\/24\/Ried_gegen_Salzburg17.JPG\/120px-Ried_gegen_Salzburg17.JPG%3Futm_source%3Dcommons.wikimedia.org%26utm_campaign%3Dimageinfo%26utm_content%3Dthumbnail\" decoding=\"async\" width=\"120\" height=\"73\" srcset=\"\/images\/thumb\/2\/24\/Ried_gegen_Salzburg17.JPG\/250px-Ried_gegen_Salzburg17.JPG%3Futm_source%3Dcommons.wikimedia.org%26utm_campaign%3Dimageinfo%26utm_content%3Dthumbnail 1.5x\" \/><\/a><\/div>\n<\/div>\n<div class=\"gallerytext\">\n\t\t\t<\/div>\n<\/p><\/div>\n<\/li>\n<li class=\"gallerybox\" style=\"width: 155px\">\n<div style=\"width: 155px\">\n<div class=\"thumb\" style=\"width: 150px;\">\n<div style=\"margin:23.5px auto;\"><a href=\"\/Datei:Roman_Wallner_Elfmeter4.JPG\" class=\"image\"><img loading=\"lazy\" alt=\"Roman Wallner Elfmeter4.JPG\" src=\"\/images\/thumb\/7\/7d\/Roman_Wallner_Elfmeter4.JPG\/120px-Roman_Wallner_Elfmeter4.JPG%3Futm_source%3Dcommons.wikimedia.org%26utm_campaign%3Dimageinfo%26utm_content%3Dthumbnail\" decoding=\"async\" width=\"120\" height=\"103\" srcset=\"\/images\/thumb\/7\/7d\/Roman_Wallner_Elfmeter4.JPG\/250px-Roman_Wallner_Elfmeter4.JPG%3Futm_source%3Dcommons.wikimedia.org%26utm_campaign%3Dimageinfo%26utm_content%3Dthumbnail 1.5x\" \/><\/a><\/div>\n<\/div>\n<div class=\"gallerytext\">\n\t\t\t<\/div>\n<\/p><\/div>\n<\/li>\n<li class=\"gallerybox\" style=\"width: 155px\">\n<div style=\"width: 155px\">\n<div class=\"thumb\" style=\"width: 150px;\">\n<div style=\"margin:15px auto;\"><a href=\"\/Datei:Roman_Wallner28.JPG\" class=\"image\"><img loading=\"lazy\" alt=\"Roman Wallner28.JPG\" src=\"\/images\/thumb\/b\/ba\/Roman_Wallner28.JPG\/120px-Roman_Wallner28.JPG%3Futm_source%3Dcommons.wikimedia.org%26utm_campaign%3Dimageinfo%26utm_content%3Dthumbnail\" decoding=\"async\" width=\"74\" height=\"120\" srcset=\"\/images\/thumb\/b\/ba\/Roman_Wallner28.JPG\/250px-Roman_Wallner28.JPG%3Futm_source%3Dcommons.wikimedia.org%26utm_campaign%3Dimageinfo%26utm_content%3Dthumbnail 2x\" \/><\/a><\/div>\n<\/div>\n<div class=\"gallerytext\">\n\t\t\t<\/div>\n<\/p><\/div>\n<\/li>\n<\/ul>\n<\/div>\n","protected":false},"excerpt":{"rendered":"<p>FaktenBearbeiten] Bundesliga &#8211; 25. Spieltag: 12.03.2011 SV Ried gegen FC Red Bull Salzburg, 2:2 Aufstellung: Eddie Gustafsson Martin Hinteregger, Ibrahim Sekagya, Rabiu Afolabi, Dusan Svento Franz Schiemer, Christoph Leitgeb, Simon Cziommer, Alan, Gonzalo Zarate Roman Wallner Wechsel: Jakob Jantscher f\u00fcr Afolabi (42.), Joaquin Boghossian f\u00fcr Alan (56.), Stefan Hierl\u00e4nder f\u00fcr Zarate (66.) Endstand: 2:2 (2:0) [&hellip;]<\/p>\n","protected":false},"author":1,"featured_media":0,"comment_status":"open","ping_status":"open","sticky":false,"template":"","format":"standard","meta":{"footnotes":""},"categories":[1207],"tags":[],"class_list":["post-1534","post","type-post","status-publish","format-standard","hentry","category-25-runde-saison-2010"],"_links":{"self":[{"href":"https:\/\/wiki.s12.at\/index.php\/wp-json\/wp\/v2\/posts\/1534","targetHints":{"allow":["GET"]}}],"collection":[{"href":"https:\/\/wiki.s12.at\/index.php\/wp-json\/wp\/v2\/posts"}],"about":[{"href":"https:\/\/wiki.s12.at\/index.php\/wp-json\/wp\/v2\/types\/post"}],"author":[{"embeddable":true,"href":"https:\/\/wiki.s12.at\/index.php\/wp-json\/wp\/v2\/users\/1"}],"replies":[{"embeddable":true,"href":"https:\/\/wiki.s12.at\/index.php\/wp-json\/wp\/v2\/comments?post=1534"}],"version-history":[{"count":0,"href":"https:\/\/wiki.s12.at\/index.php\/wp-json\/wp\/v2\/posts\/1534\/revisions"}],"wp:attachment":[{"href":"https:\/\/wiki.s12.at\/index.php\/wp-json\/wp\/v2\/media?parent=1534"}],"wp:term":[{"taxonomy":"category","embeddable":true,"href":"https:\/\/wiki.s12.at\/index.php\/wp-json\/wp\/v2\/categories?post=1534"},{"taxonomy":"post_tag","embeddable":true,"href":"https:\/\/wiki.s12.at\/index.php\/wp-json\/wp\/v2\/tags?post=1534"}],"curies":[{"name":"wp","href":"https:\/\/api.w.org\/{rel}","templated":true}]}}