{"id":1532,"date":"2026-05-06T13:51:10","date_gmt":"2026-05-06T11:51:10","guid":{"rendered":"https:\/\/wiki.s12.at\/index.php\/2026\/05\/06\/25-runde-saison-2006-07-rbs-vs-fcw\/"},"modified":"2026-05-06T13:51:10","modified_gmt":"2026-05-06T11:51:10","slug":"25-runde-saison-2006-07-rbs-vs-fcw","status":"publish","type":"post","link":"https:\/\/wiki.s12.at\/index.php\/2026\/05\/06\/25-runde-saison-2006-07-rbs-vs-fcw\/","title":{"rendered":"07, RBS vs FCW"},"content":{"rendered":"<div class=\"mw-parser-output\">\n<h3><span class=\"mw-headline\" id=\"Fakten\">Fakten<\/span><a href=\"\/index.php?title=25._Runde,_Saison_2006\/07,_RBS_vs_FCW&amp;action=edit&amp;section=1\" title=\"Abschnitt bearbeiten: Fakten\">Bearbeiten<\/a><span class=\"mw-editsection-bracket\">]<\/span><\/span><\/h3>\n<p><b>Bundesliga &#8211; 25. Spieltag: 17. M\u00e4rz 2007, 18.30 Uhr<\/b><br \/>\n\n<\/p>\n<table class=\"wikitable\">\n<caption><big> FC Red Bull Salzburg gegen FC Wacker Innsbruck, 3:0<\/big><br \/>\n<\/caption>\n<tbody>\n<tr>\n<td>Aufstellung:<\/td>\n<td><a href=\"\/Timo_Ochs\" title=\"Timo Ochs\">Timo Ochs<\/a>, <a href=\"\/Alex\" class=\"mw-redirect\" title=\"Alex\">Alex<\/a>, <a href=\"\/Jorge_Vargas\" title=\"Jorge Vargas\">Jorge Vargas<\/a>, <a href=\"\/Markus_Steinh%C3%B6fer\" title=\"Markus Steinh\u00f6fer\">Markus Steinh\u00f6fer<\/a>, <a href=\"\/Remo_Meyer\" class=\"mw-redirect\" title=\"Remo Meyer\">Remo Meyer<\/a>, <a href=\"\/Johan_Vonlanthen\" title=\"Johan Vonlanthen\">Johan Vonlanthen<\/a> <a href=\"\/Karel_Pitak\" class=\"mw-redirect\" title=\"Karel Pitak\">Karel Pitak<\/a>, <a href=\"\/Niko_Kovac\" class=\"mw-redirect\" title=\"Niko Kovac\">Niko Kovac<\/a>, <a href=\"\/Patrik_Je%C5%BEek\" title=\"Patrik Je\u017eek\">Patrik Je\u017eek<\/a>, <a href=\"\/Rene_Aufhauser\" class=\"mw-redirect\" title=\"Rene Aufhauser\">Rene Aufhauser<\/a>, <a href=\"\/Alexander_Zickler\" title=\"Alexander Zickler\">Alexander Zickler<\/a>\n<\/td>\n<\/tr>\n<tr>\n<td>Wechsel:<\/td>\n<td><a href=\"\/Marc_Janko\" title=\"Marc Janko\">Marc Janko<\/a> f\u00fcr Lokvenc (58.), <a href=\"\/Johan_Vonlanthen\" title=\"Johan Vonlanthen\">Johan Vonlanthen<\/a> f\u00fcr Jezek (78.), <a href=\"\/Remo_Meyer\" class=\"mw-redirect\" title=\"Remo Meyer\">Remo Meyer<\/a> f\u00fcr Janocko (83.)\n<\/td>\n<\/tr>\n<tr>\n<td>Endstand:<\/td>\n<td>3:0 (2:0)\n<\/td>\n<\/tr>\n<tr>\n<td>Torsch\u00fctzen:<\/td>\n<td>Pitak (4.), Zickler (35., 72.)\n<\/td>\n<\/tr>\n<tr>\n<td>Gelbe Karten:<\/td>\n<td>Meyer 874.); Mader (32.), Aganun (62.)\n<\/td>\n<\/tr>\n<tr>\n<td>Gelb-rote Karten:<\/td>\n<td>\n<\/td>\n<\/tr>\n<tr>\n<td>Rote Karten:<\/td>\n<td>\n<\/td>\n<\/tr>\n<tr>\n<td>Schiedsrichter:<\/td>\n<td>Fritz Stuchlik\n<\/td>\n<\/tr>\n<tr>\n<td>Stadion:<\/td>\n<td>Red Bull Arena, Salzburg\n<\/td>\n<\/tr>\n<tr>\n<td>Zuschauer:<\/td>\n<td>16 859\n<\/td>\n<\/tr>\n<\/tbody>\n<\/table>\n<\/div>\n","protected":false},"excerpt":{"rendered":"<p>FaktenBearbeiten] Bundesliga &#8211; 25. Spieltag: 17. M\u00e4rz 2007, 18.30 Uhr FC Red Bull Salzburg gegen FC Wacker Innsbruck, 3:0 Aufstellung: Timo Ochs, Alex, Jorge Vargas, Markus Steinh\u00f6fer, Remo Meyer, Johan Vonlanthen Karel Pitak, Niko Kovac, Patrik Je\u017eek, Rene Aufhauser, Alexander Zickler Wechsel: Marc Janko f\u00fcr Lokvenc (58.), Johan Vonlanthen f\u00fcr Jezek (78.), Remo Meyer f\u00fcr [&hellip;]<\/p>\n","protected":false},"author":1,"featured_media":0,"comment_status":"open","ping_status":"open","sticky":false,"template":"","format":"standard","meta":{"footnotes":""},"categories":[1205],"tags":[],"class_list":["post-1532","post","type-post","status-publish","format-standard","hentry","category-25-runde-saison-2006"],"_links":{"self":[{"href":"https:\/\/wiki.s12.at\/index.php\/wp-json\/wp\/v2\/posts\/1532","targetHints":{"allow":["GET"]}}],"collection":[{"href":"https:\/\/wiki.s12.at\/index.php\/wp-json\/wp\/v2\/posts"}],"about":[{"href":"https:\/\/wiki.s12.at\/index.php\/wp-json\/wp\/v2\/types\/post"}],"author":[{"embeddable":true,"href":"https:\/\/wiki.s12.at\/index.php\/wp-json\/wp\/v2\/users\/1"}],"replies":[{"embeddable":true,"href":"https:\/\/wiki.s12.at\/index.php\/wp-json\/wp\/v2\/comments?post=1532"}],"version-history":[{"count":0,"href":"https:\/\/wiki.s12.at\/index.php\/wp-json\/wp\/v2\/posts\/1532\/revisions"}],"wp:attachment":[{"href":"https:\/\/wiki.s12.at\/index.php\/wp-json\/wp\/v2\/media?parent=1532"}],"wp:term":[{"taxonomy":"category","embeddable":true,"href":"https:\/\/wiki.s12.at\/index.php\/wp-json\/wp\/v2\/categories?post=1532"},{"taxonomy":"post_tag","embeddable":true,"href":"https:\/\/wiki.s12.at\/index.php\/wp-json\/wp\/v2\/tags?post=1532"}],"curies":[{"name":"wp","href":"https:\/\/api.w.org\/{rel}","templated":true}]}}