{"id":1529,"date":"2026-05-06T13:49:59","date_gmt":"2026-05-06T11:49:59","guid":{"rendered":"https:\/\/wiki.s12.at\/index.php\/2026\/05\/06\/25-runde-saison-1999-00-scr-vs-sva\/"},"modified":"2026-05-06T13:49:59","modified_gmt":"2026-05-06T11:49:59","slug":"25-runde-saison-1999-00-scr-vs-sva","status":"publish","type":"post","link":"https:\/\/wiki.s12.at\/index.php\/2026\/05\/06\/25-runde-saison-1999-00-scr-vs-sva\/","title":{"rendered":"00 SCR vs SVA"},"content":{"rendered":"<div class=\"mw-parser-output\">\n<h3><span class=\"mw-headline\" id=\"Fakten\">Fakten<\/span><a href=\"\/index.php?title=25._Runde,_Saison_1999\/00_SCR_vs_SVA&amp;action=edit&amp;section=1\" title=\"Abschnitt bearbeiten: Fakten\">Bearbeiten<\/a><span class=\"mw-editsection-bracket\">]<\/span><\/span><\/h3>\n<p><b>Bundesliga &#8211; 25. Spieltag: 17. M\u00e4rz 2000, 19.30 Uhr<\/b><br \/>\n\n<\/p>\n<table class=\"wikitable\">\n<caption><b><big>SK Rapid Wien gegen SV Austria Salzburg, 5:0<\/big><\/b><br \/>\n<\/caption>\n<tbody>\n<tr>\n<td>Aufstellung:<\/td>\n<td>\n<p><a href=\"\/Szabolcs_Safar\" class=\"mw-redirect\" title=\"Szabolcs Safar\">Szabolcs Safar<\/a><br \/>\n<a href=\"\/Thomas_Winklhofer\" title=\"Thomas Winklhofer\">Thomas Winklhofer<\/a><br \/>\n<a href=\"\/Christoph_Jank\" title=\"Christoph Jank\">Christoph Jank<\/a><br \/>\n<a href=\"\/Roman_Szewczyk\" title=\"Roman Szewczyk\">Roman Szewczyk<\/a><br \/>\n<a href=\"\/Sladjan_Nikolic\" title=\"Sladjan Nikolic\">Sladjan Nikolic<\/a><br \/>\n<a href=\"\/Anton_Polster\" title=\"Anton Polster\">Anton Polster<\/a><br \/>\n<a href=\"\/Richard_Kitzbichler\" title=\"Richard Kitzbichler\">Richard Kitzbichler<\/a><br \/>\n<a href=\"\/Heiko_Laessig\" title=\"Heiko Laessig\">Heiko Laessig<\/a><br \/>\n<a href=\"\/Mario_Hieblinger\" title=\"Mario Hieblinger\">Mario Hieblinger<\/a><br \/>\n<a href=\"\/Harold_Meyssen\" title=\"Harold Meyssen\">Harold Meyssen<\/a>\n<\/p>\n<\/td>\n<\/tr>\n<tr>\n<td>Wechsel:<\/td>\n<td><a href=\"\/Werner_Promberger\" title=\"Werner Promberger\">Werner Promberger<\/a> f\u00fcr Nikolic (46.), <a href=\"\/Florian_Schwarz\" title=\"Florian Schwarz\">Florian Schwarz<\/a> f\u00fcr Aufhauser (76.)\n<\/td>\n<\/tr>\n<tr>\n<td>Endstand:<\/td>\n<td>5:0 (1:0)\n<\/td>\n<\/tr>\n<tr>\n<td>Torsch\u00fctzen:<\/td>\n<td>Savicevic (7., E.), Lagonikakis (55.), Radovic (81., 88.), Hatz (90.)\n<\/td>\n<\/tr>\n<tr>\n<td>Gelbe Karten:<\/td>\n<td>Laessig (28.), Polster (41.), Promberger (49.), Hieblinger (51.), Kitzbichler (89.); Freund (17.), Majidi (31.), Wimmer (70.)\n<\/td>\n<\/tr>\n<tr>\n<td>Gelb-rote Karten:<\/td>\n<td>\n<\/td>\n<\/tr>\n<tr>\n<td>Rote Karten:<\/td>\n<td>Winklhofer (6.), Meyssen (88.), Schwarz (89.)\n<\/td>\n<\/tr>\n<tr>\n<td>Schiedsrichter:<\/td>\n<td>Konrad Plautz\n<\/td>\n<\/tr>\n<tr>\n<td>Stadion:<\/td>\n<td>Gerhard-Hanappistadion, Wien\n<\/td>\n<\/tr>\n<tr>\n<td>Zuschauer:<\/td>\n<td>9 141\n<\/td>\n<\/tr>\n<\/tbody>\n<\/table>\n<\/div>\n","protected":false},"excerpt":{"rendered":"<p>FaktenBearbeiten] Bundesliga &#8211; 25. Spieltag: 17. M\u00e4rz 2000, 19.30 Uhr SK Rapid Wien gegen SV Austria Salzburg, 5:0 Aufstellung: Szabolcs Safar Thomas Winklhofer Christoph Jank Roman Szewczyk Sladjan Nikolic Anton Polster Richard Kitzbichler Heiko Laessig Mario Hieblinger Harold Meyssen Wechsel: Werner Promberger f\u00fcr Nikolic (46.), Florian Schwarz f\u00fcr Aufhauser (76.) Endstand: 5:0 (1:0) Torsch\u00fctzen: Savicevic [&hellip;]<\/p>\n","protected":false},"author":1,"featured_media":0,"comment_status":"open","ping_status":"open","sticky":false,"template":"","format":"standard","meta":{"footnotes":""},"categories":[1202],"tags":[],"class_list":["post-1529","post","type-post","status-publish","format-standard","hentry","category-25-runde-saison-1999"],"_links":{"self":[{"href":"https:\/\/wiki.s12.at\/index.php\/wp-json\/wp\/v2\/posts\/1529","targetHints":{"allow":["GET"]}}],"collection":[{"href":"https:\/\/wiki.s12.at\/index.php\/wp-json\/wp\/v2\/posts"}],"about":[{"href":"https:\/\/wiki.s12.at\/index.php\/wp-json\/wp\/v2\/types\/post"}],"author":[{"embeddable":true,"href":"https:\/\/wiki.s12.at\/index.php\/wp-json\/wp\/v2\/users\/1"}],"replies":[{"embeddable":true,"href":"https:\/\/wiki.s12.at\/index.php\/wp-json\/wp\/v2\/comments?post=1529"}],"version-history":[{"count":0,"href":"https:\/\/wiki.s12.at\/index.php\/wp-json\/wp\/v2\/posts\/1529\/revisions"}],"wp:attachment":[{"href":"https:\/\/wiki.s12.at\/index.php\/wp-json\/wp\/v2\/media?parent=1529"}],"wp:term":[{"taxonomy":"category","embeddable":true,"href":"https:\/\/wiki.s12.at\/index.php\/wp-json\/wp\/v2\/categories?post=1529"},{"taxonomy":"post_tag","embeddable":true,"href":"https:\/\/wiki.s12.at\/index.php\/wp-json\/wp\/v2\/tags?post=1529"}],"curies":[{"name":"wp","href":"https:\/\/api.w.org\/{rel}","templated":true}]}}