{"id":1510,"date":"2026-05-06T13:49:45","date_gmt":"2026-05-06T11:49:45","guid":{"rendered":"https:\/\/wiki.s12.at\/index.php\/2026\/05\/06\/25-runde-1-division-saison-1991-92-austria-salzburg-rapid-wien\/"},"modified":"2026-05-06T13:49:45","modified_gmt":"2026-05-06T11:49:45","slug":"25-runde-1-division-saison-1991-92-austria-salzburg-rapid-wien","status":"publish","type":"post","link":"https:\/\/wiki.s12.at\/index.php\/2026\/05\/06\/25-runde-1-division-saison-1991-92-austria-salzburg-rapid-wien\/","title":{"rendered":"92, Austria Salzburg &#8211; Rapid Wien"},"content":{"rendered":"<div class=\"mw-parser-output\">\n<h3><span class=\"mw-headline\" id=\"Fakten\">Fakten<\/span><a href=\"\/index.php?title=25._Runde,_1._Division,_Saison_1991\/92,_Austria_Salzburg_-_Rapid_Wien&amp;action=edit&amp;section=1\" title=\"Abschnitt bearbeiten: Fakten\">Bearbeiten<\/a><span class=\"mw-editsection-bracket\">]<\/span><\/span><\/h3>\n<p><b>Bundesliga &#8211; 25. Spieltag: 21. M\u00e4rz 1992, 15.30 Uhr<\/b><br \/>\n\n<\/p>\n<table class=\"wikitable\">\n<caption><big>SV Austria Salzburg gegen SK Rapid Wien, 0:2<\/big><br \/>\n<\/caption>\n<tbody>\n<tr>\n<td>Aufstellung:<\/td>\n<td><a href=\"\/Ernst_M%C3%B6rth\" title=\"Ernst M\u00f6rth\">Ernst M\u00f6rth<\/a> <a href=\"\/J%C3%BCrgen_Gassner\" title=\"J\u00fcrgen Gassner\">J\u00fcrgen Gassner<\/a> <a href=\"\/Kurt_Garger\" title=\"Kurt Garger\">Kurt Garger<\/a> <a href=\"\/Christian_F%C3%BCrstaller\" title=\"Christian F\u00fcrstaller\">Christian F\u00fcrstaller<\/a> <a href=\"\/Ivo_Ergovic\" title=\"Ivo Ergovic\">Ivo Ergovic<\/a> (55. <a href=\"\/Hermann_Stadler\" title=\"Hermann Stadler\">Hermann Stadler<\/a>) <a href=\"\/Leo_Lainer\" class=\"mw-redirect\" title=\"Leo Lainer\">Leo Lainer<\/a> <a href=\"\/Gerald_Willfurth\" title=\"Gerald Willfurth\">Gerald Willfurth<\/a> <a href=\"\/Peter_Hrstic\" title=\"Peter Hrstic\">Peter Hrstic<\/a> (71. <a href=\"\/Andreas_Reisinger\" title=\"Andreas Reisinger\">Andreas Reisinger<\/a>) <a href=\"\/Wolfgang_Feiersinger\" title=\"Wolfgang Feiersinger\">Wolfgang Feiersinger<\/a> <a href=\"\/Nikola_Jurcevic\" class=\"mw-redirect\" title=\"Nikola Jurcevic\">Nikola Jurcevic<\/a> <a href=\"\/Herfried_Sabitzer\" title=\"Herfried Sabitzer\">Herfried Sabitzer<\/a>\n<\/td>\n<\/tr>\n<tr>\n<td>Endstand:<\/td>\n<td>0:2 (0:0)\n<\/td>\n<\/tr>\n<tr>\n<td>Torsch\u00fctzen:<\/td>\n<td>Metlitskiy (66., 83.)\n<\/td>\n<\/tr>\n<tr>\n<td>Gelbe Karten:<\/td>\n<td>Feiersinger (39.), Sabitzer (74.);  Gager (3.), Pecl (18.), Hatz (25.), Fj\u00f8rtoft (52.)\n<\/td>\n<\/tr>\n<tr>\n<td>Gelb-rote Karten:<\/td>\n<td>\n<\/td>\n<\/tr>\n<tr>\n<td>Rote Karten:<\/td>\n<td>\n<\/td>\n<\/tr>\n<tr>\n<td>Schiedsrichter:<\/td>\n<td>Heinz Holzmann\n<\/td>\n<\/tr>\n<tr>\n<td>Stadion:<\/td>\n<td>Stadion Lehen, Salzburg\n<\/td>\n<\/tr>\n<tr>\n<td>Zuschauer:<\/td>\n<td>14 000\n<\/td>\n<\/tr>\n<\/tbody>\n<\/table>\n<\/div>\n","protected":false},"excerpt":{"rendered":"<p>FaktenBearbeiten] Bundesliga &#8211; 25. Spieltag: 21. M\u00e4rz 1992, 15.30 Uhr SV Austria Salzburg gegen SK Rapid Wien, 0:2 Aufstellung: Ernst M\u00f6rth J\u00fcrgen Gassner Kurt Garger Christian F\u00fcrstaller Ivo Ergovic (55. Hermann Stadler) Leo Lainer Gerald Willfurth Peter Hrstic (71. Andreas Reisinger) Wolfgang Feiersinger Nikola Jurcevic Herfried Sabitzer Endstand: 0:2 (0:0) Torsch\u00fctzen: Metlitskiy (66., 83.) Gelbe [&hellip;]<\/p>\n","protected":false},"author":1,"featured_media":0,"comment_status":"open","ping_status":"open","sticky":false,"template":"","format":"standard","meta":{"footnotes":""},"categories":[1185],"tags":[],"class_list":["post-1510","post","type-post","status-publish","format-standard","hentry","category-25-runde-1-division-saison-1991"],"_links":{"self":[{"href":"https:\/\/wiki.s12.at\/index.php\/wp-json\/wp\/v2\/posts\/1510","targetHints":{"allow":["GET"]}}],"collection":[{"href":"https:\/\/wiki.s12.at\/index.php\/wp-json\/wp\/v2\/posts"}],"about":[{"href":"https:\/\/wiki.s12.at\/index.php\/wp-json\/wp\/v2\/types\/post"}],"author":[{"embeddable":true,"href":"https:\/\/wiki.s12.at\/index.php\/wp-json\/wp\/v2\/users\/1"}],"replies":[{"embeddable":true,"href":"https:\/\/wiki.s12.at\/index.php\/wp-json\/wp\/v2\/comments?post=1510"}],"version-history":[{"count":0,"href":"https:\/\/wiki.s12.at\/index.php\/wp-json\/wp\/v2\/posts\/1510\/revisions"}],"wp:attachment":[{"href":"https:\/\/wiki.s12.at\/index.php\/wp-json\/wp\/v2\/media?parent=1510"}],"wp:term":[{"taxonomy":"category","embeddable":true,"href":"https:\/\/wiki.s12.at\/index.php\/wp-json\/wp\/v2\/categories?post=1510"},{"taxonomy":"post_tag","embeddable":true,"href":"https:\/\/wiki.s12.at\/index.php\/wp-json\/wp\/v2\/tags?post=1510"}],"curies":[{"name":"wp","href":"https:\/\/api.w.org\/{rel}","templated":true}]}}