{"id":1499,"date":"2026-05-06T13:49:39","date_gmt":"2026-05-06T11:49:39","guid":{"rendered":"https:\/\/wiki.s12.at\/index.php\/2026\/05\/06\/25-runde-staatsliga-a-saison-1962-63-wacker-wien-austria-salzburg\/"},"modified":"2026-05-06T13:49:39","modified_gmt":"2026-05-06T11:49:39","slug":"25-runde-staatsliga-a-saison-1962-63-wacker-wien-austria-salzburg","status":"publish","type":"post","link":"https:\/\/wiki.s12.at\/index.php\/2026\/05\/06\/25-runde-staatsliga-a-saison-1962-63-wacker-wien-austria-salzburg\/","title":{"rendered":"63, Wacker Wien &#8211; Austria Salzburg"},"content":{"rendered":"<div class=\"mw-parser-output\">\n<h3><span class=\"mw-headline\" id=\"Fakten\">Fakten<\/span><a href=\"\/index.php?title=25.Runde,_Staatsliga_A,_Saison_1962\/63,_Wacker_Wien_-_Austria_Salzburg&amp;action=edit&amp;section=1\" title=\"Abschnitt bearbeiten: Fakten\">Bearbeiten<\/a><span class=\"mw-editsection-bracket\">]<\/span><\/span><\/h3>\n<p><b>Staatsliga A- 25. Spieltag: 13. Juni 1963, 16.30 Uhr<\/b><br \/>\n\n<\/p>\n<table class=\"wikitable\">\n<caption><b><big>Wacker Wien gegen SV Austria Salzburg, 2:0<\/big><\/b><br \/>\n<\/caption>\n<tbody>\n<tr>\n<td>Aufstellung:<\/td>\n<td><a href=\"\/Ersoy_S%C3%BCkr%C3%BC\" title=\"Ersoy S\u00fckr\u00fc\">Ersoy S\u00fckr\u00fc<\/a>; <a href=\"\/Rudolf_Buchner\" title=\"Rudolf Buchner\">Rudolf Buchner<\/a>, <a href=\"\/Karl_Karel\" title=\"Karl Karel\">Karl Karel<\/a>, <a href=\"\/Konrad_Sarcher\" title=\"Konrad Sarcher\">Konrad Sarcher<\/a>  <a href=\"\/Josef_H%C3%B6ckner\" title=\"Josef H\u00f6ckner\">Josef H\u00f6ckner<\/a>; <a href=\"\/G%C3%BCnter_Praschak\" title=\"G\u00fcnter Praschak\">G\u00fcnter Praschak<\/a>; <br \/><a href=\"\/Johann_Gegenhuber\" title=\"Johann Gegenhuber\">Johann Gegenhuber<\/a>, <a href=\"\/Franz_Kappl\" title=\"Franz Kappl\">Franz Kappl<\/a>, <a href=\"\/Rudolf_Pichler\" title=\"Rudolf Pichler\">Rudolf Pichler<\/a>; <a href=\"\/Klaus_Kuhnert\" title=\"Klaus Kuhnert\">Klaus Kuhnert<\/a>, <a href=\"\/Adolf_Macek\" title=\"Adolf Macek\">Adolf Macek<\/a>\n<\/td>\n<\/tr>\n<tr>\n<td>Wechsel:<\/td>\n<td>\n<\/td>\n<\/tr>\n<tr>\n<td>Endstand:<\/td>\n<td>2:0 (1:0)\n<\/td>\n<\/tr>\n<tr>\n<td>Torsch\u00fctzen:<\/td>\n<td>Brousek  (11.), Nikischer I (47.)\n<\/td>\n<\/tr>\n<tr>\n<td>Gelbe Karten:<\/td>\n<td>\n<\/td>\n<\/tr>\n<tr>\n<td>Gelb-rote Karten:<\/td>\n<td>\n<\/td>\n<\/tr>\n<tr>\n<td>Rote Karten:<\/td>\n<td>\n<\/td>\n<\/tr>\n<tr>\n<td>Schiedsrichter:<\/td>\n<td>Karl Kainer\n<\/td>\n<\/tr>\n<tr>\n<td>Stadion:<\/td>\n<td>Wacker Platz, Wien\n<\/td>\n<\/tr>\n<tr>\n<td>Zuschauer:<\/td>\n<td>6 000\n<\/td>\n<\/tr>\n<\/tbody>\n<\/table>\n<\/div>\n","protected":false},"excerpt":{"rendered":"<p>FaktenBearbeiten] Staatsliga A- 25. Spieltag: 13. Juni 1963, 16.30 Uhr Wacker Wien gegen SV Austria Salzburg, 2:0 Aufstellung: Ersoy S\u00fckr\u00fc; Rudolf Buchner, Karl Karel, Konrad Sarcher Josef H\u00f6ckner; G\u00fcnter Praschak; Johann Gegenhuber, Franz Kappl, Rudolf Pichler; Klaus Kuhnert, Adolf Macek Wechsel: Endstand: 2:0 (1:0) Torsch\u00fctzen: Brousek (11.), Nikischer I (47.) Gelbe Karten: Gelb-rote Karten: Rote [&hellip;]<\/p>\n","protected":false},"author":1,"featured_media":0,"comment_status":"open","ping_status":"open","sticky":false,"template":"","format":"standard","meta":{"footnotes":""},"categories":[1174],"tags":[],"class_list":["post-1499","post","type-post","status-publish","format-standard","hentry","category-25-runde-staatsliga-a-saison-1962"],"_links":{"self":[{"href":"https:\/\/wiki.s12.at\/index.php\/wp-json\/wp\/v2\/posts\/1499","targetHints":{"allow":["GET"]}}],"collection":[{"href":"https:\/\/wiki.s12.at\/index.php\/wp-json\/wp\/v2\/posts"}],"about":[{"href":"https:\/\/wiki.s12.at\/index.php\/wp-json\/wp\/v2\/types\/post"}],"author":[{"embeddable":true,"href":"https:\/\/wiki.s12.at\/index.php\/wp-json\/wp\/v2\/users\/1"}],"replies":[{"embeddable":true,"href":"https:\/\/wiki.s12.at\/index.php\/wp-json\/wp\/v2\/comments?post=1499"}],"version-history":[{"count":0,"href":"https:\/\/wiki.s12.at\/index.php\/wp-json\/wp\/v2\/posts\/1499\/revisions"}],"wp:attachment":[{"href":"https:\/\/wiki.s12.at\/index.php\/wp-json\/wp\/v2\/media?parent=1499"}],"wp:term":[{"taxonomy":"category","embeddable":true,"href":"https:\/\/wiki.s12.at\/index.php\/wp-json\/wp\/v2\/categories?post=1499"},{"taxonomy":"post_tag","embeddable":true,"href":"https:\/\/wiki.s12.at\/index.php\/wp-json\/wp\/v2\/tags?post=1499"}],"curies":[{"name":"wp","href":"https:\/\/api.w.org\/{rel}","templated":true}]}}